{"id":1739,"date":"2014-01-30T17:24:47","date_gmt":"2014-01-30T17:24:47","guid":{"rendered":"http:\/\/blogs.hoy.es\/dicestudemili\/?p=1739"},"modified":"2014-01-30T17:24:47","modified_gmt":"2014-01-30T17:24:47","slug":"se-crea-la-asociacion-amigos-del-cir-cuando-se-prepara-el-50-aniversario","status":"publish","type":"post","link":"https:\/\/blogs.hoy.es\/dicestudemili\/2014\/01\/30\/se-crea-la-asociacion-amigos-del-cir-cuando-se-prepara-el-50-aniversario\/","title":{"rendered":"Se crea la Asociaci\u00f3n Amigos del CIR cuando se prepara el 50 aniversario del Centro"},"content":{"rendered":"<div id=\"attachment_1740\" style=\"width: 690px\" class=\"wp-caption aligncenter\"><a href=\"\/dicestudemili\/wp-content\/uploads\/sites\/57\/2014\/01\/bel\u00e9n.jpg\"><img aria-describedby=\"caption-attachment-1740\" loading=\"lazy\" class=\" wp-image-1740 \" title=\"Foto de 1987 con tres militares posando con el bel\u00e9n de la 8\u00aa Compa\u00f1\u00eda.\" src=\"\/dicestudemili\/wp-content\/uploads\/sites\/57\/2014\/01\/bel\u00e9n.jpg\" alt=\"Foto de 1987 con tres militares posando con el bel\u00e9n de la 8\u00aa Compa\u00f1\u00eda.\" width=\"680\" height=\"442\" srcset=\"https:\/\/static-blogs.hoy.es\/wp-content\/uploads\/sites\/57\/2014\/01\/bel\u00e9n.jpg 756w, https:\/\/static-blogs.hoy.es\/wp-content\/uploads\/sites\/57\/2014\/01\/bel\u00e9n-300x195.jpg 300w\" sizes=\"(max-width: 680px) 100vw, 680px\" \/><\/a><p id=\"caption-attachment-1740\" class=\"wp-caption-text\">Foto de 1978 con tres militares posando con el bel\u00e9n de la 8\u00aa Compa\u00f1\u00eda.<\/p><\/div>\n<p>&nbsp;<\/p>\n<p>&#8220;<em>Muchos han conocido la ciudad de C\u00e1ceres cuando eran reclutas, y luego han vuelto con su familia. En los centros tur\u00edsticos de la ciudad, cuando le preguntan a los visitantes el motivo de venir a C\u00e1ceres, muchos se\u00f1alan que vienen porque aqui hicieron la mili<\/em>&#8220;, comenta <strong>C\u00e9sar Garc\u00eda<\/strong>, presidente de la reci\u00e9n creada <strong>Asociaci\u00f3n Socio-cultural Amigos del CIR de C\u00e1ceres<\/strong>.<\/p>\n<p>La Asociaci\u00f3n se present\u00f3 p\u00fablicamente el pasado mes de diciembre, indicando que busca potenciar los lazos entre el Ej\u00e9rcito y la ciudad de C\u00e1ceres, por donde han pasado medio mill\u00f3n de j\u00f3venes para hacer el servicio militar obligatorio. La nueva asociaci\u00f3n, entre otras actividades, estudiar\u00e1 la historia militar de la ciudad, restaurar\u00e1 fondos hist\u00f3ricos y colaborar\u00e1 con el <strong>Aula Militar<\/strong> que organiza en C\u00e1ceres el <strong>Cefot<\/strong>. La foto siguiente es de la presentaci\u00f3n de la Asociaci\u00f3n en el <strong>Hotel \u00c1gora<\/strong> de C\u00e1ceres. De izquierda de derecha se encuentran: <strong>Belisario Campo del Arco<\/strong>, tesorero; <strong>C\u00e9sar Garc\u00eda<\/strong>, presidente; <strong>Antol\u00edn Galindo Hern\u00e1ndez<\/strong>, vicepresidente; y <strong>Felipe Gonz\u00e1lez Sanguino<\/strong>, secretario.<\/p>\n<p>&nbsp;<\/p>\n<p>&nbsp;<\/p>\n<p><a href=\"\/dicestudemili\/wp-content\/uploads\/sites\/57\/2014\/01\/cir1.jpg\"><img loading=\"lazy\" class=\" wp-image-1743  \" title=\"De izquierda a derecha: Belisario Campo, C\u00e9sar Garc\u00eda, Antol\u00edn Galindo y Felipe Gonz\u00e1lez.\" src=\"\/dicestudemili\/wp-content\/uploads\/sites\/57\/2014\/01\/cir1.jpg\" alt=\"De izquierda a derecha: Belisario Campo, C\u00e9sar Garc\u00eda, Antol\u00edn Galindo y Felipe Gonz\u00e1lez.\" width=\"680\" height=\"285\" srcset=\"https:\/\/static-blogs.hoy.es\/wp-content\/uploads\/sites\/57\/2014\/01\/cir1.jpg 945w, https:\/\/static-blogs.hoy.es\/wp-content\/uploads\/sites\/57\/2014\/01\/cir1-300x126.jpg 300w, https:\/\/static-blogs.hoy.es\/wp-content\/uploads\/sites\/57\/2014\/01\/cir1-768x322.jpg 768w\" sizes=\"(max-width: 680px) 100vw, 680px\" \/><\/a><\/p>\n<div class=\"mceTemp mceIEcenter\">\n<dl id=\"attachment_1743\" class=\"wp-caption aligncenter\" style=\"width: 690px;\">\n<dd class=\"wp-caption-dd\">De izquierda a derecha: Belisario Campo, C\u00e9sar Garc\u00eda, Antol\u00edn Galindo y Felipe Gonz\u00e1lez.<\/dd>\n<\/dl>\n<\/div>\n<p>&nbsp;<\/p>\n<p>La Asociaci\u00f3n Amigos del CIR de C\u00e1ceres ayudar\u00e1 tambi\u00e9n a organizar los actos que tendr\u00e1n lugar este a\u00f1o con motivo del <strong>50 aniversario de la creaci\u00f3n del CIR de C\u00e1ceres<\/strong>, en donde se proyectan actividades en las que intervengan personas que quieran recordar su pasado como recluta en C\u00e1ceres. La cuota para pertenecer a la Asociaci\u00f3n es de 15 euros, pudiendo entrar en la asociaci\u00f3n cualquer persona interesada. Se puede pedir m\u00e1s informaci\u00f3n en el correo del secretario: belisariocampo@hotmail.es. En la foto siguiente se encuetnran algunos de los miembros de la Junta directiva. En la primera l\u00ednea, de izqueirda a derecha se est\u00e1n: <strong>Belisario Campo del Arco<\/strong>, <strong>C\u00e9sar Garc\u00eda<\/strong> y <strong>Antol\u00edn Galindo Hern\u00e1ndez;<\/strong> en la segunda l\u00ednea,<strong> S\u00e1ntos Ben\u00edtez<\/strong>, <strong>Samuel Holgado<\/strong> y <strong>Manuel Bre\u00f1a<\/strong>; en la tercera l\u00ednea, <strong>Felipe Gonz\u00e1lez Sanguino<\/strong>, <strong>Domingo Nevado Guerra<\/strong>, <strong>Sergio Lorenzo<\/strong> y<strong> Juan Carlos Fer\u00e1ndez Rinc\u00f3n<\/strong>.<\/p>\n<p>&nbsp;<\/p>\n<div id=\"attachment_1741\" style=\"width: 655px\" class=\"wp-caption aligncenter\"><a href=\"\/dicestudemili\/wp-content\/uploads\/sites\/57\/2014\/01\/cir2.jpg\"><img aria-describedby=\"caption-attachment-1741\" loading=\"lazy\" class=\" wp-image-1741  \" title=\"Miembros de la junta directiva de la nueva asociaci\u00f3n.\" src=\"\/dicestudemili\/wp-content\/uploads\/sites\/57\/2014\/01\/cir2.jpg\" alt=\"Miembros de la junta directiva de la nueva asociaci\u00f3n.\" width=\"645\" height=\"475\" srcset=\"https:\/\/static-blogs.hoy.es\/wp-content\/uploads\/sites\/57\/2014\/01\/cir2.jpg 1339w, https:\/\/static-blogs.hoy.es\/wp-content\/uploads\/sites\/57\/2014\/01\/cir2-300x221.jpg 300w, https:\/\/static-blogs.hoy.es\/wp-content\/uploads\/sites\/57\/2014\/01\/cir2-768x566.jpg 768w, https:\/\/static-blogs.hoy.es\/wp-content\/uploads\/sites\/57\/2014\/01\/cir2-1024x754.jpg 1024w\" sizes=\"(max-width: 645px) 100vw, 645px\" \/><\/a><p id=\"caption-attachment-1741\" class=\"wp-caption-text\">Miembros de la junta directiva de la nueva asociaci\u00f3n.<\/p><\/div>\n<!-- AddThis Advanced Settings generic via filter on the_content --><!-- AddThis Share Buttons generic via filter on the_content -->","protected":false},"excerpt":{"rendered":"<p>&nbsp; &#8220;Muchos han conocido la ciudad de C\u00e1ceres cuando eran reclutas, y luego han vuelto con su familia. En los centros tur\u00edsticos de la ciudad, cuando le preguntan a los visitantes el motivo de venir a C\u00e1ceres, muchos se\u00f1alan que vienen porque aqui hicieron la mili&#8220;, comenta C\u00e9sar Garc\u00eda, presidente de la reci\u00e9n creada Asociaci\u00f3n [&hellip;]<!-- AddThis Advanced Settings generic via filter on get_the_excerpt --><!-- AddThis Share Buttons generic via filter on get_the_excerpt --><\/p>\n","protected":false},"author":62,"featured_media":0,"comment_status":"open","ping_status":"closed","sticky":false,"template":"","format":"standard","meta":[],"categories":[2],"tags":[87,113,117,134,195,310,441,497,720,784,842,1003,1011,1049],"_links":{"self":[{"href":"https:\/\/blogs.hoy.es\/dicestudemili\/wp-json\/wp\/v2\/posts\/1739"}],"collection":[{"href":"https:\/\/blogs.hoy.es\/dicestudemili\/wp-json\/wp\/v2\/posts"}],"about":[{"href":"https:\/\/blogs.hoy.es\/dicestudemili\/wp-json\/wp\/v2\/types\/post"}],"author":[{"embeddable":true,"href":"https:\/\/blogs.hoy.es\/dicestudemili\/wp-json\/wp\/v2\/users\/62"}],"replies":[{"embeddable":true,"href":"https:\/\/blogs.hoy.es\/dicestudemili\/wp-json\/wp\/v2\/comments?post=1739"}],"version-history":[{"count":0,"href":"https:\/\/blogs.hoy.es\/dicestudemili\/wp-json\/wp\/v2\/posts\/1739\/revisions"}],"wp:attachment":[{"href":"https:\/\/blogs.hoy.es\/dicestudemili\/wp-json\/wp\/v2\/media?parent=1739"}],"wp:term":[{"taxonomy":"category","embeddable":true,"href":"https:\/\/blogs.hoy.es\/dicestudemili\/wp-json\/wp\/v2\/categories?post=1739"},{"taxonomy":"post_tag","embeddable":true,"href":"https:\/\/blogs.hoy.es\/dicestudemili\/wp-json\/wp\/v2\/tags?post=1739"}],"curies":[{"name":"wp","href":"https:\/\/api.w.org\/{rel}","templated":true}]}}