{"id":1745,"date":"2014-02-07T08:04:08","date_gmt":"2014-02-07T08:04:08","guid":{"rendered":"http:\/\/blogs.hoy.es\/dicestudemili\/?p=1745"},"modified":"2014-02-07T08:04:08","modified_gmt":"2014-02-07T08:04:08","slug":"fernando-benavides-en-el-cimov-comparti-grandes-momentos","status":"publish","type":"post","link":"https:\/\/blogs.hoy.es\/dicestudemili\/2014\/02\/07\/fernando-benavides-en-el-cimov-comparti-grandes-momentos\/","title":{"rendered":"Fernando Benavides Moreno: &#8220;En el CIMOV compart\u00ed grandes momentos&#8221;"},"content":{"rendered":"<div id=\"attachment_1746\" style=\"width: 574px\" class=\"wp-caption aligncenter\"><a href=\"\/dicestudemili\/wp-content\/uploads\/sites\/57\/2014\/02\/1-Mi-Escuadra-de-Gastadores.jpg\"><img aria-describedby=\"caption-attachment-1746\" loading=\"lazy\" class=\"size-full wp-image-1746\" title=\"Con la escuadra de Gastadores.\" src=\"\/dicestudemili\/wp-content\/uploads\/sites\/57\/2014\/02\/1-Mi-Escuadra-de-Gastadores.jpg\" alt=\"Con la escuadra de Gastadores.\" width=\"564\" height=\"476\" srcset=\"https:\/\/static-blogs.hoy.es\/wp-content\/uploads\/sites\/57\/2014\/02\/1-Mi-Escuadra-de-Gastadores.jpg 564w, https:\/\/static-blogs.hoy.es\/wp-content\/uploads\/sites\/57\/2014\/02\/1-Mi-Escuadra-de-Gastadores-300x253.jpg 300w\" sizes=\"(max-width: 564px) 100vw, 564px\" \/><\/a><p id=\"caption-attachment-1746\" class=\"wp-caption-text\">Con la escuadra de Gastadores.<\/p><\/div>\n<p>&nbsp;<\/p>\n<p><em>Me llamo <strong>Fernando Benavides Moreno<\/strong> y les env\u00edo algunas fotos y recortes de prensa de mi paso por el CIMOV, donde tuve la oportunidad de compartir grandes momentos durante los casi 5 a\u00f1os que pas\u00e9 destinado all\u00ed. La fotograf\u00eda de arriba es de la <strong>escuadra de Gastadores<\/strong> en una jura de bandera del a\u00f1o 2000. La siguiente es de una jura del a\u00f1o 1999.<\/em><\/p>\n<p>&nbsp;<\/p>\n<div id=\"attachment_1747\" style=\"width: 498px\" class=\"wp-caption aligncenter\"><a href=\"\/dicestudemili\/wp-content\/uploads\/sites\/57\/2014\/02\/2-Una-de-las-muchas-Juras-de-Bandera.jpg\"><img aria-describedby=\"caption-attachment-1747\" loading=\"lazy\" class=\"size-full wp-image-1747\" title=\"En una jura de bandera.\" src=\"\/dicestudemili\/wp-content\/uploads\/sites\/57\/2014\/02\/2-Una-de-las-muchas-Juras-de-Bandera.jpg\" alt=\"En una jura de bandera.\" width=\"488\" height=\"686\" srcset=\"https:\/\/static-blogs.hoy.es\/wp-content\/uploads\/sites\/57\/2014\/02\/2-Una-de-las-muchas-Juras-de-Bandera.jpg 488w, https:\/\/static-blogs.hoy.es\/wp-content\/uploads\/sites\/57\/2014\/02\/2-Una-de-las-muchas-Juras-de-Bandera-213x300.jpg 213w\" sizes=\"(max-width: 488px) 100vw, 488px\" \/><\/a><p id=\"caption-attachment-1747\" class=\"wp-caption-text\">En una jura de bandera en 1999.<\/p><\/div>\n<p>&nbsp;<\/p>\n<p><em>La siguiente es de la <strong>exposici\u00f3n sobre &#8216;Las nuevas Fuerzas Armadas Profesionales&#8217;<\/strong>, que se llev\u00f3 a cabo en el Complejo Cultural San Francisco de C\u00e1ceres, desde el <strong>17 al 27 de noviembre de 1998<\/strong>. En dicha exposici\u00f3n estuvieron representados los 3 ej\u00e9rcitos, con militares procedentes de otras regiones, y por supuesto estuvo representado el CIMOV (en mi persona y en varios compa\u00f1eros m\u00e1s).<\/em><\/p>\n<p>&nbsp;<\/p>\n<div id=\"attachment_1748\" style=\"width: 664px\" class=\"wp-caption aligncenter\"><a href=\"\/dicestudemili\/wp-content\/uploads\/sites\/57\/2014\/02\/3-Exposici\u00f3n-Las-Nuevas-FAAS-Profesionals-de-Espa\u00f1a.jpg\"><img aria-describedby=\"caption-attachment-1748\" loading=\"lazy\" class=\"size-full wp-image-1748\" title=\"Exposici\u00f3n 'Las Nuevas Fuerzas Armadas Profesionales de Espa\u00f1a'.\" src=\"\/dicestudemili\/wp-content\/uploads\/sites\/57\/2014\/02\/3-Exposici\u00f3n-Las-Nuevas-FAAS-Profesionals-de-Espa\u00f1a.jpg\" alt=\"Exposici\u00f3n 'Las Nuevas Fuerzas Armadas Profesionales de Espa\u00f1a'.\" width=\"654\" height=\"472\" srcset=\"https:\/\/static-blogs.hoy.es\/wp-content\/uploads\/sites\/57\/2014\/02\/3-Exposici\u00f3n-Las-Nuevas-FAAS-Profesionals-de-Espa\u00f1a.jpg 654w, https:\/\/static-blogs.hoy.es\/wp-content\/uploads\/sites\/57\/2014\/02\/3-Exposici\u00f3n-Las-Nuevas-FAAS-Profesionals-de-Espa\u00f1a-300x217.jpg 300w\" sizes=\"(max-width: 654px) 100vw, 654px\" \/><\/a><p id=\"caption-attachment-1748\" class=\"wp-caption-text\">Exposici\u00f3n &#39;Las nuevas Fuerzas Armadas Profesionales de Espa\u00f1a&#39;.<\/p><\/div>\n<p>&nbsp;<\/p>\n<p><em>Este es un recorte de prensa de <strong>mayo del 2000<\/strong>. Creo que del d\u00eda 12, concretamente. Aqu\u00ed aparece la representaci\u00f3n del CIMOV que ese a\u00f1o particip\u00f3 (y en su mayor\u00eda termin\u00f3) en la <strong>5\u00aa edici\u00f3n de los 101 kil\u00f3metros de Ronda<\/strong>, famosa prueba que a\u00f1o tras a\u00f1o organiza la <strong>Legi\u00f3n<\/strong>.<\/em><\/p>\n<p>&nbsp;<\/p>\n<div id=\"attachment_1749\" style=\"width: 441px\" class=\"wp-caption aligncenter\"><a href=\"\/dicestudemili\/wp-content\/uploads\/sites\/57\/2014\/02\/4-101Km_121314-Mayo-2000.jpg\"><img aria-describedby=\"caption-attachment-1749\" loading=\"lazy\" class=\"size-large wp-image-1749\" title=\"Recorte de prensa de mayo del 2000.\" src=\"\/dicestudemili\/wp-content\/uploads\/sites\/57\/2014\/02\/4-101Km_121314-Mayo-2000.jpg\" alt=\"Recorte de prensa de mayo del 2000.\" width=\"431\" height=\"1024\" srcset=\"https:\/\/static-blogs.hoy.es\/wp-content\/uploads\/sites\/57\/2014\/02\/4-101Km_121314-Mayo-2000.jpg 512w, https:\/\/static-blogs.hoy.es\/wp-content\/uploads\/sites\/57\/2014\/02\/4-101Km_121314-Mayo-2000-126x300.jpg 126w, https:\/\/static-blogs.hoy.es\/wp-content\/uploads\/sites\/57\/2014\/02\/4-101Km_121314-Mayo-2000-431x1024.jpg 431w\" sizes=\"(max-width: 431px) 100vw, 431px\" \/><\/a><p id=\"caption-attachment-1749\" class=\"wp-caption-text\">Recorte de prensa de mayo del 2000.<\/p><\/div>\n<p>&nbsp;<\/p>\n<p><em>Un saludo.<\/em><\/p>\n<!-- AddThis Advanced Settings generic via filter on the_content --><!-- AddThis Share Buttons generic via filter on the_content -->","protected":false},"excerpt":{"rendered":"<p>&nbsp; Me llamo Fernando Benavides Moreno y les env\u00edo algunas fotos y recortes de prensa de mi paso por el CIMOV, donde tuve la oportunidad de compartir grandes momentos durante los casi 5 a\u00f1os que pas\u00e9 destinado all\u00ed. La fotograf\u00eda de arriba es de la escuadra de Gastadores en una jura de bandera del a\u00f1o [&hellip;]<!-- AddThis Advanced Settings generic via filter on get_the_excerpt --><!-- AddThis Share Buttons generic via filter on get_the_excerpt --><\/p>\n","protected":false},"author":62,"featured_media":0,"comment_status":"open","ping_status":"closed","sticky":false,"template":"","format":"standard","meta":[],"categories":[6],"tags":[12,195,319,483,504,554,756,842,871],"_links":{"self":[{"href":"https:\/\/blogs.hoy.es\/dicestudemili\/wp-json\/wp\/v2\/posts\/1745"}],"collection":[{"href":"https:\/\/blogs.hoy.es\/dicestudemili\/wp-json\/wp\/v2\/posts"}],"about":[{"href":"https:\/\/blogs.hoy.es\/dicestudemili\/wp-json\/wp\/v2\/types\/post"}],"author":[{"embeddable":true,"href":"https:\/\/blogs.hoy.es\/dicestudemili\/wp-json\/wp\/v2\/users\/62"}],"replies":[{"embeddable":true,"href":"https:\/\/blogs.hoy.es\/dicestudemili\/wp-json\/wp\/v2\/comments?post=1745"}],"version-history":[{"count":0,"href":"https:\/\/blogs.hoy.es\/dicestudemili\/wp-json\/wp\/v2\/posts\/1745\/revisions"}],"wp:attachment":[{"href":"https:\/\/blogs.hoy.es\/dicestudemili\/wp-json\/wp\/v2\/media?parent=1745"}],"wp:term":[{"taxonomy":"category","embeddable":true,"href":"https:\/\/blogs.hoy.es\/dicestudemili\/wp-json\/wp\/v2\/categories?post=1745"},{"taxonomy":"post_tag","embeddable":true,"href":"https:\/\/blogs.hoy.es\/dicestudemili\/wp-json\/wp\/v2\/tags?post=1745"}],"curies":[{"name":"wp","href":"https:\/\/api.w.org\/{rel}","templated":true}]}}