{"id":175,"date":"2012-11-30T08:33:09","date_gmt":"2012-11-30T08:33:09","guid":{"rendered":"http:\/\/blogs.hoy.es\/dicestudemili\/?p=175"},"modified":"2012-11-30T08:33:09","modified_gmt":"2012-11-30T08:33:09","slug":"1968-paracaidistas-en-el-ferial","status":"publish","type":"post","link":"https:\/\/blogs.hoy.es\/dicestudemili\/2012\/11\/30\/1968-paracaidistas-en-el-ferial\/","title":{"rendered":"1968: Paracaidistas en el Ferial"},"content":{"rendered":"<div id=\"attachment_176\" style=\"width: 673px\" class=\"wp-caption aligncenter\"><a href=\"\/dicestudemili\/wp-content\/uploads\/sites\/57\/2012\/11\/1968.-CACERES.-DURANTE-LA-FASE-DE-CAPTACION-EXHIBICION-PARACA.jpg\"><img aria-describedby=\"caption-attachment-176\" loading=\"lazy\" class=\" wp-image-176   \" title=\"Exhibici\u00f3n en el antiguo campo de aviaci\u00f3n.\" src=\"\/dicestudemili\/wp-content\/uploads\/sites\/57\/2012\/11\/1968.-CACERES.-DURANTE-LA-FASE-DE-CAPTACION-EXHIBICION-PARACA.jpg\" alt=\"Exhibici\u00f3n en el antiguo campo de aviaci\u00f3n.\" width=\"663\" height=\"374\" srcset=\"https:\/\/static-blogs.hoy.es\/wp-content\/uploads\/sites\/57\/2012\/11\/1968.-CACERES.-DURANTE-LA-FASE-DE-CAPTACION-EXHIBICION-PARACA.jpg 1314w, https:\/\/static-blogs.hoy.es\/wp-content\/uploads\/sites\/57\/2012\/11\/1968.-CACERES.-DURANTE-LA-FASE-DE-CAPTACION-EXHIBICION-PARACA-300x169.jpg 300w, https:\/\/static-blogs.hoy.es\/wp-content\/uploads\/sites\/57\/2012\/11\/1968.-CACERES.-DURANTE-LA-FASE-DE-CAPTACION-EXHIBICION-PARACA-768x433.jpg 768w, https:\/\/static-blogs.hoy.es\/wp-content\/uploads\/sites\/57\/2012\/11\/1968.-CACERES.-DURANTE-LA-FASE-DE-CAPTACION-EXHIBICION-PARACA-1024x577.jpg 1024w\" sizes=\"(max-width: 663px) 100vw, 663px\" \/><\/a><p id=\"caption-attachment-176\" class=\"wp-caption-text\">Exhibici\u00f3n en el antiguo campo de aviaci\u00f3n.<\/p><\/div>\n<p>Para ense\u00f1ar a los reclutas las posibilidades del Ej\u00e9rcito, en C\u00e1ceres se hac\u00edan exhibiciones como la realizada este a\u00f1o por la <strong>Brigada Paracaidista de Alcal\u00e1 de Henares<\/strong> en el antiguo campo de aviaci\u00f3n, actual Ferial de la ciudad. En la imagen, al fondo a la izquierda, se puede ver una de las minas de Aldea Moret.<\/p>\n<p>&nbsp;<\/p>\n<p>En la siguiente fotograf\u00eda los reclutas est\u00e1n haciendo maniobras en el suelo con el fusil. Est\u00e1 publicada en el libro &#8216;C\u00e1ceres 1886-1986&#8217; de<strong> Jos\u00e9 A. Rubio<\/strong>.<\/p>\n<div id=\"attachment_178\" style=\"width: 504px\" class=\"wp-caption aligncenter\"><a href=\"\/dicestudemili\/wp-content\/uploads\/sites\/57\/2012\/11\/1968-maniobras1.jpg\"><img aria-describedby=\"caption-attachment-178\" loading=\"lazy\" class=\" wp-image-178  \" title=\"Maniobras en el CIR.\" src=\"\/dicestudemili\/wp-content\/uploads\/sites\/57\/2012\/11\/1968-maniobras1.jpg\" alt=\"Maniobras en el CIR.\" width=\"494\" height=\"346\" srcset=\"https:\/\/static-blogs.hoy.es\/wp-content\/uploads\/sites\/57\/2012\/11\/1968-maniobras1.jpg 883w, https:\/\/static-blogs.hoy.es\/wp-content\/uploads\/sites\/57\/2012\/11\/1968-maniobras1-300x210.jpg 300w, https:\/\/static-blogs.hoy.es\/wp-content\/uploads\/sites\/57\/2012\/11\/1968-maniobras1-768x538.jpg 768w\" sizes=\"(max-width: 494px) 100vw, 494px\" \/><\/a><p id=\"caption-attachment-178\" class=\"wp-caption-text\">Maniobras en el CIR.<\/p><\/div>\n<p>&nbsp;<\/p>\n<p>Uno de los reclutas que estuvo este a\u00f1o en C\u00e1ceres fue <strong>Felipe Diego<\/strong>, que ha dejado este testimonio en el blog<strong> &#8216;Historias del Pardo&#8217;<\/strong>:<\/p>\n<p><em>&#8220;Recuerdo mi llegada al CIR n\u00ba 3 en mayo de 1968. Mes y medio en el cuartel y otro tanto en el campamento reci\u00e9n inaugurado. Estaba el <strong>teniente Etayo<\/strong> y el <strong>capit\u00e1n Luis Rey Amaro<\/strong>. En el campamento se hac\u00eda la comida para el cuartel y se bajaba en camiones. Entra\u00f1ables recuerdos. Despu\u00e9s de la Jura alquilamos un Avia para venir a <strong>Asturias<\/strong>. El taxista se apellidaba <strong>Royo Monz\u00f3n<\/strong>. Conservo todos los datos y documentos de aquella \u00e9poca. En 1998 volv\u00ed con mi familia a recordar aquello. Quise entrar con el pertinente permiso, pero no pudo ser.&#8221;<\/em><\/p>\n<p>&nbsp;<\/p>\n<p>La siguiente imagen, cedida por el <strong>Cefot<\/strong>, es de una jura en el momento de la misa.<\/p>\n<div id=\"attachment_179\" style=\"width: 685px\" class=\"wp-caption aligncenter\"><a href=\"\/dicestudemili\/wp-content\/uploads\/sites\/57\/2012\/11\/1968.-CACERES.-LA-FUERZA-EN-FORMACION-RINDE-ARMAS-EN-EL-MOMENT.jpg\"><img aria-describedby=\"caption-attachment-179\" loading=\"lazy\" class=\" wp-image-179  \" title=\"Los nuevos soldados en formaci\u00f3n en una jura de bandera.\" src=\"\/dicestudemili\/wp-content\/uploads\/sites\/57\/2012\/11\/1968.-CACERES.-LA-FUERZA-EN-FORMACION-RINDE-ARMAS-EN-EL-MOMENT.jpg\" alt=\"Los nuevos soldados en formaci\u00f3n en una jura de bandera.\" width=\"675\" height=\"205\" srcset=\"https:\/\/static-blogs.hoy.es\/wp-content\/uploads\/sites\/57\/2012\/11\/1968.-CACERES.-LA-FUERZA-EN-FORMACION-RINDE-ARMAS-EN-EL-MOMENT.jpg 3296w, https:\/\/static-blogs.hoy.es\/wp-content\/uploads\/sites\/57\/2012\/11\/1968.-CACERES.-LA-FUERZA-EN-FORMACION-RINDE-ARMAS-EN-EL-MOMENT-300x91.jpg 300w, https:\/\/static-blogs.hoy.es\/wp-content\/uploads\/sites\/57\/2012\/11\/1968.-CACERES.-LA-FUERZA-EN-FORMACION-RINDE-ARMAS-EN-EL-MOMENT-768x233.jpg 768w, https:\/\/static-blogs.hoy.es\/wp-content\/uploads\/sites\/57\/2012\/11\/1968.-CACERES.-LA-FUERZA-EN-FORMACION-RINDE-ARMAS-EN-EL-MOMENT-1024x311.jpg 1024w\" sizes=\"(max-width: 675px) 100vw, 675px\" \/><\/a><p id=\"caption-attachment-179\" class=\"wp-caption-text\">Los nuevos soldados en formaci\u00f3n en una jura de bandera.<\/p><\/div>\n<p>&nbsp;<\/p>\n<!-- AddThis Advanced Settings generic via filter on the_content --><!-- AddThis Share Buttons generic via filter on the_content -->","protected":false},"excerpt":{"rendered":"<p>Para ense\u00f1ar a los reclutas las posibilidades del Ej\u00e9rcito, en C\u00e1ceres se hac\u00edan exhibiciones como la realizada este a\u00f1o por la Brigada Paracaidista de Alcal\u00e1 de Henares en el antiguo campo de aviaci\u00f3n, actual Ferial de la ciudad. En la imagen, al fondo a la izquierda, se puede ver una de las minas de Aldea [&hellip;]<!-- AddThis Advanced Settings generic via filter on get_the_excerpt --><!-- AddThis Share Buttons generic via filter on get_the_excerpt --><\/p>\n","protected":false},"author":52,"featured_media":0,"comment_status":"open","ping_status":"closed","sticky":false,"template":"","format":"standard","meta":[],"categories":[3],"tags":[154,253,495,994,1112],"_links":{"self":[{"href":"https:\/\/blogs.hoy.es\/dicestudemili\/wp-json\/wp\/v2\/posts\/175"}],"collection":[{"href":"https:\/\/blogs.hoy.es\/dicestudemili\/wp-json\/wp\/v2\/posts"}],"about":[{"href":"https:\/\/blogs.hoy.es\/dicestudemili\/wp-json\/wp\/v2\/types\/post"}],"author":[{"embeddable":true,"href":"https:\/\/blogs.hoy.es\/dicestudemili\/wp-json\/wp\/v2\/users\/52"}],"replies":[{"embeddable":true,"href":"https:\/\/blogs.hoy.es\/dicestudemili\/wp-json\/wp\/v2\/comments?post=175"}],"version-history":[{"count":0,"href":"https:\/\/blogs.hoy.es\/dicestudemili\/wp-json\/wp\/v2\/posts\/175\/revisions"}],"wp:attachment":[{"href":"https:\/\/blogs.hoy.es\/dicestudemili\/wp-json\/wp\/v2\/media?parent=175"}],"wp:term":[{"taxonomy":"category","embeddable":true,"href":"https:\/\/blogs.hoy.es\/dicestudemili\/wp-json\/wp\/v2\/categories?post=175"},{"taxonomy":"post_tag","embeddable":true,"href":"https:\/\/blogs.hoy.es\/dicestudemili\/wp-json\/wp\/v2\/tags?post=175"}],"curies":[{"name":"wp","href":"https:\/\/api.w.org\/{rel}","templated":true}]}}