{"id":1753,"date":"2014-02-14T08:06:51","date_gmt":"2014-02-14T08:06:51","guid":{"rendered":"http:\/\/blogs.hoy.es\/dicestudemili\/?p=1753"},"modified":"2014-02-14T08:06:51","modified_gmt":"2014-02-14T08:06:51","slug":"los-reclutas-de-caceres-y-cupido","status":"publish","type":"post","link":"https:\/\/blogs.hoy.es\/dicestudemili\/2014\/02\/14\/los-reclutas-de-caceres-y-cupido\/","title":{"rendered":"Los reclutas de C\u00e1ceres y Cupido"},"content":{"rendered":"<div id=\"attachment_1754\" style=\"width: 669px\" class=\"wp-caption aligncenter\"><a href=\"\/dicestudemili\/wp-content\/uploads\/sites\/57\/2014\/02\/cupidoverano-80.jpg\"><img aria-describedby=\"caption-attachment-1754\" loading=\"lazy\" class=\" wp-image-1754 \" title=\"Fotograf\u00eda que env\u00eda Jos\u00e9 Luis del verano de 1980.\" src=\"\/dicestudemili\/wp-content\/uploads\/sites\/57\/2014\/02\/cupidoverano-80.jpg\" alt=\"Fotograf\u00eda que env\u00eda Jos\u00e9 Luis del verano de 1980.\" width=\"659\" height=\"442\" srcset=\"https:\/\/static-blogs.hoy.es\/wp-content\/uploads\/sites\/57\/2014\/02\/cupidoverano-80.jpg 824w, https:\/\/static-blogs.hoy.es\/wp-content\/uploads\/sites\/57\/2014\/02\/cupidoverano-80-300x201.jpg 300w, https:\/\/static-blogs.hoy.es\/wp-content\/uploads\/sites\/57\/2014\/02\/cupidoverano-80-768x514.jpg 768w\" sizes=\"(max-width: 659px) 100vw, 659px\" \/><\/a><p id=\"caption-attachment-1754\" class=\"wp-caption-text\">Fotograf\u00eda que env\u00eda Jos\u00e9 Luis del verano de 1980.<\/p><\/div>\n<p>&nbsp;<\/p>\n<p><strong>Jos\u00e9 Luis<\/strong> nos env\u00eda \u00a0esta fotograf\u00eda con el siguiente texto:<\/p>\n<p>&#8220;<em>El 14 de febrero, <strong>D\u00eda de los Enamorados<\/strong>, tendr\u00edamos que hacer una reflexi\u00f3n de a cu\u00e1ntas personas de la ciudad de C\u00e1ceres, <strong>Cupido<\/strong> les une con el <strong>Campamento Santa Ana<\/strong>; claro que en la mayor\u00eda de los casos, antes eran las mujeres las que lo hac\u00edan con los hombres que pasaban por el Campamento, d\u00e1ndose casi siempre la marcha de la ciudad de la mujer por amor y, minoritariamente los que se quedaban por el mismo motivo<\/em>&#8220;.<\/p>\n<p>&#8220;<em>Hoy, transcurrido el tiempo, no imaginaba, cuando me toc\u00f3 el <strong>servicio militar<\/strong> en el Campamento Santa Ana de la ciudad de C\u00e1ceres, que iba a conocer a la que hasta hoy es mi esposa, de la que tengo un hijo natural de la ciudad; y que ahora, desde la distancia, sigo en contacto con los que forman parte de la Unidad<\/em>&#8220;.<\/p>\n<p>&#8220;<em>Por \u00faltimo, quisiera agradecer p\u00fablicamente al Campamento, a los ciudadanos de C\u00e1ceres y a Cupido, el acogimiento y cari\u00f1o con el que nos han recibido y dado en el tiempo que pasamos all\u00ed<\/em>&#8220;.<\/p>\n<p>De nuestra cosecha, nos parece oportuno recordar este D\u00eda de los Enamorados con algunas de las postales inocentes que algunos reclutas enviaban a sus novias. Hay que m<a href=\"\/dicestudemili\/wp-content\/uploads\/sites\/57\/2014\/02\/6-59428.jpg\"><img loading=\"lazy\" class=\"size-full wp-image-1761 alignright\" src=\"\/dicestudemili\/wp-content\/uploads\/sites\/57\/2014\/02\/6-59428.jpg\" alt=\"\" width=\"448\" height=\"672\" srcset=\"https:\/\/static-blogs.hoy.es\/wp-content\/uploads\/sites\/57\/2014\/02\/6-59428.jpg 448w, https:\/\/static-blogs.hoy.es\/wp-content\/uploads\/sites\/57\/2014\/02\/6-59428-200x300.jpg 200w\" sizes=\"(max-width: 448px) 100vw, 448px\" \/><\/a>irarlas recordando que fue hace d\u00e9cadas y eran otros tiempos en las relaciones de pareja.<\/p>\n<p>&nbsp;<\/p>\n<p>&nbsp;<\/p>\n<p>&nbsp;<\/p>\n<p>&nbsp;<\/p>\n<p>&nbsp;<\/p>\n<p>&nbsp;<\/p>\n<p>&nbsp;<\/p>\n<p>&nbsp;<\/p>\n<p>&nbsp;<\/p>\n<p>&nbsp;<\/p>\n<p>&nbsp;<\/p>\n<p>&nbsp;<\/p>\n<p>&nbsp;<\/p>\n<p>&nbsp;<\/p>\n<p>&nbsp;<\/p>\n<p>&nbsp;<\/p>\n<p>&nbsp;<\/p>\n<p>&nbsp;<\/p>\n<p>&nbsp;<\/p>\n<p>&nbsp;<\/p>\n<p>&nbsp;<\/p>\n<p>&nbsp;<\/p>\n<p>&nbsp;<\/p>\n<p>&nbsp;<\/p>\n<p>&nbsp;<\/p>\n<p>&nbsp;<\/p>\n<p>&nbsp;<\/p>\n<p>&nbsp;<\/p>\n<p><a href=\"\/dicestudemili\/wp-content\/uploads\/sites\/57\/2014\/02\/9-59430.jpg\"><img loading=\"lazy\" class=\"aligncenter size-full wp-image-1764\" title=\"\" src=\"\/dicestudemili\/wp-content\/uploads\/sites\/57\/2014\/02\/9-59430.jpg\" alt=\"\" width=\"640\" height=\"457\" srcset=\"https:\/\/static-blogs.hoy.es\/wp-content\/uploads\/sites\/57\/2014\/02\/9-59430.jpg 640w, https:\/\/static-blogs.hoy.es\/wp-content\/uploads\/sites\/57\/2014\/02\/9-59430-300x214.jpg 300w\" sizes=\"(max-width: 640px) 100vw, 640px\" \/><\/a><\/p>\n<p><a href=\"\/dicestudemili\/wp-content\/uploads\/sites\/57\/2014\/02\/8-59432.jpg\"><img loading=\"lazy\" class=\"alignright size-full wp-image-1763\" title=\"\" src=\"\/dicestudemili\/wp-content\/uploads\/sites\/57\/2014\/02\/8-59432.jpg\" alt=\"\" width=\"576\" height=\"409\" srcset=\"https:\/\/static-blogs.hoy.es\/wp-content\/uploads\/sites\/57\/2014\/02\/8-59432.jpg 576w, https:\/\/static-blogs.hoy.es\/wp-content\/uploads\/sites\/57\/2014\/02\/8-59432-300x213.jpg 300w\" sizes=\"(max-width: 576px) 100vw, 576px\" \/><\/a><\/p>\n<p><a href=\"\/dicestudemili\/wp-content\/uploads\/sites\/57\/2014\/02\/5-59426.jpg\"><img loading=\"lazy\" class=\"alignleft size-full wp-image-1760\" title=\"\" src=\"\/dicestudemili\/wp-content\/uploads\/sites\/57\/2014\/02\/5-59426.jpg\" alt=\"\" width=\"448\" height=\"696\" srcset=\"https:\/\/static-blogs.hoy.es\/wp-content\/uploads\/sites\/57\/2014\/02\/5-59426.jpg 448w, https:\/\/static-blogs.hoy.es\/wp-content\/uploads\/sites\/57\/2014\/02\/5-59426-193x300.jpg 193w\" sizes=\"(max-width: 448px) 100vw, 448px\" \/><\/a><\/p>\n<p><a href=\"\/dicestudemili\/wp-content\/uploads\/sites\/57\/2014\/02\/2-postal-de-la-mili.jpg\"><img loading=\"lazy\" class=\"alignright  wp-image-1757\" src=\"\/dicestudemili\/wp-content\/uploads\/sites\/57\/2014\/02\/2-postal-de-la-mili.jpg\" alt=\"\" width=\"502\" height=\"737\" srcset=\"https:\/\/static-blogs.hoy.es\/wp-content\/uploads\/sites\/57\/2014\/02\/2-postal-de-la-mili.jpg 804w, https:\/\/static-blogs.hoy.es\/wp-content\/uploads\/sites\/57\/2014\/02\/2-postal-de-la-mili-205x300.jpg 205w\" sizes=\"(max-width: 502px) 100vw, 502px\" \/><\/a><a href=\"\/dicestudemili\/wp-content\/uploads\/sites\/57\/2014\/02\/1-postal-de-la-mili.jpg\"><img loading=\"lazy\" class=\"alignleft  wp-image-1756\" src=\"\/dicestudemili\/wp-content\/uploads\/sites\/57\/2014\/02\/1-postal-de-la-mili.jpg\" alt=\"\" width=\"492\" height=\"717\" srcset=\"https:\/\/static-blogs.hoy.es\/wp-content\/uploads\/sites\/57\/2014\/02\/1-postal-de-la-mili.jpg 804w, https:\/\/static-blogs.hoy.es\/wp-content\/uploads\/sites\/57\/2014\/02\/1-postal-de-la-mili-206x300.jpg 206w, https:\/\/static-blogs.hoy.es\/wp-content\/uploads\/sites\/57\/2014\/02\/1-postal-de-la-mili-768x1119.jpg 768w, https:\/\/static-blogs.hoy.es\/wp-content\/uploads\/sites\/57\/2014\/02\/1-postal-de-la-mili-703x1024.jpg 703w\" sizes=\"(max-width: 492px) 100vw, 492px\" \/><\/a><a href=\"\/dicestudemili\/wp-content\/uploads\/sites\/57\/2014\/02\/3-59424.jpg\"><img loading=\"lazy\" class=\"size-full wp-image-1758 alignright\" src=\"\/dicestudemili\/wp-content\/uploads\/sites\/57\/2014\/02\/3-59424.jpg\" alt=\"\" width=\"448\" height=\"700\" srcset=\"https:\/\/static-blogs.hoy.es\/wp-content\/uploads\/sites\/57\/2014\/02\/3-59424.jpg 448w, https:\/\/static-blogs.hoy.es\/wp-content\/uploads\/sites\/57\/2014\/02\/3-59424-192x300.jpg 192w\" sizes=\"(max-width: 448px) 100vw, 448px\" \/><\/a><a href=\"\/dicestudemili\/wp-content\/uploads\/sites\/57\/2014\/02\/4-59425.jpg\"><img loading=\"lazy\" class=\"alignright size-full wp-image-1759\" title=\"\" src=\"\/dicestudemili\/wp-content\/uploads\/sites\/57\/2014\/02\/4-59425.jpg\" alt=\"\" width=\"448\" height=\"649\" srcset=\"https:\/\/static-blogs.hoy.es\/wp-content\/uploads\/sites\/57\/2014\/02\/4-59425.jpg 448w, https:\/\/static-blogs.hoy.es\/wp-content\/uploads\/sites\/57\/2014\/02\/4-59425-207x300.jpg 207w\" sizes=\"(max-width: 448px) 100vw, 448px\" \/><\/a><a href=\"\/dicestudemili\/wp-content\/uploads\/sites\/57\/2014\/02\/7-20404482.jpg\"><img loading=\"lazy\" class=\"alignright size-full wp-image-1762\" title=\"\" src=\"\/dicestudemili\/wp-content\/uploads\/sites\/57\/2014\/02\/7-20404482.jpg\" alt=\"\" width=\"507\" height=\"741\" srcset=\"https:\/\/static-blogs.hoy.es\/wp-content\/uploads\/sites\/57\/2014\/02\/7-20404482.jpg 507w, https:\/\/static-blogs.hoy.es\/wp-content\/uploads\/sites\/57\/2014\/02\/7-20404482-205x300.jpg 205w\" sizes=\"(max-width: 507px) 100vw, 507px\" \/><\/a><\/p>\n<!-- AddThis Advanced Settings generic via filter on the_content --><!-- AddThis Share Buttons generic via filter on the_content -->","protected":false},"excerpt":{"rendered":"<p>&nbsp; Jos\u00e9 Luis nos env\u00eda \u00a0esta fotograf\u00eda con el siguiente texto: &#8220;El 14 de febrero, D\u00eda de los Enamorados, tendr\u00edamos que hacer una reflexi\u00f3n de a cu\u00e1ntas personas de la ciudad de C\u00e1ceres, Cupido les une con el Campamento Santa Ana; claro que en la mayor\u00eda de los casos, antes eran las mujeres las que [&hellip;]<!-- AddThis Advanced Settings generic via filter on get_the_excerpt --><!-- AddThis Share Buttons generic via filter on get_the_excerpt --><\/p>\n","protected":false},"author":62,"featured_media":0,"comment_status":"open","ping_status":"closed","sticky":false,"template":"","format":"standard","meta":[],"categories":[2],"tags":[195,417,429,842,969],"_links":{"self":[{"href":"https:\/\/blogs.hoy.es\/dicestudemili\/wp-json\/wp\/v2\/posts\/1753"}],"collection":[{"href":"https:\/\/blogs.hoy.es\/dicestudemili\/wp-json\/wp\/v2\/posts"}],"about":[{"href":"https:\/\/blogs.hoy.es\/dicestudemili\/wp-json\/wp\/v2\/types\/post"}],"author":[{"embeddable":true,"href":"https:\/\/blogs.hoy.es\/dicestudemili\/wp-json\/wp\/v2\/users\/62"}],"replies":[{"embeddable":true,"href":"https:\/\/blogs.hoy.es\/dicestudemili\/wp-json\/wp\/v2\/comments?post=1753"}],"version-history":[{"count":0,"href":"https:\/\/blogs.hoy.es\/dicestudemili\/wp-json\/wp\/v2\/posts\/1753\/revisions"}],"wp:attachment":[{"href":"https:\/\/blogs.hoy.es\/dicestudemili\/wp-json\/wp\/v2\/media?parent=1753"}],"wp:term":[{"taxonomy":"category","embeddable":true,"href":"https:\/\/blogs.hoy.es\/dicestudemili\/wp-json\/wp\/v2\/categories?post=1753"},{"taxonomy":"post_tag","embeddable":true,"href":"https:\/\/blogs.hoy.es\/dicestudemili\/wp-json\/wp\/v2\/tags?post=1753"}],"curies":[{"name":"wp","href":"https:\/\/api.w.org\/{rel}","templated":true}]}}