{"id":1765,"date":"2014-02-21T10:30:18","date_gmt":"2014-02-21T10:30:18","guid":{"rendered":"http:\/\/blogs.hoy.es\/dicestudemili\/?p=1765"},"modified":"2014-02-21T10:30:18","modified_gmt":"2014-02-21T10:30:18","slug":"2001-1-cuarta-vez-que-se-asegura-que-desaparece-el-centro-de-instruccion","status":"publish","type":"post","link":"https:\/\/blogs.hoy.es\/dicestudemili\/2014\/02\/21\/2001-1-cuarta-vez-que-se-asegura-que-desaparece-el-centro-de-instruccion\/","title":{"rendered":"2001 (1): Cuarta vez que se asegura que desaparece el Centro de Instrucci\u00f3n de C\u00e1ceres"},"content":{"rendered":"<div id=\"attachment_1766\" style=\"width: 660px\" class=\"wp-caption aligncenter\"><a href=\"\/dicestudemili\/wp-content\/uploads\/sites\/57\/2014\/02\/1-pardomarzo.jpg\"><img aria-describedby=\"caption-attachment-1766\" loading=\"lazy\" class=\" wp-image-1766  \" title=\"El jefe del Estado Mayor del Ej\u00e9rcito, el general Santayana, junto al coronel Gonzalvo.\" src=\"\/dicestudemili\/wp-content\/uploads\/sites\/57\/2014\/02\/1-pardomarzo.jpg\" alt=\"El jefe del Estado Mayor del Ej\u00e9rcito, el general Santayana, junto al coronel Gonzalvo.\" width=\"650\" height=\"434\" srcset=\"https:\/\/static-blogs.hoy.es\/wp-content\/uploads\/sites\/57\/2014\/02\/1-pardomarzo.jpg 902w, https:\/\/static-blogs.hoy.es\/wp-content\/uploads\/sites\/57\/2014\/02\/1-pardomarzo-300x200.jpg 300w, https:\/\/static-blogs.hoy.es\/wp-content\/uploads\/sites\/57\/2014\/02\/1-pardomarzo-768x513.jpg 768w\" sizes=\"(max-width: 650px) 100vw, 650px\" \/><\/a><p id=\"caption-attachment-1766\" class=\"wp-caption-text\">El jefe del Estado Mayor del Ej\u00e9rcito, el general Santayana, junto al coronel Gonzalvo, jefe del CIMOV.<\/p><\/div>\n<p>&nbsp;<\/p>\n<p>La primera vez que se habl\u00f3 del <strong>cierre del Centro de Instrucci\u00f3n de Reclutas de C\u00e1ceres<\/strong> fue en <strong>1978<\/strong>, la segunda en <strong>1983<\/strong>, la tercera en <strong>1998<\/strong> y la cuarta en el <strong>2001<\/strong>.<\/p>\n<p>Ocurri\u00f3 el <strong>8 de marzo de 2001<\/strong>. El jefe del Estado Mayor del Ej\u00e9rcito, el <strong>general Alfonso Pardo de Santayana<\/strong>, visit\u00f3 el Centro de Instrucci\u00f3n y Movilizaci\u00f3n (<strong>CIMOV<\/strong>) n\u00famero 1 de C\u00e1ceres, y anunci\u00f3 que la inmediata desaparici\u00f3n de la mili y la puesta en marcha del ej\u00e9rcito profesional, supon\u00eda que el CIMOV dejar\u00eda de formar a los futuros soldados, ya que se har\u00eda en academias militares.<\/p>\n<p>Esta noticia hizo que el <strong>Ayuntamiento de C\u00e1ceres<\/strong> pidiera alternativas para la instalaci\u00f3n militar cacere\u00f1a. En marzo, el ministro de Defensa, <strong>Federico Trillo<\/strong>, le se\u00f1al\u00f3 al alcalde<strong> Jos\u00e9 Mar\u00eda Saponi<\/strong> que a\u00fan no hab\u00eda nada decidido sobre el CIMOV.<\/p>\n<p>Ya en abril el Ministerio de Defensa habl\u00f3 por primera vez de cierre del CIMOV. El <strong>secretario de Estado de Defens<\/strong>a asegur\u00f3 en el <strong>Congreso<\/strong> <strong>de los Diputados<\/strong> que el CIMOV no se cerrar\u00e1 &#8220;<em>en ning\u00fan caso antes de 2002<\/em>&#8220;.<\/p>\n<p>En medio de la incertidumbre, el <strong>23 de junio de 2001<\/strong>, se celebr\u00f3 en C\u00e1ceres una jura de bandera en la que participaron 212 soldados profesionales.<\/p>\n<p>&nbsp;<\/p>\n<div id=\"attachment_1768\" style=\"width: 658px\" class=\"wp-caption aligncenter\"><a href=\"\/dicestudemili\/wp-content\/uploads\/sites\/57\/2014\/02\/2-junio.jpg\"><img aria-describedby=\"caption-attachment-1768\" loading=\"lazy\" class=\" wp-image-1768  \" title=\"Jura de bandera del 23 de junio de 2001.\" src=\"\/dicestudemili\/wp-content\/uploads\/sites\/57\/2014\/02\/2-junio.jpg\" alt=\"Jura de bandera del 23 de junio de 2001.\" width=\"648\" height=\"416\" srcset=\"https:\/\/static-blogs.hoy.es\/wp-content\/uploads\/sites\/57\/2014\/02\/2-junio.jpg 900w, https:\/\/static-blogs.hoy.es\/wp-content\/uploads\/sites\/57\/2014\/02\/2-junio-300x192.jpg 300w, https:\/\/static-blogs.hoy.es\/wp-content\/uploads\/sites\/57\/2014\/02\/2-junio-768x492.jpg 768w\" sizes=\"(max-width: 648px) 100vw, 648px\" \/><\/a><p id=\"caption-attachment-1768\" class=\"wp-caption-text\">Jura de bandera del 23 de junio de 2001.<\/p><\/div>\n<p>&nbsp;<\/p>\n<div id=\"attachment_1769\" style=\"width: 310px\" class=\"wp-caption aligncenter\"><a href=\"\/dicestudemili\/wp-content\/uploads\/sites\/57\/2014\/02\/3-junio2.jpg\"><img aria-describedby=\"caption-attachment-1769\" loading=\"lazy\" class=\"size-full wp-image-1769\" title=\"Participaron 212 soldados profesionales.\" src=\"\/dicestudemili\/wp-content\/uploads\/sites\/57\/2014\/02\/3-junio2.jpg\" alt=\"Participaron 212 soldados profesionales.\" width=\"300\" height=\"466\" srcset=\"https:\/\/static-blogs.hoy.es\/wp-content\/uploads\/sites\/57\/2014\/02\/3-junio2.jpg 300w, https:\/\/static-blogs.hoy.es\/wp-content\/uploads\/sites\/57\/2014\/02\/3-junio2-193x300.jpg 193w\" sizes=\"(max-width: 300px) 100vw, 300px\" \/><\/a><p id=\"caption-attachment-1769\" class=\"wp-caption-text\">Participaron 212 soldados profesionales.<\/p><\/div>\n<p>&nbsp;<\/p>\n<p>El <strong>18 de agosto<\/strong> hubo otra jura de bandera, en la que s\u00f3lo participaron 128 soldados profesionales, entre los que hab\u00eda j\u00f3venes de <strong>Argentina<\/strong> y <strong>Uruguay<\/strong>, hijos de emigrantes espa\u00f1oles.<\/p>\n<p>&nbsp;<\/p>\n<div id=\"attachment_1770\" style=\"width: 687px\" class=\"wp-caption aligncenter\"><a href=\"\/dicestudemili\/wp-content\/uploads\/sites\/57\/2014\/02\/4-agosto21.jpg\"><img aria-describedby=\"caption-attachment-1770\" loading=\"lazy\" class=\" wp-image-1770  \" title=\"Jura de bandera del 18 de agosto del 2001.\" src=\"\/dicestudemili\/wp-content\/uploads\/sites\/57\/2014\/02\/4-agosto21.jpg\" alt=\"Jura de bandera del 18 de agosto del 2001.\" width=\"677\" height=\"431\" srcset=\"https:\/\/static-blogs.hoy.es\/wp-content\/uploads\/sites\/57\/2014\/02\/4-agosto21.jpg 836w, https:\/\/static-blogs.hoy.es\/wp-content\/uploads\/sites\/57\/2014\/02\/4-agosto21-300x191.jpg 300w, https:\/\/static-blogs.hoy.es\/wp-content\/uploads\/sites\/57\/2014\/02\/4-agosto21-768x489.jpg 768w\" sizes=\"(max-width: 677px) 100vw, 677px\" \/><\/a><p id=\"caption-attachment-1770\" class=\"wp-caption-text\">Jura de bandera del 18 de agosto del 2001.<\/p><\/div>\n<p>&nbsp;<\/p>\n<div id=\"attachment_1772\" style=\"width: 650px\" class=\"wp-caption aligncenter\"><a href=\"\/dicestudemili\/wp-content\/uploads\/sites\/57\/2014\/02\/5-agosto21.jpg\"><img aria-describedby=\"caption-attachment-1772\" loading=\"lazy\" class=\" wp-image-1772 \" title=\"Participaron 128 soldados profesionales.\" src=\"\/dicestudemili\/wp-content\/uploads\/sites\/57\/2014\/02\/5-agosto21.jpg\" alt=\"Participaron 128 soldados profesionales.\" width=\"640\" height=\"431\" srcset=\"https:\/\/static-blogs.hoy.es\/wp-content\/uploads\/sites\/57\/2014\/02\/5-agosto21.jpg 800w, https:\/\/static-blogs.hoy.es\/wp-content\/uploads\/sites\/57\/2014\/02\/5-agosto21-300x202.jpg 300w, https:\/\/static-blogs.hoy.es\/wp-content\/uploads\/sites\/57\/2014\/02\/5-agosto21-768x517.jpg 768w\" sizes=\"(max-width: 640px) 100vw, 640px\" \/><\/a><p id=\"caption-attachment-1772\" class=\"wp-caption-text\">Participaron 128 soldados profesionales.<\/p><\/div>\n<p>&nbsp;<\/p>\n<p>Otra nueva jura de bandera tuvo lugar el <strong>10 de noviembre<\/strong>. En esta ocasi\u00f3n participaron cerca de 150 nuevos soldados profesionales.<\/p>\n<p>&nbsp;<\/p>\n<div id=\"attachment_1773\" style=\"width: 670px\" class=\"wp-caption aligncenter\"><a href=\"\/dicestudemili\/wp-content\/uploads\/sites\/57\/2014\/02\/6-noviembre.jpg\"><img aria-describedby=\"caption-attachment-1773\" loading=\"lazy\" class=\"size-full wp-image-1773\" title=\"Jura de bandera del 10 de noviembre.\" src=\"\/dicestudemili\/wp-content\/uploads\/sites\/57\/2014\/02\/6-noviembre.jpg\" alt=\"Jura de bandera del 10 de noviembre.\" width=\"660\" height=\"400\" srcset=\"https:\/\/static-blogs.hoy.es\/wp-content\/uploads\/sites\/57\/2014\/02\/6-noviembre.jpg 660w, https:\/\/static-blogs.hoy.es\/wp-content\/uploads\/sites\/57\/2014\/02\/6-noviembre-300x182.jpg 300w\" sizes=\"(max-width: 660px) 100vw, 660px\" \/><\/a><p id=\"caption-attachment-1773\" class=\"wp-caption-text\">Jura de bandera del 10 de noviembre.<\/p><\/div>\n<p>&nbsp;<\/p>\n<div id=\"attachment_1774\" style=\"width: 680px\" class=\"wp-caption aligncenter\"><a href=\"\/dicestudemili\/wp-content\/uploads\/sites\/57\/2014\/02\/7-noviembre2.jpg\"><img aria-describedby=\"caption-attachment-1774\" loading=\"lazy\" class=\"size-full wp-image-1774\" title=\"En esta ocasi\u00f3n participaron cerca de 150 nuevos soldados.\" src=\"\/dicestudemili\/wp-content\/uploads\/sites\/57\/2014\/02\/7-noviembre2.jpg\" alt=\"En esta ocasi\u00f3n participaron cerca de 150 nuevos soldados.\" width=\"670\" height=\"451\" srcset=\"https:\/\/static-blogs.hoy.es\/wp-content\/uploads\/sites\/57\/2014\/02\/7-noviembre2.jpg 670w, https:\/\/static-blogs.hoy.es\/wp-content\/uploads\/sites\/57\/2014\/02\/7-noviembre2-300x202.jpg 300w\" sizes=\"(max-width: 670px) 100vw, 670px\" \/><\/a><p id=\"caption-attachment-1774\" class=\"wp-caption-text\">Participaron cerca de 150 nuevos soldados.<\/p><\/div>\n<p>&nbsp;<\/p>\n<p>El <strong>26 de octubre de 2001<\/strong> se public\u00f3 una noticia que alimentaba el rumor del cierre del Campamento Santa Ana como centro de formaci\u00f3n de soldados: <strong>El CIMOV se quedaba fuera de la quinta convocatoria del a\u00f1o para militares profesionales<\/strong>. No se le asignaba ninguna de las 4.500 plazas de la convocatoria, mientras que en el <strong>CIMOV de San Fernando (C\u00e1diz)<\/strong> se iba a encargar de formar a 1.200 j\u00f3venes.<\/p>\n<p>&nbsp;<\/p>\n<p>&nbsp;<\/p>\n<p>&nbsp;<\/p>\n<p>&nbsp;<\/p>\n<p>&nbsp;<\/p>\n<p>&nbsp;<\/p>\n<p>&nbsp;<\/p>\n<p>&nbsp;<\/p>\n<p>&nbsp;<\/p>\n<p>&nbsp;<\/p>\n<p>&nbsp;<\/p>\n<p>&nbsp;<\/p>\n<p>&nbsp;<\/p>\n<p>&nbsp;<\/p>\n<p>&nbsp;<\/p>\n<p>&nbsp;<\/p>\n<p>&nbsp;<\/p>\n<p>&nbsp;<\/p>\n<p>&nbsp;<\/p>\n<p>&nbsp;<\/p>\n<!-- AddThis Advanced Settings generic via filter on the_content --><!-- AddThis Share Buttons generic via filter on the_content -->","protected":false},"excerpt":{"rendered":"<p>&nbsp; La primera vez que se habl\u00f3 del cierre del Centro de Instrucci\u00f3n de Reclutas de C\u00e1ceres fue en 1978, la segunda en 1983, la tercera en 1998 y la cuarta en el 2001. Ocurri\u00f3 el 8 de marzo de 2001. El jefe del Estado Mayor del Ej\u00e9rcito, el general Alfonso Pardo de Santayana, visit\u00f3 [&hellip;]<!-- AddThis Advanced Settings generic via filter on get_the_excerpt --><!-- AddThis Share Buttons generic via filter on get_the_excerpt --><\/p>\n","protected":false},"author":62,"featured_media":0,"comment_status":"open","ping_status":"closed","sticky":false,"template":"","format":"standard","meta":[],"categories":[3],"tags":[195,318,380,492,555,702,842],"_links":{"self":[{"href":"https:\/\/blogs.hoy.es\/dicestudemili\/wp-json\/wp\/v2\/posts\/1765"}],"collection":[{"href":"https:\/\/blogs.hoy.es\/dicestudemili\/wp-json\/wp\/v2\/posts"}],"about":[{"href":"https:\/\/blogs.hoy.es\/dicestudemili\/wp-json\/wp\/v2\/types\/post"}],"author":[{"embeddable":true,"href":"https:\/\/blogs.hoy.es\/dicestudemili\/wp-json\/wp\/v2\/users\/62"}],"replies":[{"embeddable":true,"href":"https:\/\/blogs.hoy.es\/dicestudemili\/wp-json\/wp\/v2\/comments?post=1765"}],"version-history":[{"count":0,"href":"https:\/\/blogs.hoy.es\/dicestudemili\/wp-json\/wp\/v2\/posts\/1765\/revisions"}],"wp:attachment":[{"href":"https:\/\/blogs.hoy.es\/dicestudemili\/wp-json\/wp\/v2\/media?parent=1765"}],"wp:term":[{"taxonomy":"category","embeddable":true,"href":"https:\/\/blogs.hoy.es\/dicestudemili\/wp-json\/wp\/v2\/categories?post=1765"},{"taxonomy":"post_tag","embeddable":true,"href":"https:\/\/blogs.hoy.es\/dicestudemili\/wp-json\/wp\/v2\/tags?post=1765"}],"curies":[{"name":"wp","href":"https:\/\/api.w.org\/{rel}","templated":true}]}}