{"id":1777,"date":"2014-02-28T07:58:46","date_gmt":"2014-02-28T07:58:46","guid":{"rendered":"http:\/\/blogs.hoy.es\/dicestudemili\/?p=1777"},"modified":"2014-02-28T07:58:46","modified_gmt":"2014-02-28T07:58:46","slug":"2001-2-las-monjas-pro-cimov-y-nace-la-plataforma-el-campamento-no-se-cierra","status":"publish","type":"post","link":"https:\/\/blogs.hoy.es\/dicestudemili\/2014\/02\/28\/2001-2-las-monjas-pro-cimov-y-nace-la-plataforma-el-campamento-no-se-cierra\/","title":{"rendered":"2001 (2): Las monjas pro CIMOV y nace la plataforma &#039;El Campamento no se cierra&#039;"},"content":{"rendered":"<div id=\"attachment_1778\" style=\"width: 673px\" class=\"wp-caption aligncenter\"><a href=\"\/dicestudemili\/wp-content\/uploads\/sites\/57\/2014\/02\/HF01A9Y1.jpg\"><img aria-describedby=\"caption-attachment-1778\" loading=\"lazy\" class=\" wp-image-1778   \" title=\"Monjas jer\u00f3nimas con el diputado de Cultura Andr\u00e9s Rodr\u00edguez.\" src=\"\/dicestudemili\/wp-content\/uploads\/sites\/57\/2014\/02\/HF01A9Y1.jpg\" alt=\"Monjas jer\u00f3nimas con el diputado de Cultura Andr\u00e9s Rodr\u00edguez.\" width=\"663\" height=\"381\" srcset=\"https:\/\/static-blogs.hoy.es\/wp-content\/uploads\/sites\/57\/2014\/02\/HF01A9Y1.jpg 1600w, https:\/\/static-blogs.hoy.es\/wp-content\/uploads\/sites\/57\/2014\/02\/HF01A9Y1-300x173.jpg 300w, https:\/\/static-blogs.hoy.es\/wp-content\/uploads\/sites\/57\/2014\/02\/HF01A9Y1-768x442.jpg 768w, https:\/\/static-blogs.hoy.es\/wp-content\/uploads\/sites\/57\/2014\/02\/HF01A9Y1-1024x589.jpg 1024w\" sizes=\"(max-width: 663px) 100vw, 663px\" \/><\/a><p id=\"caption-attachment-1778\" class=\"wp-caption-text\">Monjas jer\u00f3nimas con el diputado de Cultura Andr\u00e9s Rodr\u00edguez.<\/p><\/div>\n<p>&nbsp;<\/p>\n<p>Ante el anuncio de que el <strong>CIMOV va a desaparecer el 1 de enero de 2003<\/strong> y que C\u00e1ceres puede perder la guarnici\u00f3n militar que est\u00e1 de forma permanente desde 1919, gran parte de los cacere\u00f1os se movilizan y el <strong>12 de julio se crea la plataforma &#8216;El Campamento no se cierra&#8217;<\/strong>, haciendo referencia al Campamento Santa Ana, en donde estaba enclavado el CIMOV (hoy CEFOT).<\/p>\n<p>Entre los colectivos que apoyaron al CIMOV (Centro de Instrucci\u00f3n y Movilizaci\u00f3n) llam\u00f3 la atenci\u00f3n el de las <strong>monjas jer\u00f3nimas<\/strong>, que tienen su convento en la calle Olmo, en plena Ciudad Monumental. Cuando el 11 de julio el diputado provincial de Cultura, <strong>Andr\u00e9s Rodr\u00edguez<\/strong>, fue a regalarles 300 libros para su venta al p\u00fablico, las hermanas indicaron a los periodistas que ped\u00edan que no se cerrara el Campamento, ya que era una de sus mayores fuentes de ingresos.<strong> Las 11 monjas elaboraban dulces para los militares dos veces a la semana<\/strong>. Los martes hac\u00edan tortas de hojaldre para el desayuno del mi\u00e9rcoles, y los jueves perrunillas para el desayuno de los viernes.<\/p>\n<p>La Plataforma estimaba que <strong>si C\u00e1ceres se quedaba sin militares se perd\u00edan 250 puestos de trabajo directos<\/strong>. La plataforma &#8216;El Campamento no se cierra&#8217; fue cogiendo fuerza. La formaban, entre otros colectivos: La Federaci\u00f3n de Asociaciones de Vecinos, los sindicatos UGT y CC.OO., el PSOE y el PP, la asociaci\u00f3n de Amas de Casa, Consumidores y Usuarios, hogares de pensionistas, Foro C\u00edvico, la Asociaci\u00f3n Cultural La Esmeralda, la Asociaci\u00f3n de Empresarios del Comercio de C\u00e1ceres (AECA), el Colegio Oficial de Agentes Comerciales de C\u00e1ceres y provincia&#8230;<\/p>\n<p>&nbsp;<\/p>\n<div id=\"attachment_1780\" style=\"width: 673px\" class=\"wp-caption aligncenter\"><a href=\"\/dicestudemili\/wp-content\/uploads\/sites\/57\/2014\/02\/HF01CT01.jpg\"><img aria-describedby=\"caption-attachment-1780\" loading=\"lazy\" class=\" wp-image-1780   \" title=\"Reuni\u00f3n de representantes de la plataforma 'El Campamento no se cierra'.\" src=\"\/dicestudemili\/wp-content\/uploads\/sites\/57\/2014\/02\/HF01CT01.jpg\" alt=\"Reuni\u00f3n de representantes de la plataforma 'El Campamento no se cierra'.\" width=\"663\" height=\"390\" srcset=\"https:\/\/static-blogs.hoy.es\/wp-content\/uploads\/sites\/57\/2014\/02\/HF01CT01.jpg 1218w, https:\/\/static-blogs.hoy.es\/wp-content\/uploads\/sites\/57\/2014\/02\/HF01CT01-300x176.jpg 300w, https:\/\/static-blogs.hoy.es\/wp-content\/uploads\/sites\/57\/2014\/02\/HF01CT01-768x451.jpg 768w, https:\/\/static-blogs.hoy.es\/wp-content\/uploads\/sites\/57\/2014\/02\/HF01CT01-1024x601.jpg 1024w\" sizes=\"(max-width: 663px) 100vw, 663px\" \/><\/a><p id=\"caption-attachment-1780\" class=\"wp-caption-text\">Reuni\u00f3n de representantes de la plataforma &#39;El Campamento no se cierra&#39;.<\/p><\/div>\n<p>&nbsp;<\/p>\n<p>El 3 de diciembre de 2001, los <strong>tres representantes de la Plataforma: Raimundo Medina, Miguel Salazar y Antonio Dionisio<\/strong> entregaron en el registro de la Subdelegaci\u00f3n del Gobierno en C\u00e1ceres, m\u00e1s de 6.000 firmas de personas que ped\u00edan que C\u00e1ceres no se quedara sin guarnici\u00f3n militar. Tambi\u00e9n registraron una carta dirigida al ministro de Defensa, <strong>Federico Trillo<\/strong>, del que indicaron que se esperaba una mayor sensibilidad y atenci\u00f3n hacia C\u00e1ceres, ciudad de la que disfrut\u00f3 en su juventud cuando su padre era gobernador civil de esta provincia.<\/p>\n<p>&nbsp;<\/p>\n<div id=\"attachment_1781\" style=\"width: 673px\" class=\"wp-caption aligncenter\"><a href=\"\/dicestudemili\/wp-content\/uploads\/sites\/57\/2014\/02\/diciembreplata.jpg\"><img aria-describedby=\"caption-attachment-1781\" loading=\"lazy\" class=\" wp-image-1781   \" title=\"Miguel Salazar, Raimundo Medina y Antonio Dionisio entregando las firmas.\" src=\"\/dicestudemili\/wp-content\/uploads\/sites\/57\/2014\/02\/diciembreplata.jpg\" alt=\"Miguel Salazar, Raimundo Medina y Antonio Dionisio entregando las firmas.\" width=\"663\" height=\"445\" srcset=\"https:\/\/static-blogs.hoy.es\/wp-content\/uploads\/sites\/57\/2014\/02\/diciembreplata.jpg 1102w, https:\/\/static-blogs.hoy.es\/wp-content\/uploads\/sites\/57\/2014\/02\/diciembreplata-300x201.jpg 300w, https:\/\/static-blogs.hoy.es\/wp-content\/uploads\/sites\/57\/2014\/02\/diciembreplata-768x515.jpg 768w, https:\/\/static-blogs.hoy.es\/wp-content\/uploads\/sites\/57\/2014\/02\/diciembreplata-1024x687.jpg 1024w\" sizes=\"(max-width: 663px) 100vw, 663px\" \/><\/a><p id=\"caption-attachment-1781\" class=\"wp-caption-text\">Miguel Salazar, Raimundo Medina y Antonio Dionisio entregando las firmas.<\/p><\/div>\n<p>&nbsp;<\/p>\n<p>Mientras tanto, en el CIMOV se segu\u00eda con su actividad. Las siguientes im\u00e1genes son de diciembre de 2001 cuando, en teor\u00eda, al Campamento Santa Ana s\u00f3lo le quedaba un a\u00f1o de vida.<\/p>\n<p>&nbsp;<\/p>\n<div id=\"attachment_1782\" style=\"width: 704px\" class=\"wp-caption aligncenter\"><a href=\"\/dicestudemili\/wp-content\/uploads\/sites\/57\/2014\/02\/dic.jpg\"><img aria-describedby=\"caption-attachment-1782\" loading=\"lazy\" class=\" wp-image-1782 \" title=\"Jura de bandera de soldados profesionales.\" src=\"\/dicestudemili\/wp-content\/uploads\/sites\/57\/2014\/02\/dic.jpg\" alt=\"Jura de bandera de soldados profesionales.\" width=\"694\" height=\"317\" srcset=\"https:\/\/static-blogs.hoy.es\/wp-content\/uploads\/sites\/57\/2014\/02\/dic.jpg 992w, https:\/\/static-blogs.hoy.es\/wp-content\/uploads\/sites\/57\/2014\/02\/dic-300x137.jpg 300w, https:\/\/static-blogs.hoy.es\/wp-content\/uploads\/sites\/57\/2014\/02\/dic-768x351.jpg 768w\" sizes=\"(max-width: 694px) 100vw, 694px\" \/><\/a><p id=\"caption-attachment-1782\" class=\"wp-caption-text\">Jura de bandera de soldados profesionales.<\/p><\/div>\n<p>&nbsp;<\/p>\n<p style=\"text-align: center;\"><a style=\"font-size: 13px;\" href=\"\/dicestudemili\/wp-content\/uploads\/sites\/57\/2014\/02\/diciembrejura3.jpg\"><img loading=\"lazy\" class=\"aligncenter  wp-image-1783\" title=\"diciembrejura3\" src=\"\/dicestudemili\/wp-content\/uploads\/sites\/57\/2014\/02\/diciembrejura3.jpg\" alt=\"\" width=\"819\" height=\"554\" srcset=\"https:\/\/static-blogs.hoy.es\/wp-content\/uploads\/sites\/57\/2014\/02\/diciembrejura3.jpg 1191w, https:\/\/static-blogs.hoy.es\/wp-content\/uploads\/sites\/57\/2014\/02\/diciembrejura3-300x203.jpg 300w, https:\/\/static-blogs.hoy.es\/wp-content\/uploads\/sites\/57\/2014\/02\/diciembrejura3-768x519.jpg 768w, https:\/\/static-blogs.hoy.es\/wp-content\/uploads\/sites\/57\/2014\/02\/diciembrejura3-1024x692.jpg 1024w\" sizes=\"(max-width: 819px) 100vw, 819px\" \/><\/a><\/p>\n<p style=\"text-align: center;\"><a href=\"\/dicestudemili\/wp-content\/uploads\/sites\/57\/2014\/02\/diciembrejura4.jpg\"><img loading=\"lazy\" class=\"aligncenter size-full wp-image-1784\" title=\"JURA DE BANDERA EN EL CIMOV DE CACERES.\" src=\"\/dicestudemili\/wp-content\/uploads\/sites\/57\/2014\/02\/diciembrejura4.jpg\" alt=\"\" width=\"992\" height=\"692\" srcset=\"https:\/\/static-blogs.hoy.es\/wp-content\/uploads\/sites\/57\/2014\/02\/diciembrejura4.jpg 992w, https:\/\/static-blogs.hoy.es\/wp-content\/uploads\/sites\/57\/2014\/02\/diciembrejura4-300x209.jpg 300w, https:\/\/static-blogs.hoy.es\/wp-content\/uploads\/sites\/57\/2014\/02\/diciembrejura4-768x536.jpg 768w\" sizes=\"(max-width: 992px) 100vw, 992px\" \/><\/a><\/p>\n<p style=\"text-align: center;\"><a href=\"\/dicestudemili\/wp-content\/uploads\/sites\/57\/2014\/02\/juradiciembre.jpg\"><img loading=\"lazy\" class=\"aligncenter size-large wp-image-1785\" title=\"JURA DE BANDERA DE SOLDADOS PROFESIONALES EN EL CIMOV DE CACERES.\" src=\"\/dicestudemili\/wp-content\/uploads\/sites\/57\/2014\/02\/juradiciembre.jpg\" alt=\"\" width=\"1024\" height=\"583\" srcset=\"https:\/\/static-blogs.hoy.es\/wp-content\/uploads\/sites\/57\/2014\/02\/juradiciembre.jpg 1134w, https:\/\/static-blogs.hoy.es\/wp-content\/uploads\/sites\/57\/2014\/02\/juradiciembre-300x171.jpg 300w, https:\/\/static-blogs.hoy.es\/wp-content\/uploads\/sites\/57\/2014\/02\/juradiciembre-768x438.jpg 768w, https:\/\/static-blogs.hoy.es\/wp-content\/uploads\/sites\/57\/2014\/02\/juradiciembre-1024x583.jpg 1024w\" sizes=\"(max-width: 1024px) 100vw, 1024px\" \/><\/a><\/p>\n<div id=\"attachment_1786\" style=\"width: 435px\" class=\"wp-caption aligncenter\"><a href=\"\/dicestudemili\/wp-content\/uploads\/sites\/57\/2014\/02\/diciembre.jpg\"><img aria-describedby=\"caption-attachment-1786\" loading=\"lazy\" class=\"size-full wp-image-1786\" title=\"Dos soldados llevan la imagen de su patrona en la celebraci\u00f3n de la Inmaculada.\" src=\"\/dicestudemili\/wp-content\/uploads\/sites\/57\/2014\/02\/diciembre.jpg\" alt=\"Dos soldados llevan la imagen de su patrona en la celebraci\u00f3n de la Inmaculada.\" width=\"425\" height=\"606\" srcset=\"https:\/\/static-blogs.hoy.es\/wp-content\/uploads\/sites\/57\/2014\/02\/diciembre.jpg 425w, https:\/\/static-blogs.hoy.es\/wp-content\/uploads\/sites\/57\/2014\/02\/diciembre-210x300.jpg 210w\" sizes=\"(max-width: 425px) 100vw, 425px\" \/><\/a><p id=\"caption-attachment-1786\" class=\"wp-caption-text\">Dos soldados llevan la imagen de su patrona en la celebraci\u00f3n de la Inmaculada.<\/p><\/div>\n<!-- AddThis Advanced Settings generic via filter on the_content --><!-- AddThis Share Buttons generic via filter on the_content -->","protected":false},"excerpt":{"rendered":"<p>&nbsp; Ante el anuncio de que el CIMOV va a desaparecer el 1 de enero de 2003 y que C\u00e1ceres puede perder la guarnici\u00f3n militar que est\u00e1 de forma permanente desde 1919, gran parte de los cacere\u00f1os se movilizan y el 12 de julio se crea la plataforma &#8216;El Campamento no se cierra&#8217;, haciendo referencia [&hellip;]<!-- AddThis Advanced Settings generic via filter on get_the_excerpt --><!-- AddThis Share Buttons generic via filter on get_the_excerpt --><\/p>\n","protected":false},"author":62,"featured_media":0,"comment_status":"open","ping_status":"closed","sticky":false,"template":"","format":"standard","meta":[],"categories":[3],"tags":[76,92,195,454,492,618,840,842,854,925,953],"_links":{"self":[{"href":"https:\/\/blogs.hoy.es\/dicestudemili\/wp-json\/wp\/v2\/posts\/1777"}],"collection":[{"href":"https:\/\/blogs.hoy.es\/dicestudemili\/wp-json\/wp\/v2\/posts"}],"about":[{"href":"https:\/\/blogs.hoy.es\/dicestudemili\/wp-json\/wp\/v2\/types\/post"}],"author":[{"embeddable":true,"href":"https:\/\/blogs.hoy.es\/dicestudemili\/wp-json\/wp\/v2\/users\/62"}],"replies":[{"embeddable":true,"href":"https:\/\/blogs.hoy.es\/dicestudemili\/wp-json\/wp\/v2\/comments?post=1777"}],"version-history":[{"count":0,"href":"https:\/\/blogs.hoy.es\/dicestudemili\/wp-json\/wp\/v2\/posts\/1777\/revisions"}],"wp:attachment":[{"href":"https:\/\/blogs.hoy.es\/dicestudemili\/wp-json\/wp\/v2\/media?parent=1777"}],"wp:term":[{"taxonomy":"category","embeddable":true,"href":"https:\/\/blogs.hoy.es\/dicestudemili\/wp-json\/wp\/v2\/categories?post=1777"},{"taxonomy":"post_tag","embeddable":true,"href":"https:\/\/blogs.hoy.es\/dicestudemili\/wp-json\/wp\/v2\/tags?post=1777"}],"curies":[{"name":"wp","href":"https:\/\/api.w.org\/{rel}","templated":true}]}}