{"id":1790,"date":"2014-03-07T07:46:20","date_gmt":"2014-03-07T07:46:20","guid":{"rendered":"http:\/\/blogs.hoy.es\/dicestudemili\/?p=1790"},"modified":"2014-03-07T07:46:20","modified_gmt":"2014-03-07T07:46:20","slug":"2001-y-3-los-ultimos-los-337-reclutas-del-adios-a-la-mili-en-caceres","status":"publish","type":"post","link":"https:\/\/blogs.hoy.es\/dicestudemili\/2014\/03\/07\/2001-y-3-los-ultimos-los-337-reclutas-del-adios-a-la-mili-en-caceres\/","title":{"rendered":"2001 (y 3): Los \u00faltimos, los 337 reclutas del adi\u00f3s a la mili en C\u00e1ceres"},"content":{"rendered":"<div id=\"attachment_1791\" style=\"width: 673px\" class=\"wp-caption aligncenter\"><a href=\"\/dicestudemili\/wp-content\/uploads\/sites\/57\/2014\/03\/1-ultima2.jpg\"><img aria-describedby=\"caption-attachment-1791\" loading=\"lazy\" class=\" wp-image-1791   \" title=\"Un soldado de reemplazo besa a la novia despu\u00e9s de la Jura de Bandera.\" src=\"\/dicestudemili\/wp-content\/uploads\/sites\/57\/2014\/03\/1-ultima2.jpg\" alt=\"Un soldado de reemplazo besa a la novia despu\u00e9s de la Jura de Bandera.\" width=\"663\" height=\"437\" srcset=\"https:\/\/static-blogs.hoy.es\/wp-content\/uploads\/sites\/57\/2014\/03\/1-ultima2.jpg 1050w, https:\/\/static-blogs.hoy.es\/wp-content\/uploads\/sites\/57\/2014\/03\/1-ultima2-300x198.jpg 300w, https:\/\/static-blogs.hoy.es\/wp-content\/uploads\/sites\/57\/2014\/03\/1-ultima2-768x507.jpg 768w, https:\/\/static-blogs.hoy.es\/wp-content\/uploads\/sites\/57\/2014\/03\/1-ultima2-1024x676.jpg 1024w\" sizes=\"(max-width: 663px) 100vw, 663px\" \/><\/a><p id=\"caption-attachment-1791\" class=\"wp-caption-text\">Un soldado de reemplazo besa a la novia despu\u00e9s de la Jura de Bandera.<\/p><\/div>\n<p>&nbsp;<\/p>\n<p>La mayor\u00eda, 122, eran de <strong>Madrid<\/strong>, otros 101 proced\u00edan de <strong>Extremadura<\/strong>, 75 de <strong>Castilla-La Mancha<\/strong>, otros 17 de<strong> Valencia<\/strong>, de <strong>Andaluc\u00eda<\/strong> eran 10, de <strong>Catalu\u00f1a<\/strong> cuatro, dos de <strong>Asturias<\/strong>, dos de <strong>Galicia<\/strong>, uno de <strong>Cantabria<\/strong>, uno de <strong>Castilla y Le\u00f3n<\/strong> y dos m\u00e1s eran espa\u00f1oles nacidos fuera de su pa\u00eds. En total, eran 337 los j\u00f3venes que el \u00faltimo d\u00eda del mes de marzo del 2001, s\u00e1bado para m\u00e1s se\u00f1as, estaban uniformados en el <strong>Campamento Santa Ana<\/strong>, protagonizando <strong>el adi\u00f3s de la mili en C\u00e1ceres<\/strong>.<\/p>\n<p>Fueron los \u00faltimos que hicieron el servicio militar obligatorio en C\u00e1ceres, los \u00faltimos una larga lista de miles que aprendieron la instrucci\u00f3n militar en esta ciudad desde 1964, casi 40 a\u00f1os. El <strong>coronel jefe del CIMOV, Vicente Gonzalvo<\/strong>, se lo dijo bien claro en su intervenci\u00f3n: &#8220;<em>Vosotros constitu\u00eds el final del servicio militar obligatorio en la ciudad de C\u00e1ceres<\/em>&#8220;.<\/p>\n<p>A nivel nacional, esta jura fue la pen\u00faltima de la mili, la \u00faltima se celebrar\u00eda unos d\u00edas despu\u00e9s en <strong>Alicante<\/strong>. Estas fotos, realizadas por el fot\u00f3grafo del Diario HOY, <strong>Lorenzo Cordero<\/strong>, son de la \u00faltima jura de la mili en C\u00e1ceres.<\/p>\n<p>&nbsp;<\/p>\n<div id=\"attachment_1793\" style=\"width: 639px\" class=\"wp-caption aligncenter\"><a href=\"\/dicestudemili\/wp-content\/uploads\/sites\/57\/2014\/03\/4-marzo.jpg\"><img aria-describedby=\"caption-attachment-1793\" loading=\"lazy\" class=\" wp-image-1793 \" title=\"La \u00faltima jura de militares de reemplazo.\" src=\"\/dicestudemili\/wp-content\/uploads\/sites\/57\/2014\/03\/4-marzo.jpg\" alt=\"La \u00faltima jura de militares de reemplazo.\" width=\"629\" height=\"446\" srcset=\"https:\/\/static-blogs.hoy.es\/wp-content\/uploads\/sites\/57\/2014\/03\/4-marzo.jpg 699w, https:\/\/static-blogs.hoy.es\/wp-content\/uploads\/sites\/57\/2014\/03\/4-marzo-300x212.jpg 300w\" sizes=\"(max-width: 629px) 100vw, 629px\" \/><\/a><p id=\"caption-attachment-1793\" class=\"wp-caption-text\">La \u00faltima jura de militares de reemplazo.<\/p><\/div>\n<p>&nbsp;<\/p>\n<div id=\"attachment_1794\" style=\"width: 659px\" class=\"wp-caption aligncenter\"><a href=\"\/dicestudemili\/wp-content\/uploads\/sites\/57\/2014\/03\/5-marzo2.jpg\"><img aria-describedby=\"caption-attachment-1794\" loading=\"lazy\" class=\" wp-image-1794  \" title=\"La mayor\u00eda, 122, eran de la comunidad de Madrid.\" src=\"\/dicestudemili\/wp-content\/uploads\/sites\/57\/2014\/03\/5-marzo2.jpg\" alt=\"La mayor\u00eda, 122, eran de la comunidad de Madrid.\" width=\"649\" height=\"427\" srcset=\"https:\/\/static-blogs.hoy.es\/wp-content\/uploads\/sites\/57\/2014\/03\/5-marzo2.jpg 901w, https:\/\/static-blogs.hoy.es\/wp-content\/uploads\/sites\/57\/2014\/03\/5-marzo2-300x197.jpg 300w, https:\/\/static-blogs.hoy.es\/wp-content\/uploads\/sites\/57\/2014\/03\/5-marzo2-768x505.jpg 768w\" sizes=\"(max-width: 649px) 100vw, 649px\" \/><\/a><p id=\"caption-attachment-1794\" class=\"wp-caption-text\">La mayor\u00eda, 122, eran de la comunidad de Madrid.<\/p><\/div>\n<p>&nbsp;<\/p>\n<div id=\"attachment_1795\" style=\"width: 639px\" class=\"wp-caption aligncenter\"><a href=\"\/dicestudemili\/wp-content\/uploads\/sites\/57\/2014\/03\/6-marzo3.jpg\"><img aria-describedby=\"caption-attachment-1795\" loading=\"lazy\" class=\" wp-image-1795 \" title=\"Uno de los nuevos soldados del \u00faltimo a\u00f1o de la mili.\" src=\"\/dicestudemili\/wp-content\/uploads\/sites\/57\/2014\/03\/6-marzo3.jpg\" alt=\"Uno de los nuevos soldados del \u00faltimo a\u00f1o de la mili.\" width=\"629\" height=\"401\" srcset=\"https:\/\/static-blogs.hoy.es\/wp-content\/uploads\/sites\/57\/2014\/03\/6-marzo3.jpg 699w, https:\/\/static-blogs.hoy.es\/wp-content\/uploads\/sites\/57\/2014\/03\/6-marzo3-300x191.jpg 300w\" sizes=\"(max-width: 629px) 100vw, 629px\" \/><\/a><p id=\"caption-attachment-1795\" class=\"wp-caption-text\">Imagen de la jura de bandera.<\/p><\/div>\n<p>&nbsp;<\/p>\n<p>Esta curiosa fotograf\u00eda la realiz\u00f3 Lorenzo Cordero durante el acto militar. Un recluta se desmaya y antes de caer al suelo le sostiene su compa\u00f1ero, que aguanta su peso sin dejar caer su fusil.<\/p>\n<p>&nbsp;<\/p>\n<div id=\"attachment_1796\" style=\"width: 651px\" class=\"wp-caption aligncenter\"><a href=\"\/dicestudemili\/wp-content\/uploads\/sites\/57\/2014\/03\/2-ultima.jpg\"><img aria-describedby=\"caption-attachment-1796\" loading=\"lazy\" class=\" wp-image-1796  \" title=\"La fotograf\u00eda del recluta que sostiene a un compa\u00f1ero que se desmaya.\" src=\"\/dicestudemili\/wp-content\/uploads\/sites\/57\/2014\/03\/2-ultima.jpg\" alt=\"La fotograf\u00eda del recluta que sostiene a un compa\u00f1ero que se desmaya.\" width=\"641\" height=\"442\" srcset=\"https:\/\/static-blogs.hoy.es\/wp-content\/uploads\/sites\/57\/2014\/03\/2-ultima.jpg 801w, https:\/\/static-blogs.hoy.es\/wp-content\/uploads\/sites\/57\/2014\/03\/2-ultima-300x207.jpg 300w, https:\/\/static-blogs.hoy.es\/wp-content\/uploads\/sites\/57\/2014\/03\/2-ultima-768x529.jpg 768w\" sizes=\"(max-width: 641px) 100vw, 641px\" \/><\/a><p id=\"caption-attachment-1796\" class=\"wp-caption-text\">La fotograf\u00eda del recluta que sostiene a un compa\u00f1ero que se desmaya.<\/p><\/div>\n<p>&nbsp;<\/p>\n<p>En la tribuna de autoridades se encontraba el <strong>general jefe del Mando Regional Centro, Jos\u00e9 Ram\u00f3n Lago V\u00e1zquez<\/strong>; el presidente de la Asamblea de Extremadura, <strong>Manuel Veiga<\/strong>; el alcalde de C\u00e1ceres, <strong>Jos\u00e9 Mar\u00eda Saponi<\/strong>; y el alcalde de Plasencia <strong>Jos\u00e9 Luis D\u00edaz<\/strong>. Este \u00a0\u00faltimo acompa\u00f1\u00f3 a placentinos de <strong>la quinta de 1952<\/strong> que participaron en el acto militar al renovar el juramento a la Bandera al cumplir el 50 aniversario de su alistamiento a filas. Juraron 41 placentinos, a los que se sumaron 36 esposas de los mismos.<\/p>\n<p>&nbsp;<\/p>\n<div id=\"attachment_1797\" style=\"width: 714px\" class=\"wp-caption aligncenter\"><a href=\"\/dicestudemili\/wp-content\/uploads\/sites\/57\/2014\/03\/3-ultima3.jpg\"><img aria-describedby=\"caption-attachment-1797\" loading=\"lazy\" class=\"size-full wp-image-1797\" title=\"Los alcaldes de C\u00e1ceres y Plasencia, el presidente de la Asamblea y el general Lago.\" src=\"\/dicestudemili\/wp-content\/uploads\/sites\/57\/2014\/03\/3-ultima3.jpg\" alt=\"Los alcaldes de C\u00e1ceres y Plasencia, el presidente de la Asamblea y el general Lago.\" width=\"704\" height=\"416\" srcset=\"https:\/\/static-blogs.hoy.es\/wp-content\/uploads\/sites\/57\/2014\/03\/3-ultima3.jpg 704w, https:\/\/static-blogs.hoy.es\/wp-content\/uploads\/sites\/57\/2014\/03\/3-ultima3-300x177.jpg 300w\" sizes=\"(max-width: 704px) 100vw, 704px\" \/><\/a><p id=\"caption-attachment-1797\" class=\"wp-caption-text\">Los alcaldes de C\u00e1ceres y Plasencia, el presidente de la Asamblea y el general Lago.<\/p><\/div>\n<p>&nbsp;<\/p>\n<div id=\"attachment_1798\" style=\"width: 511px\" class=\"wp-caption alignright\"><a href=\"\/dicestudemili\/wp-content\/uploads\/sites\/57\/2014\/03\/7-marzo4.jpg\"><img aria-describedby=\"caption-attachment-1798\" loading=\"lazy\" class=\" wp-image-1798  \" title=\"Un ni\u00f1o vestido de soldado entre el p\u00fablico.\" src=\"\/dicestudemili\/wp-content\/uploads\/sites\/57\/2014\/03\/7-marzo4.jpg\" alt=\"Un ni\u00f1o vestido de soldado entre el p\u00fablico.\" width=\"501\" height=\"752\" srcset=\"https:\/\/static-blogs.hoy.es\/wp-content\/uploads\/sites\/57\/2014\/03\/7-marzo4.jpg 619w, https:\/\/static-blogs.hoy.es\/wp-content\/uploads\/sites\/57\/2014\/03\/7-marzo4-200x300.jpg 200w\" sizes=\"(max-width: 501px) 100vw, 501px\" \/><\/a><p id=\"caption-attachment-1798\" class=\"wp-caption-text\">Un ni\u00f1o vestido de soldado entre el p\u00fablico.<\/p><\/div>\n<p>&nbsp;<\/p>\n<p>&nbsp;<\/p>\n<p>&nbsp;<\/p>\n<p>&nbsp;<\/p>\n<p>&nbsp;<\/p>\n<p>&nbsp;<\/p>\n<p>&nbsp;<\/p>\n<p>&nbsp;<\/p>\n<p>&nbsp;<\/p>\n<p>&nbsp;<\/p>\n<p>&nbsp;<\/p>\n<p>&nbsp;<\/p>\n<p>&nbsp;<\/p>\n<p>&nbsp;<\/p>\n<p>&nbsp;<\/p>\n<p>&nbsp;<\/p>\n<p>&nbsp;<\/p>\n<p>&nbsp;<\/p>\n<p>&nbsp;<\/p>\n<p>&nbsp;<\/p>\n<p>&nbsp;<\/p>\n<p>&nbsp;<\/p>\n<p>&nbsp;<\/p>\n<p>&nbsp;<\/p>\n<p>&nbsp;<\/p>\n<p>&nbsp;<\/p>\n<div id=\"attachment_1799\" style=\"width: 465px\" class=\"wp-caption alignleft\"><a href=\"\/dicestudemili\/wp-content\/uploads\/sites\/57\/2014\/03\/8-marzo5.jpg\"><img aria-describedby=\"caption-attachment-1799\" loading=\"lazy\" class=\"size-full wp-image-1799\" title=\"Uno de los 337 march\u00e1ndose de permiso tras la jura de bandera.\" src=\"\/dicestudemili\/wp-content\/uploads\/sites\/57\/2014\/03\/8-marzo5.jpg\" alt=\"Uno de los 337 march\u00e1ndose de permiso tras la jura de bandera.\" width=\"455\" height=\"762\" srcset=\"https:\/\/static-blogs.hoy.es\/wp-content\/uploads\/sites\/57\/2014\/03\/8-marzo5.jpg 455w, https:\/\/static-blogs.hoy.es\/wp-content\/uploads\/sites\/57\/2014\/03\/8-marzo5-179x300.jpg 179w\" sizes=\"(max-width: 455px) 100vw, 455px\" \/><\/a><p id=\"caption-attachment-1799\" class=\"wp-caption-text\">Uno de los 337 march\u00e1ndose de permiso tras la jura de bandera.<\/p><\/div>\n<p>&nbsp;<\/p>\n<p>&nbsp;<\/p>\n<p>&nbsp;<\/p>\n<p>&nbsp;<\/p>\n<p>&nbsp;<\/p>\n<p>&nbsp;<\/p>\n<p>&nbsp;<\/p>\n<p>&nbsp;<\/p>\n<p>&nbsp;<\/p>\n<p>&nbsp;<\/p>\n<p>&nbsp;<\/p>\n<p>&nbsp;<\/p>\n<p>&nbsp;<\/p>\n<p>&nbsp;<\/p>\n<p>&nbsp;<\/p>\n<p>&nbsp;<\/p>\n<p>&nbsp;<\/p>\n<p>&nbsp;<\/p>\n<p>&nbsp;<\/p>\n<p>&nbsp;<\/p>\n<p>&nbsp;<\/p>\n<p>&nbsp;<\/p>\n<p>&nbsp;<\/p>\n<p>&nbsp;<\/p>\n<p>&nbsp;<\/p>\n<p>&nbsp;<\/p>\n<p>&nbsp;<\/p>\n<p>&nbsp;<\/p>\n<p>&nbsp;<\/p>\n<p>&nbsp;<\/p>\n<p>&nbsp;<\/p>\n<p>&nbsp;<\/p>\n<p>&nbsp;<\/p>\n<p>Antes de est\u00e1 \u00faltima jura de j\u00f3venes que hicieron el servicio militar obligatorio, en el mes de febrero, el d\u00eda 17, hubo otra jura de bandera en la que participaron 306 soldados de reemplazo. Se hab\u00edan incorporado al Campamento Santa Ana el 15 de enero. Estas im\u00e1genes son de esa jura de bandera.<\/p>\n<p>&nbsp;<\/p>\n<p><a href=\"\/dicestudemili\/wp-content\/uploads\/sites\/57\/2014\/03\/9-febrero.jpg\"><img loading=\"lazy\" class=\"aligncenter size-full wp-image-1800\" title=\"JURA DE BANDERA DE SOLDADOS EN EL CIMOV DE CACERES\" src=\"\/dicestudemili\/wp-content\/uploads\/sites\/57\/2014\/03\/9-febrero.jpg\" alt=\"\" width=\"706\" height=\"481\" srcset=\"https:\/\/static-blogs.hoy.es\/wp-content\/uploads\/sites\/57\/2014\/03\/9-febrero.jpg 706w, https:\/\/static-blogs.hoy.es\/wp-content\/uploads\/sites\/57\/2014\/03\/9-febrero-300x204.jpg 300w\" sizes=\"(max-width: 706px) 100vw, 706px\" \/><\/a><\/p>\n<p>&nbsp;<\/p>\n<p><a href=\"\/dicestudemili\/wp-content\/uploads\/sites\/57\/2014\/03\/10-febrero2.jpg\"><img loading=\"lazy\" class=\"aligncenter size-full wp-image-1801\" title=\"JURA DE BANDERA DE SOLDADOS EN EL CIMOV DE CACERES\" src=\"\/dicestudemili\/wp-content\/uploads\/sites\/57\/2014\/03\/10-febrero2.jpg\" alt=\"\" width=\"811\" height=\"536\" srcset=\"https:\/\/static-blogs.hoy.es\/wp-content\/uploads\/sites\/57\/2014\/03\/10-febrero2.jpg 811w, https:\/\/static-blogs.hoy.es\/wp-content\/uploads\/sites\/57\/2014\/03\/10-febrero2-300x198.jpg 300w, https:\/\/static-blogs.hoy.es\/wp-content\/uploads\/sites\/57\/2014\/03\/10-febrero2-768x508.jpg 768w\" sizes=\"(max-width: 811px) 100vw, 811px\" \/><\/a><\/p>\n<p>&nbsp;<\/p>\n<p><a href=\"\/dicestudemili\/wp-content\/uploads\/sites\/57\/2014\/03\/11-gonzalvofebreo.jpg\"><img loading=\"lazy\" class=\"aligncenter size-full wp-image-1802\" title=\"11-gonzalvofebreo\" src=\"\/dicestudemili\/wp-content\/uploads\/sites\/57\/2014\/03\/11-gonzalvofebreo.jpg\" alt=\"\" width=\"819\" height=\"542\" srcset=\"https:\/\/static-blogs.hoy.es\/wp-content\/uploads\/sites\/57\/2014\/03\/11-gonzalvofebreo.jpg 819w, https:\/\/static-blogs.hoy.es\/wp-content\/uploads\/sites\/57\/2014\/03\/11-gonzalvofebreo-300x199.jpg 300w, https:\/\/static-blogs.hoy.es\/wp-content\/uploads\/sites\/57\/2014\/03\/11-gonzalvofebreo-768x508.jpg 768w\" sizes=\"(max-width: 819px) 100vw, 819px\" \/><\/a><\/p>\n<!-- AddThis Advanced Settings generic via filter on the_content --><!-- AddThis Share Buttons generic via filter on the_content -->","protected":false},"excerpt":{"rendered":"<p>&nbsp; La mayor\u00eda, 122, eran de Madrid, otros 101 proced\u00edan de Extremadura, 75 de Castilla-La Mancha, otros 17 de Valencia, de Andaluc\u00eda eran 10, de Catalu\u00f1a cuatro, dos de Asturias, dos de Galicia, uno de Cantabria, uno de Castilla y Le\u00f3n y dos m\u00e1s eran espa\u00f1oles nacidos fuera de su pa\u00eds. En total, eran 337 [&hellip;]<!-- AddThis Advanced Settings generic via filter on get_the_excerpt --><!-- AddThis Share Buttons generic via filter on get_the_excerpt --><\/p>\n","protected":false},"author":62,"featured_media":0,"comment_status":"open","ping_status":"closed","sticky":false,"template":"","format":"standard","meta":[],"categories":[3],"tags":[21,195,405,561,686,702,767,799,842,943],"_links":{"self":[{"href":"https:\/\/blogs.hoy.es\/dicestudemili\/wp-json\/wp\/v2\/posts\/1790"}],"collection":[{"href":"https:\/\/blogs.hoy.es\/dicestudemili\/wp-json\/wp\/v2\/posts"}],"about":[{"href":"https:\/\/blogs.hoy.es\/dicestudemili\/wp-json\/wp\/v2\/types\/post"}],"author":[{"embeddable":true,"href":"https:\/\/blogs.hoy.es\/dicestudemili\/wp-json\/wp\/v2\/users\/62"}],"replies":[{"embeddable":true,"href":"https:\/\/blogs.hoy.es\/dicestudemili\/wp-json\/wp\/v2\/comments?post=1790"}],"version-history":[{"count":0,"href":"https:\/\/blogs.hoy.es\/dicestudemili\/wp-json\/wp\/v2\/posts\/1790\/revisions"}],"wp:attachment":[{"href":"https:\/\/blogs.hoy.es\/dicestudemili\/wp-json\/wp\/v2\/media?parent=1790"}],"wp:term":[{"taxonomy":"category","embeddable":true,"href":"https:\/\/blogs.hoy.es\/dicestudemili\/wp-json\/wp\/v2\/categories?post=1790"},{"taxonomy":"post_tag","embeddable":true,"href":"https:\/\/blogs.hoy.es\/dicestudemili\/wp-json\/wp\/v2\/tags?post=1790"}],"curies":[{"name":"wp","href":"https:\/\/api.w.org\/{rel}","templated":true}]}}