{"id":1809,"date":"2014-03-19T18:58:37","date_gmt":"2014-03-19T18:58:37","guid":{"rendered":"http:\/\/blogs.hoy.es\/dicestudemili\/?p=1809"},"modified":"2014-03-19T18:58:37","modified_gmt":"2014-03-19T18:58:37","slug":"coronel-juan-carlos-fernandez-rincon-1-una-vez-encoentramos-a-un-recluta-escondido-en-una-olla","status":"publish","type":"post","link":"https:\/\/blogs.hoy.es\/dicestudemili\/2014\/03\/19\/coronel-juan-carlos-fernandez-rincon-1-una-vez-encoentramos-a-un-recluta-escondido-en-una-olla\/","title":{"rendered":"Coronel Fern\u00e1ndez Rinc\u00f3n (1): &#8220;Una vez encontramos a un recluta escondido en una olla&#8221;"},"content":{"rendered":"<p><em>Nac\u00ed en Burgos, pero <strong>llegu\u00e9 a C\u00e1ceres cuando ten\u00eda cuatro a\u00f1os<\/strong>. En esta ciudad estudi\u00e9 el bachillerato en el <strong>Colegio San Antonio<\/strong> y luego fui al Instituto. Mi abuelo fue militar, igual que mi padre; tambi\u00e9n es militar un hermano y varios sobrinos. Yo nunca tuve otro pensamiento m\u00e1s que el de ser militar.<\/em><\/p>\n<p>En esta fotograf\u00eda estoy con mi hermano <strong>Jorge,<\/strong> cuando los dos hab\u00edamos ascendido a teniente coronel, como cofrades del <strong>Cristo de las Batallas<\/strong>\u00a0de C\u00e1ceres.<\/p>\n<p>&nbsp;<\/p>\n<div id=\"attachment_1810\" style=\"width: 520px\" class=\"wp-caption aligncenter\"><em><a href=\"\/dicestudemili\/wp-content\/uploads\/sites\/57\"><img aria-describedby=\"caption-attachment-1810\" loading=\"lazy\" class=\" wp-image-1810  \" title=\"Yo y mi hermano Jorge como cofrades del Cristo de las Batallas.\" src=\"\/dicestudemili\/wp-content\/uploads\/sites\/57\" alt=\"Yo y mi hermano Jorge como cofrades del Cristo de las Batallas.\" width=\"510\" height=\"513\" \/><\/a><\/em><p id=\"caption-attachment-1810\" class=\"wp-caption-text\">Yo y mi hermano Jorge como cofrades del Cristo de las Batallas.<\/p><\/div>\n<p>&nbsp;<\/p>\n<p><em>Estuve destinado en los a\u00f1os <strong>1986 y 1987 en el Campamento Santa Ana<\/strong> de C\u00e1ceres. En esta fotograf\u00eda de 1986 est\u00e1n mandos de la <strong>5\u00aa Compa\u00f1\u00eda<\/strong>. Entonces era el capit\u00e1n que mandaba la Compa\u00f1\u00eda, est\u00e1n los <strong>subtenientes Santos y Sol\u00eds<\/strong>, el <strong>teniente Fern\u00e1ndez<\/strong>, al que llamaban <strong>&#8216;El Titi&#8217;<\/strong>, y auxiliares de la Compa\u00f1\u00eda.<\/em><\/p>\n<p>&nbsp;<\/p>\n<div id=\"attachment_1812\" style=\"width: 702px\" class=\"wp-caption aligncenter\"><a href=\"\/dicestudemili\/wp-content\/uploads\/sites\/57\"><img aria-describedby=\"caption-attachment-1812\" loading=\"lazy\" class=\" wp-image-1812 \" title=\"Mandos de la 5\u00aa Compa\u00f1\u00eda en 1986, en el campo de tiro.\" src=\"\/dicestudemili\/wp-content\/uploads\/sites\/57\" alt=\"Mandos de la 5\u00aa Compa\u00f1\u00eda en 1986, en el campo de tiro.\" width=\"692\" height=\"495\" \/><\/a><p id=\"caption-attachment-1812\" class=\"wp-caption-text\">Mandos de la 5\u00aa Compa\u00f1\u00eda en 1986, en el campo de tiro.<\/p><\/div>\n<p>&nbsp;<\/p>\n<p><em>Est\u00e1 foto tambi\u00e9n es de 1986, en la <strong>ermita de Santa Ana<\/strong> que est\u00e1 en el Campamento, antes de ser rehabilitada. En la primera fila, de izquierda a derecha, est\u00e1 <strong>Barroso<\/strong>, un mando de la Guardia Civil del que no recuerdo el nombre, el <strong>teniente coronel Mata<\/strong>, el <strong>coronel Bernabeu<\/strong>, <strong>Silveira<\/strong>, <strong>Flores<\/strong>, <strong>Camu\u00f1as<\/strong> y <strong>Romero<\/strong>. Detr\u00e1s estamos: el pater, yo, <strong>Castrorey<\/strong>, <strong>Antonio Dom\u00ednguez<\/strong> con la barba a\u00fan negra, <strong>Freixenet<\/strong>, <strong>Porras<\/strong>; por en medio, <strong>Rivera<\/strong>, <strong>Agust\u00edn<\/strong>, <strong>Rosado<\/strong>, <strong>Jimeno<\/strong>; y a la derecha el m\u00e9dico <strong>Solo de Zaldiva<\/strong>, <strong>Izquierdo,<\/strong>\u00a0<strong>Antequera<\/strong>\u00a0y <strong>Haro<\/strong>.<\/em><\/p>\n<p>&nbsp;<\/p>\n<div id=\"attachment_1813\" style=\"width: 673px\" class=\"wp-caption aligncenter\"><a href=\"\/dicestudemili\/wp-content\/uploads\/sites\/57\"><img aria-describedby=\"caption-attachment-1813\" loading=\"lazy\" class=\" wp-image-1813   \" title=\"En la ermita de Santa Ana en 1986.\" src=\"\/dicestudemili\/wp-content\/uploads\/sites\/57\/2014\/03\/3.jpg\" alt=\"En la ermita de Santa Ana en 1986.\" width=\"663\" height=\"356\" srcset=\"https:\/\/static-blogs.hoy.es\/wp-content\/uploads\/sites\/57\/2014\/03\/3.jpg 1200w, https:\/\/static-blogs.hoy.es\/wp-content\/uploads\/sites\/57\/2014\/03\/3-300x161.jpg 300w, https:\/\/static-blogs.hoy.es\/wp-content\/uploads\/sites\/57\/2014\/03\/3-768x413.jpg 768w, https:\/\/static-blogs.hoy.es\/wp-content\/uploads\/sites\/57\/2014\/03\/3-1024x550.jpg 1024w\" sizes=\"(max-width: 663px) 100vw, 663px\" \/><\/a><p id=\"caption-attachment-1813\" class=\"wp-caption-text\">En la ermita de Santa Ana en 1986.<\/p><\/div>\n<p>&nbsp;<\/p>\n<p><em>Esta imagen es de 1987, delante del Gobierno Militar, en el <strong>Palacio de las Cig\u00fce\u00f1as de C\u00e1ceres<\/strong>. En la izquierda est\u00e1 el pater, los guardias civiles <strong>Rebollo<\/strong> y el <strong>comandante Haro<\/strong>, que ahora es coronel. Por el centro estoy yo, <strong>Romero Tejado<\/strong>, <strong>Camu\u00f1as<\/strong>, <strong>Molina<\/strong>, el <strong>coronel Ortego<\/strong>, <strong>Castroviejo<\/strong>, <strong>Mogoll\u00f3n<\/strong> y <strong>Vel\u00e1zquez.<\/strong> A la derecha est\u00e1 el <strong>comandante Hurtado<\/strong>, que ahora es general, el mando superior de la Guardia Civil en Extremadura.<\/em><\/p>\n<p>&nbsp;<\/p>\n<div id=\"attachment_1814\" style=\"width: 682px\" class=\"wp-caption aligncenter\"><a href=\"\/dicestudemili\/wp-content\/uploads\/sites\/57\"><img aria-describedby=\"caption-attachment-1814\" loading=\"lazy\" class=\" wp-image-1814    \" title=\"Mandos del Ej\u00e9rcito de Tierra y la Guardia Civil de la provincia de C\u00e1ceres en 1987.\" src=\"\/dicestudemili\/wp-content\/uploads\/sites\/57\/2014\/03\/4.jpg\" alt=\"Mandos del Ej\u00e9rcito de Tierra y la Guardia Civil de la provincia de C\u00e1ceres en 1987.\" width=\"672\" height=\"259\" srcset=\"https:\/\/static-blogs.hoy.es\/wp-content\/uploads\/sites\/57\/2014\/03\/4.jpg 2338w, https:\/\/static-blogs.hoy.es\/wp-content\/uploads\/sites\/57\/2014\/03\/4-300x115.jpg 300w, https:\/\/static-blogs.hoy.es\/wp-content\/uploads\/sites\/57\/2014\/03\/4-768x296.jpg 768w, https:\/\/static-blogs.hoy.es\/wp-content\/uploads\/sites\/57\/2014\/03\/4-1024x394.jpg 1024w\" sizes=\"(max-width: 672px) 100vw, 672px\" \/><\/a><p id=\"caption-attachment-1814\" class=\"wp-caption-text\">Mandos del Ej\u00e9rcito de Tierra y la Guardia Civil de la provincia de C\u00e1ceres en 1987.<\/p><\/div>\n<p>&nbsp;<\/p>\n<p><em>En 1987 fui destinado a Barcelona. Regres\u00e9 a la provincia de C\u00e1ceres en <strong>1989, al CIR de Plasencia<\/strong> en el que estuve hasta 1991, cuando lo mandaba el <strong>teniente coronel Tello<\/strong>, que se muri\u00f3 muy joven. All\u00ed estuve con el <strong>comandante Molina<\/strong> (que ahora es coronel), los <strong>capitanes Prisciliano<\/strong>, <strong>Rolando<\/strong>&#8230;<\/em><\/p>\n<p><em>En esta imagen, de cuando estuve en el CIR de Plasencia, Rolando, Prisciliano (de espaldas) y yo estamos mirando al teniente coronel Tello.<\/em><\/p>\n<p>&nbsp;<\/p>\n<div id=\"attachment_1815\" style=\"width: 673px\" class=\"wp-caption aligncenter\"><a href=\"\/dicestudemili\/wp-content\/uploads\/sites\/57\"><img aria-describedby=\"caption-attachment-1815\" loading=\"lazy\" class=\" wp-image-1815   \" title=\"En el CIR de Plasencia con el teniente coronel Tello.\" src=\"\/dicestudemili\/wp-content\/uploads\/sites\/57\/2014\/03\/5.jpg\" alt=\"En el CIR de Plasencia con el teniente coronel Tello.\" width=\"663\" height=\"474\" srcset=\"https:\/\/static-blogs.hoy.es\/wp-content\/uploads\/sites\/57\/2014\/03\/5.jpg 1259w, https:\/\/static-blogs.hoy.es\/wp-content\/uploads\/sites\/57\/2014\/03\/5-300x214.jpg 300w, https:\/\/static-blogs.hoy.es\/wp-content\/uploads\/sites\/57\/2014\/03\/5-768x549.jpg 768w, https:\/\/static-blogs.hoy.es\/wp-content\/uploads\/sites\/57\/2014\/03\/5-1024x732.jpg 1024w\" sizes=\"(max-width: 663px) 100vw, 663px\" \/><\/a><p id=\"caption-attachment-1815\" class=\"wp-caption-text\">En el CIR de Plasencia con el teniente coronel Tello.<\/p><\/div>\n<p>&nbsp;<\/p>\n<p><em>Esta otra imagen es de una jura de bandera en Plasencia en esa \u00e9poca.<\/em><\/p>\n<p>&nbsp;<\/p>\n<div id=\"attachment_1816\" style=\"width: 747px\" class=\"wp-caption aligncenter\"><a href=\"\/dicestudemili\/wp-content\/uploads\/sites\/57\"><img aria-describedby=\"caption-attachment-1816\" loading=\"lazy\" class=\" wp-image-1816  \" title=\"Jura de bandera en Plasencia.\" src=\"\/dicestudemili\/wp-content\/uploads\/sites\/57\/2014\/03\/6.jpg\" alt=\"Jura de bandera en Plasencia.\" width=\"737\" height=\"423\" srcset=\"https:\/\/static-blogs.hoy.es\/wp-content\/uploads\/sites\/57\/2014\/03\/6.jpg 1570w, https:\/\/static-blogs.hoy.es\/wp-content\/uploads\/sites\/57\/2014\/03\/6-300x172.jpg 300w, https:\/\/static-blogs.hoy.es\/wp-content\/uploads\/sites\/57\/2014\/03\/6-768x440.jpg 768w, https:\/\/static-blogs.hoy.es\/wp-content\/uploads\/sites\/57\/2014\/03\/6-1024x587.jpg 1024w\" sizes=\"(max-width: 737px) 100vw, 737px\" \/><\/a><p id=\"caption-attachment-1816\" class=\"wp-caption-text\">Jura de bandera en Plasencia.<\/p><\/div>\n<p>&nbsp;<\/p>\n<p><em><span style=\"font-size: 13px;\">Despu\u00e9s de Plasencia, me destinaron <strong>dos a\u00f1os a C\u00e1ceres<\/strong>. Luego me march\u00e9 y volv\u00ed, estando <strong>en el acuartelamiento de C\u00e1ceres 17 a\u00f1os seguidos, desde 1995 al 2012<\/strong>. En C\u00e1ceres estuve de capit\u00e1n y conoc\u00ed como era una compa\u00f1\u00eda como unidad independiente, luego estuve de comandante, jefe de estudios, etc\u00e9tera.<\/span><\/em><\/p>\n<p><em><span style=\"font-size: 13px;\">De la \u00e9poca de la mili me acuerdo de personajes famosos que han hecho el servicio militar en C\u00e1ceres. Tuve conmigo al torero <strong>Finito de C\u00f3rdoba<\/strong>, que fue un gran chaval, cualquier cosa que le ped\u00edamos la hac\u00eda, como ir a visitar a los discapacitados acogidos en los <strong>Hermanos de la Cruz Blanca<\/strong>, que fue un d\u00eda espectacular. Tambi\u00e9n estuvo conmigo<strong> un sobrino de su majestad el Rey<\/strong>, el hijo de la <strong>infanta Margarita<\/strong>.<\/span><\/em><\/p>\n<p><em><span style=\"font-size: 13px;\">De an\u00e9cdotas de la mili, me acuerdo una vez que hab\u00edamos visto a uno que se hab\u00eda escapado de las clases, salimos corriendo detr\u00e1s de \u00e9l para ver si le pill\u00e1bamos. Se meti\u00f3 en la cocina, y buscando, buscando, no d\u00e1bamos con \u00e9l&#8230; hasta que al final se le encontr\u00f3 metido en una olla o marmita.<\/span><\/em><\/p>\n<p><em>Esta fotograf\u00eda es de 1997, de una excursi\u00f3n que hizo la <strong>Unidad de Servicios<\/strong>, cuando la mandaba yo, a la <strong>Pe\u00f1a de Francia<\/strong>, con todos los que est\u00e1bamos en la Compa\u00f1\u00eda. Est\u00e1n <strong>Antol\u00edn Galindo<\/strong>, <strong>Felipe Sanguino<\/strong>, el <strong>capit\u00e1n Agapito<\/strong>&#8230;<\/em><\/p>\n<p>&nbsp;<\/p>\n<div id=\"attachment_1817\" style=\"width: 665px\" class=\"wp-caption aligncenter\"><a href=\"\/dicestudemili\/wp-content\/uploads\/sites\/57\/2014\/03\/P7081170.jpg\"><img aria-describedby=\"caption-attachment-1817\" loading=\"lazy\" class=\" wp-image-1817  \" title=\"Excursi\u00f3n, en 1997, de la Unidad de Servicios a la Pe\u00f1a de Francia.\" src=\"\/dicestudemili\/wp-content\/uploads\/sites\/57\/2014\/03\/P7081170.jpg\" alt=\"Excursi\u00f3n, en 1997, de la Unidad de Servicios a la Pe\u00f1a de Francia.\" width=\"655\" height=\"456\" srcset=\"https:\/\/static-blogs.hoy.es\/wp-content\/uploads\/sites\/57\/2014\/03\/P7081170.jpg 1091w, https:\/\/static-blogs.hoy.es\/wp-content\/uploads\/sites\/57\/2014\/03\/P7081170-300x209.jpg 300w, https:\/\/static-blogs.hoy.es\/wp-content\/uploads\/sites\/57\/2014\/03\/P7081170-768x534.jpg 768w, https:\/\/static-blogs.hoy.es\/wp-content\/uploads\/sites\/57\/2014\/03\/P7081170-1024x712.jpg 1024w\" sizes=\"(max-width: 655px) 100vw, 655px\" \/><\/a><p id=\"caption-attachment-1817\" class=\"wp-caption-text\">Excursi\u00f3n, en 1997, de la Unidad de Servicios a la Pe\u00f1a de Francia.<\/p><\/div>\n<p><em><span style=\"color: #000000;\">\u00a0<\/span><\/em><\/p>\n<p>&nbsp;<\/p>\n<!-- AddThis Advanced Settings generic via filter on the_content --><!-- AddThis Share Buttons generic via filter on the_content -->","protected":false},"excerpt":{"rendered":"<p>Nac\u00ed en Burgos, pero llegu\u00e9 a C\u00e1ceres cuando ten\u00eda cuatro a\u00f1os. En esta ciudad estudi\u00e9 el bachillerato en el Colegio San Antonio y luego fui al Instituto. Mi abuelo fue militar, igual que mi padre; tambi\u00e9n es militar un hermano y varios sobrinos. Yo nunca tuve otro pensamiento m\u00e1s que el de ser militar. En [&hellip;]<!-- AddThis Advanced Settings generic via filter on get_the_excerpt --><!-- AddThis Share Buttons generic via filter on get_the_excerpt --><\/p>\n","protected":false},"author":62,"featured_media":0,"comment_status":"open","ping_status":"closed","sticky":false,"template":"","format":"standard","meta":[],"categories":[6],"tags":[26,86,87,93,130,195,213,220,262,264,300,301,344,367,391,397,460,498,515,518,540,586,615,626,658,666,842,850,851,932,983,991,992,993,1055,1059,1069,1071,1100,1104,1113,1173],"_links":{"self":[{"href":"https:\/\/blogs.hoy.es\/dicestudemili\/wp-json\/wp\/v2\/posts\/1809"}],"collection":[{"href":"https:\/\/blogs.hoy.es\/dicestudemili\/wp-json\/wp\/v2\/posts"}],"about":[{"href":"https:\/\/blogs.hoy.es\/dicestudemili\/wp-json\/wp\/v2\/types\/post"}],"author":[{"embeddable":true,"href":"https:\/\/blogs.hoy.es\/dicestudemili\/wp-json\/wp\/v2\/users\/62"}],"replies":[{"embeddable":true,"href":"https:\/\/blogs.hoy.es\/dicestudemili\/wp-json\/wp\/v2\/comments?post=1809"}],"version-history":[{"count":1,"href":"https:\/\/blogs.hoy.es\/dicestudemili\/wp-json\/wp\/v2\/posts\/1809\/revisions"}],"predecessor-version":[{"id":1840,"href":"https:\/\/blogs.hoy.es\/dicestudemili\/wp-json\/wp\/v2\/posts\/1809\/revisions\/1840"}],"wp:attachment":[{"href":"https:\/\/blogs.hoy.es\/dicestudemili\/wp-json\/wp\/v2\/media?parent=1809"}],"wp:term":[{"taxonomy":"category","embeddable":true,"href":"https:\/\/blogs.hoy.es\/dicestudemili\/wp-json\/wp\/v2\/categories?post=1809"},{"taxonomy":"post_tag","embeddable":true,"href":"https:\/\/blogs.hoy.es\/dicestudemili\/wp-json\/wp\/v2\/tags?post=1809"}],"curies":[{"name":"wp","href":"https:\/\/api.w.org\/{rel}","templated":true}]}}