{"id":1818,"date":"2014-03-30T14:17:58","date_gmt":"2014-03-30T14:17:58","guid":{"rendered":"http:\/\/blogs.hoy.es\/dicestudemili\/?p=1818"},"modified":"2014-03-30T14:17:58","modified_gmt":"2014-03-30T14:17:58","slug":"coronel-fernandez-rincon-y-2","status":"publish","type":"post","link":"https:\/\/blogs.hoy.es\/dicestudemili\/2014\/03\/30\/coronel-fernandez-rincon-y-2\/","title":{"rendered":"Coronel Fern\u00e1ndez Rinc\u00f3n (y 2): &#8220;El Campamento Santa Ana era como una ciudad&#8221;"},"content":{"rendered":"<p><em style=\"font-size: 13px;\">En el <strong>Campamento Santa Ana de C\u00e1ceres<\/strong> he estado con 8 coroneles, que todos fueron buenos. Unos ten\u00edan sus man\u00edas e inquietudes; unos eran hombres muy profundos, que preparaban unos discursos maravillosos como el <strong>coronel Gonzalvo;<\/strong>\u00a0a otros les preocupaba mucho la seguridad y parec\u00eda que nos iban a atacar todos los d\u00edas. La verdad es que todos han sido buena gente, cada uno en su estilo. Se dec\u00eda que siempre ven\u00eda un coronel duro y luego otro m\u00e1s blando, que se alternaban; pero, bueno, yo creo que no, que todos ten\u00edan su estilo seg\u00fan su procedencia: si ven\u00eda de una unidad dura como la brigada Paracaidista, pues eran duros; y si ven\u00edan de una unidad de ense\u00f1anza, pues era otro estilo.<\/em><\/p>\n<p><em>Est\u00e1 fotograf\u00eda es de la despedida del <strong>coronel Oliver<\/strong>, a la izquierda est\u00e1 <strong>\u00c1ngel Juanes<\/strong>, cuando era presidente del Tribunal Superior de Justicia de Extremadura.<\/em><\/p>\n<p>&nbsp;<\/p>\n<div id=\"attachment_1819\" style=\"width: 600px\" class=\"wp-caption aligncenter\"><a href=\"\/dicestudemili\/wp-content\/uploads\/sites\/57\"><img aria-describedby=\"caption-attachment-1819\" loading=\"lazy\" class=\" wp-image-1819   \" title=\"Despedida del coronel Oliver.\" src=\"\/dicestudemili\/wp-content\/uploads\/sites\/57\/2014\/03\/9.jpg\" alt=\"Despedida del coronel Oliver.\" width=\"590\" height=\"350\" srcset=\"https:\/\/static-blogs.hoy.es\/wp-content\/uploads\/sites\/57\/2014\/03\/9.jpg 1172w, https:\/\/static-blogs.hoy.es\/wp-content\/uploads\/sites\/57\/2014\/03\/9-300x178.jpg 300w, https:\/\/static-blogs.hoy.es\/wp-content\/uploads\/sites\/57\/2014\/03\/9-768x455.jpg 768w, https:\/\/static-blogs.hoy.es\/wp-content\/uploads\/sites\/57\/2014\/03\/9-1024x606.jpg 1024w\" sizes=\"(max-width: 590px) 100vw, 590px\" \/><\/a><p id=\"caption-attachment-1819\" class=\"wp-caption-text\">Despedida del coronel Oliver.<\/p><\/div>\n<p>&nbsp;<\/p>\n<p><em style=\"font-size: 13px;\">Esta imagen es de la despedida de <strong>Antonio Dom\u00ednguez<\/strong> que se tuvo que ir de C\u00e1ceres al ascender a coronel.<\/em><\/p>\n<p>&nbsp;<\/p>\n<div id=\"attachment_1821\" style=\"width: 600px\" class=\"wp-caption aligncenter\"><a href=\"\/dicestudemili\/wp-content\/uploads\/sites\/57\/2014\/03\/10.jpg\"><img aria-describedby=\"caption-attachment-1821\" loading=\"lazy\" class=\" wp-image-1821   \" title=\"Despedida del coronel Antonio Dom\u00ednguez.\" src=\"\/dicestudemili\/wp-content\/uploads\/sites\/57\/2014\/03\/10.jpg\" alt=\"Despedida del coronel Antonio Dom\u00ednguez.\" width=\"590\" height=\"458\" srcset=\"https:\/\/static-blogs.hoy.es\/wp-content\/uploads\/sites\/57\/2014\/03\/10.jpg 1073w, https:\/\/static-blogs.hoy.es\/wp-content\/uploads\/sites\/57\/2014\/03\/10-300x233.jpg 300w, https:\/\/static-blogs.hoy.es\/wp-content\/uploads\/sites\/57\/2014\/03\/10-768x596.jpg 768w, https:\/\/static-blogs.hoy.es\/wp-content\/uploads\/sites\/57\/2014\/03\/10-1024x794.jpg 1024w\" sizes=\"(max-width: 590px) 100vw, 590px\" \/><\/a><p id=\"caption-attachment-1821\" class=\"wp-caption-text\">Despedida del coronel Antonio Dom\u00ednguez.<\/p><\/div>\n<p>&nbsp;<\/p>\n<p><em style=\"font-size: 13px;\">El Campamento Santa Ana era como una ciudad, hasta tal punto que all\u00ed se ten\u00edan todos los servicios. En mi \u00e9poca lleg\u00e1bamos a vivir all\u00ed hasta 2.000 personas. Hab\u00eda cine por las tardes, a las siete, con pel\u00edculas modernas; estaban los bares; hab\u00eda Canal Plus para ver los partidos; un centro deportivo, billares, futbolines&#8230; <strong>Caja Duero<\/strong> nos pag\u00f3 una iluminaci\u00f3n del campo de deportes y se pod\u00eda jugar por la noche; a los reclutas se les daba balones, bicicletas para montar, ten\u00edan de todo&#8230; <\/em><\/p>\n<p><em style=\"font-size: 13px;\">Hab\u00eda un kiosco en el que se pod\u00eda comprar de todo. En la \u00e9poca en la que se pod\u00eda fumar en cualquier sitio hab\u00eda un estanco, que deb\u00eda de ser uno de los m\u00e1s rentables de C\u00e1ceres. Cuando a\u00fan no estaban los tel\u00e9fonos m\u00f3viles, hab\u00eda m\u00e1s de 30 cabinas de tel\u00e9fono con una recaudaci\u00f3n muy importante. Lleg\u00f3 a haber panader\u00eda y hemos tenido y tenemos un capit\u00e1n veterinario que controla la cocina que entra y, si no le gusta la echa para atr\u00e1s. Se consum\u00eda en alimentos una barbaridad y en otras cosas&#8230; cuando ven\u00edan los chavales los primeros d\u00edas, que ven\u00edan con dinero, yo les ve\u00eda hacer colas en las tiendas de deportes para comprar deportivas: Se originaba mucha inversi\u00f3n en C\u00e1ceres. <em>Luego los autobuses a C\u00e1ceres bajaban y sub\u00edan llenos.\u00a0<\/em>Hab\u00eda chavales que igual no bajaban a la ciudad en el primer mes, porque la Poller\u00eda estaba bien, hac\u00edan amistades, ven\u00edan familiares a verles, se ve\u00edan los partidos de f\u00fatbol, llamaban a la novia por la cabina de tel\u00e9fono, se acostaban pronto y no se acordaban de la ciudad; pero luego, los fines de semana sal\u00edan y nosotros provoc\u00e1bamos que la gente saliera, que conociera la ciudad.<\/em><\/p>\n<p><em>Esta imagen es 1996, es en las obras de la reforma de la <strong>ermita Santa Ana<\/strong>,<\/em><em style=\"font-size: 13px;\">\u00a0con el <strong>teniente coronel Dom\u00ednguez<\/strong>, y el <strong>coronel jefe del Cefot Oliver<\/strong>.<\/em><\/p>\n<p>&nbsp;<\/p>\n<div id=\"attachment_1822\" style=\"width: 610px\" class=\"wp-caption aligncenter\"><a href=\"\/dicestudemili\/wp-content\/uploads\/sites\/57\/2014\/03\/14.jpg\"><img aria-describedby=\"caption-attachment-1822\" loading=\"lazy\" class=\" wp-image-1822 \" title=\"En las obras de la ermita Santa Ana.\" src=\"\/dicestudemili\/wp-content\/uploads\/sites\/57\/2014\/03\/14.jpg\" alt=\"En las obras de la ermita Santa Ana.\" width=\"600\" height=\"675\" srcset=\"https:\/\/static-blogs.hoy.es\/wp-content\/uploads\/sites\/57\/2014\/03\/14.jpg 667w, https:\/\/static-blogs.hoy.es\/wp-content\/uploads\/sites\/57\/2014\/03\/14-267x300.jpg 267w\" sizes=\"(max-width: 600px) 100vw, 600px\" \/><\/a><p id=\"caption-attachment-1822\" class=\"wp-caption-text\">En las obras de la ermita Santa Ana.<\/p><\/div>\n<p>&nbsp;<\/p>\n<p><em>Las juras de bandera atra\u00edan a mucha gente a C\u00e1ceres. Yo les recomendaba a los chavales, nada m\u00e1s incorporarse, que al d\u00eda siguiente ya reservaran habitaci\u00f3n para sus padres, porque yo hab\u00eda reservado para amistades hoteles hasta en Portugal para venir a la jura de bandera. Es que antes no hab\u00eda tantos hoteles en C\u00e1ceres como ahora. Cuando hab\u00eda jura de bandera los autobuses estaban llegando toda la noche y se montaban verdaderos negocios de bocadillos a las tres de la madrugada, o de gente vendiendo caf\u00e9 y churros. Ven\u00edan los autobuses de Barcelona, Galicia, Pa\u00eds Vasco&#8230; Desayunaban y ya se quedaban en el cuartel a esperar la jura de bandera, y cuando terminaban se llevaban al muchacho, que ten\u00edan una semana de vacaciones hasta que se incorporaba a su unidad. Eran palizones; pero como puede hacer alguno ahora para ver un partido de f\u00fatbol que organiza una pe\u00f1a; es igual.<\/em><\/p>\n<p>&nbsp;<\/p>\n<p><em>En esta fotograf\u00eda estoy con el periodista <strong>Tico Medina<\/strong> cuando vino a ver a un sobrino a una jura de bandera en 1997.<\/em><\/p>\n<p>&nbsp;<\/p>\n<div id=\"attachment_1823\" style=\"width: 594px\" class=\"wp-caption aligncenter\"><a href=\"\/dicestudemili\/wp-content\/uploads\/sites\/57\"><img aria-describedby=\"caption-attachment-1823\" loading=\"lazy\" class=\" wp-image-1823 \" title=\"Con el periodista Tico Medina.\" src=\"\/dicestudemili\/wp-content\/uploads\/sites\/57\/2014\/03\/8.jpg\" alt=\"Con el periodista Tico Medina.\" width=\"584\" height=\"819\" srcset=\"https:\/\/static-blogs.hoy.es\/wp-content\/uploads\/sites\/57\/2014\/03\/8.jpg 989w, https:\/\/static-blogs.hoy.es\/wp-content\/uploads\/sites\/57\/2014\/03\/8-214x300.jpg 214w, https:\/\/static-blogs.hoy.es\/wp-content\/uploads\/sites\/57\/2014\/03\/8-768x1076.jpg 768w, https:\/\/static-blogs.hoy.es\/wp-content\/uploads\/sites\/57\/2014\/03\/8-731x1024.jpg 731w\" sizes=\"(max-width: 584px) 100vw, 584px\" \/><\/a><p id=\"caption-attachment-1823\" class=\"wp-caption-text\">Con el periodista Tico Medina.<\/p><\/div>\n<p>&nbsp;<\/p>\n<p><em>Hab\u00eda \u00e9pocas duras, como cuando se hablaba de disolver la Unidad, pero siempre manten\u00edamos la calma porque sab\u00edamos que la ciudad de C\u00e1ceres nos iba a apoyar, como as\u00ed ha sido. Ahora se va a entregar al Cefot <strong>la medalla de la ciudad de C\u00e1ceres<\/strong>, y quiero desde aqu\u00ed felicitar al coronel, considerando que ha sido un triunfo de todos los mandos y tropa que han pasado por el acuartelamiento de C\u00e1ceres, porque han dejado la impronta del cari\u00f1o a la ciudad.<\/em><\/p>\n<p>Estas tres im\u00e1genes son del cocido que se hizo para 8.500 personas en la <strong>Plaza Mayor<\/strong> de C\u00e1ceres el <strong>28 de marzo de1998<\/strong>.<\/p>\n<p>&nbsp;<\/p>\n<div id=\"attachment_1824\" style=\"width: 673px\" class=\"wp-caption aligncenter\"><a href=\"\/dicestudemili\/wp-content\/uploads\/sites\/57\/2014\/03\/11.jpg\"><img aria-describedby=\"caption-attachment-1824\" loading=\"lazy\" class=\" wp-image-1824   \" title=\"En la imagen est\u00e1n el periodista Jos\u00e9 Mar\u00eda Parra, el concejal Rumbo de La Monta\u00f1a, el coronel Dom\u00ednguez.\" src=\"\/dicestudemili\/wp-content\/uploads\/sites\/57\/2014\/03\/11.jpg\" alt=\"En la imagen est\u00e1n el periodista Jos\u00e9 Mar\u00eda Parra, el concejal Rumbo de La Monta\u00f1a, el coronel Dom\u00ednguez.\" width=\"663\" height=\"369\" srcset=\"https:\/\/static-blogs.hoy.es\/wp-content\/uploads\/sites\/57\/2014\/03\/11.jpg 1046w, https:\/\/static-blogs.hoy.es\/wp-content\/uploads\/sites\/57\/2014\/03\/11-300x167.jpg 300w, https:\/\/static-blogs.hoy.es\/wp-content\/uploads\/sites\/57\/2014\/03\/11-768x427.jpg 768w, https:\/\/static-blogs.hoy.es\/wp-content\/uploads\/sites\/57\/2014\/03\/11-1024x570.jpg 1024w\" sizes=\"(max-width: 663px) 100vw, 663px\" \/><\/a><p id=\"caption-attachment-1824\" class=\"wp-caption-text\">Aqu\u00ed est\u00e1n el periodista Jos\u00e9 Mar\u00eda Parra, Rumbo de La Monta\u00f1a, el coronel Dom\u00ednguez, Pedro Calder\u00f3n y Raimundo Medina.<\/p><\/div>\n<p>&nbsp;<\/p>\n<div id=\"attachment_1825\" style=\"width: 655px\" class=\"wp-caption aligncenter\"><a href=\"\/dicestudemili\/wp-content\/uploads\/sites\/57\/2014\/03\/12.jpg\"><img aria-describedby=\"caption-attachment-1825\" loading=\"lazy\" class=\" wp-image-1825  \" title=\"Aqu\u00ed estoy con Victoriano Roncero, Teodoro Casado y Domingo Nevado.\" src=\"\/dicestudemili\/wp-content\/uploads\/sites\/57\/2014\/03\/12.jpg\" alt=\"Aqu\u00ed estoy con Victoriano Roncero, Teodoro Casado y Domingo Nevado.\" width=\"645\" height=\"484\" srcset=\"https:\/\/static-blogs.hoy.es\/wp-content\/uploads\/sites\/57\/2014\/03\/12.jpg 1200w, https:\/\/static-blogs.hoy.es\/wp-content\/uploads\/sites\/57\/2014\/03\/12-300x225.jpg 300w, https:\/\/static-blogs.hoy.es\/wp-content\/uploads\/sites\/57\/2014\/03\/12-768x576.jpg 768w, https:\/\/static-blogs.hoy.es\/wp-content\/uploads\/sites\/57\/2014\/03\/12-1024x768.jpg 1024w\" sizes=\"(max-width: 645px) 100vw, 645px\" \/><\/a><p id=\"caption-attachment-1825\" class=\"wp-caption-text\">Aqu\u00ed estoy junto a Victoriano Roncero, Teodoro Casado y Domingo Nevado.<\/p><\/div>\n<p>&nbsp;<\/p>\n<div id=\"attachment_1826\" style=\"width: 727px\" class=\"wp-caption aligncenter\"><a href=\"\/dicestudemili\/wp-content\/uploads\/sites\/57\/2014\/03\/13.jpg\"><img aria-describedby=\"caption-attachment-1826\" loading=\"lazy\" class=\" wp-image-1826 \" title=\"Otra imagen del cocido de la Plaza Mayor.\" src=\"\/dicestudemili\/wp-content\/uploads\/sites\/57\/2014\/03\/13.jpg\" alt=\"Otra imagen del cocido de la Plaza Mayor.\" width=\"717\" height=\"538\" srcset=\"https:\/\/static-blogs.hoy.es\/wp-content\/uploads\/sites\/57\/2014\/03\/13.jpg 1200w, https:\/\/static-blogs.hoy.es\/wp-content\/uploads\/sites\/57\/2014\/03\/13-300x225.jpg 300w, https:\/\/static-blogs.hoy.es\/wp-content\/uploads\/sites\/57\/2014\/03\/13-768x576.jpg 768w, https:\/\/static-blogs.hoy.es\/wp-content\/uploads\/sites\/57\/2014\/03\/13-1024x768.jpg 1024w\" sizes=\"(max-width: 717px) 100vw, 717px\" \/><\/a><p id=\"caption-attachment-1826\" class=\"wp-caption-text\">Otra imagen del cocido de la Plaza Mayor.<\/p><\/div>\n<p>&nbsp;<\/p>\n<p>&nbsp;<\/p>\n<p>&nbsp;<\/p>\n<p>&nbsp;<\/p>\n<!-- AddThis Advanced Settings generic via filter on the_content --><!-- AddThis Share Buttons generic via filter on the_content -->","protected":false},"excerpt":{"rendered":"<p>En el Campamento Santa Ana de C\u00e1ceres he estado con 8 coroneles, que todos fueron buenos. Unos ten\u00edan sus man\u00edas e inquietudes; unos eran hombres muy profundos, que preparaban unos discursos maravillosos como el coronel Gonzalvo;\u00a0a otros les preocupaba mucho la seguridad y parec\u00eda que nos iban a atacar todos los d\u00edas. La verdad es [&hellip;]<!-- AddThis Advanced Settings generic via filter on get_the_excerpt --><!-- AddThis Share Buttons generic via filter on get_the_excerpt --><\/p>\n","protected":false},"author":62,"featured_media":0,"comment_status":"open","ping_status":"closed","sticky":false,"template":"","format":"standard","meta":[],"categories":[6],"tags":[79,195,374,380,396,441,700,747,842,930,953,998,1134,1141,1180],"_links":{"self":[{"href":"https:\/\/blogs.hoy.es\/dicestudemili\/wp-json\/wp\/v2\/posts\/1818"}],"collection":[{"href":"https:\/\/blogs.hoy.es\/dicestudemili\/wp-json\/wp\/v2\/posts"}],"about":[{"href":"https:\/\/blogs.hoy.es\/dicestudemili\/wp-json\/wp\/v2\/types\/post"}],"author":[{"embeddable":true,"href":"https:\/\/blogs.hoy.es\/dicestudemili\/wp-json\/wp\/v2\/users\/62"}],"replies":[{"embeddable":true,"href":"https:\/\/blogs.hoy.es\/dicestudemili\/wp-json\/wp\/v2\/comments?post=1818"}],"version-history":[{"count":0,"href":"https:\/\/blogs.hoy.es\/dicestudemili\/wp-json\/wp\/v2\/posts\/1818\/revisions"}],"wp:attachment":[{"href":"https:\/\/blogs.hoy.es\/dicestudemili\/wp-json\/wp\/v2\/media?parent=1818"}],"wp:term":[{"taxonomy":"category","embeddable":true,"href":"https:\/\/blogs.hoy.es\/dicestudemili\/wp-json\/wp\/v2\/categories?post=1818"},{"taxonomy":"post_tag","embeddable":true,"href":"https:\/\/blogs.hoy.es\/dicestudemili\/wp-json\/wp\/v2\/tags?post=1818"}],"curies":[{"name":"wp","href":"https:\/\/api.w.org\/{rel}","templated":true}]}}