{"id":1851,"date":"2014-06-02T06:49:09","date_gmt":"2014-06-02T06:49:09","guid":{"rendered":"http:\/\/blogs.hoy.es\/dicestudemili\/?p=1851"},"modified":"2014-06-02T06:49:09","modified_gmt":"2014-06-02T06:49:09","slug":"las-teoricas-en-los-circulos","status":"publish","type":"post","link":"https:\/\/blogs.hoy.es\/dicestudemili\/2014\/06\/02\/las-teoricas-en-los-circulos\/","title":{"rendered":"Las te\u00f3ricas en los c\u00edrculos"},"content":{"rendered":"<div id=\"attachment_1852\" style=\"width: 747px\" class=\"wp-caption aligncenter\"><a href=\"\/dicestudemili\/wp-content\/uploads\/sites\/57\/2014\/06\/te\u00f3ricas.jpg\"><img aria-describedby=\"caption-attachment-1852\" loading=\"lazy\" class=\" wp-image-1852  \" title=\"La fotograf\u00eda es de principios de los a\u00f1os 80.\" src=\"\/dicestudemili\/wp-content\/uploads\/sites\/57\/2014\/06\/te\u00f3ricas.jpg\" alt=\"La fotograf\u00eda es de principios de los a\u00f1os 80.\" width=\"737\" height=\"478\" srcset=\"https:\/\/static-blogs.hoy.es\/wp-content\/uploads\/sites\/57\/2014\/06\/te\u00f3ricas.jpg 1126w, https:\/\/static-blogs.hoy.es\/wp-content\/uploads\/sites\/57\/2014\/06\/te\u00f3ricas-300x195.jpg 300w, https:\/\/static-blogs.hoy.es\/wp-content\/uploads\/sites\/57\/2014\/06\/te\u00f3ricas-768x499.jpg 768w, https:\/\/static-blogs.hoy.es\/wp-content\/uploads\/sites\/57\/2014\/06\/te\u00f3ricas-1024x665.jpg 1024w\" sizes=\"(max-width: 737px) 100vw, 737px\" \/><\/a><p id=\"caption-attachment-1852\" class=\"wp-caption-text\">La fotograf\u00eda es de principios de los a\u00f1os 80.<\/p><\/div>\n<p>&nbsp;<\/p>\n<p><strong>Jos\u00e9<\/strong> nos env\u00eda esta imagen con este texto: <em>&#8220;Cuando llegaba la calor no hab\u00eda nada mejor que las te\u00f3ricas en los c\u00edrculos. Este espacio lo hicimos con mucho cari\u00f1o y\u00a0poco dinero. Hoy en d\u00eda me da pena cada vez que paso por la carretera y los veo abandonados pero\u00a0en pie, al igual que los grandes monumentos. Quien le iba a decir a <strong>Goyo<\/strong>, que fue el que gestiono su construcci\u00f3n, que treinta y tantos a\u00f1os despu\u00e9s (que no son nada), no s\u00f3lo dejo recuerdos en las memorias&#8230; adem\u00e1s construcciones que marcaron una \u00e9poca.<\/em><\/p>\n<p>Cree que la fotograf\u00eda fue tomada en 1981, &#8220;<em>todav\u00eda hay algunos que van con pantalones color garbanzo<\/em>&#8220;.<\/p>\n<p>Recordamos a los que quieran enviarnos fotos a dicestudemiliencaceres@gmail.com que no se preocupen si est\u00e1n da\u00f1adas o han perdido color. Nosotros las arreglamos.<\/p>\n<!-- AddThis Advanced Settings generic via filter on the_content --><!-- AddThis Share Buttons generic via filter on the_content -->","protected":false},"excerpt":{"rendered":"<p>&nbsp; Jos\u00e9 nos env\u00eda esta imagen con este texto: &#8220;Cuando llegaba la calor no hab\u00eda nada mejor que las te\u00f3ricas en los c\u00edrculos. Este espacio lo hicimos con mucho cari\u00f1o y\u00a0poco dinero. Hoy en d\u00eda me da pena cada vez que paso por la carretera y los veo abandonados pero\u00a0en pie, al igual que los [&hellip;]<!-- AddThis Advanced Settings generic via filter on get_the_excerpt --><!-- AddThis Share Buttons generic via filter on get_the_excerpt --><\/p>\n","protected":false},"author":52,"featured_media":0,"comment_status":"open","ping_status":"closed","sticky":false,"template":"","format":"standard","meta":[],"categories":[5],"tags":[195,324,326,842,1136],"_links":{"self":[{"href":"https:\/\/blogs.hoy.es\/dicestudemili\/wp-json\/wp\/v2\/posts\/1851"}],"collection":[{"href":"https:\/\/blogs.hoy.es\/dicestudemili\/wp-json\/wp\/v2\/posts"}],"about":[{"href":"https:\/\/blogs.hoy.es\/dicestudemili\/wp-json\/wp\/v2\/types\/post"}],"author":[{"embeddable":true,"href":"https:\/\/blogs.hoy.es\/dicestudemili\/wp-json\/wp\/v2\/users\/52"}],"replies":[{"embeddable":true,"href":"https:\/\/blogs.hoy.es\/dicestudemili\/wp-json\/wp\/v2\/comments?post=1851"}],"version-history":[{"count":0,"href":"https:\/\/blogs.hoy.es\/dicestudemili\/wp-json\/wp\/v2\/posts\/1851\/revisions"}],"wp:attachment":[{"href":"https:\/\/blogs.hoy.es\/dicestudemili\/wp-json\/wp\/v2\/media?parent=1851"}],"wp:term":[{"taxonomy":"category","embeddable":true,"href":"https:\/\/blogs.hoy.es\/dicestudemili\/wp-json\/wp\/v2\/categories?post=1851"},{"taxonomy":"post_tag","embeddable":true,"href":"https:\/\/blogs.hoy.es\/dicestudemili\/wp-json\/wp\/v2\/tags?post=1851"}],"curies":[{"name":"wp","href":"https:\/\/api.w.org\/{rel}","templated":true}]}}