{"id":190,"date":"2012-12-02T12:40:01","date_gmt":"2012-12-02T12:40:01","guid":{"rendered":"http:\/\/blogs.hoy.es\/dicestudemili\/?p=190"},"modified":"2012-12-02T12:40:01","modified_gmt":"2012-12-02T12:40:01","slug":"jacinto-martin-en-1966-ya-se-cantaba-campamento-de-santa-ana-matadero-de-reclutas","status":"publish","type":"post","link":"https:\/\/blogs.hoy.es\/dicestudemili\/2012\/12\/02\/jacinto-martin-en-1966-ya-se-cantaba-campamento-de-santa-ana-matadero-de-reclutas\/","title":{"rendered":"\u201cEn 1966 ya se cantaba \u2018Campamento de Santa Ana matadero de reclutas\u2019\u2026\u201d"},"content":{"rendered":"<p>Un recluta del a\u00f1o 1966 indica que ese a\u00f1o el n\u00famero de reclutas era tan elevado,<em> &#8220;que cada d\u00eda se desplazaba a las instalaciones del Campamento de Santa Ana un batall\u00f3n, permaneciendo el resto en el cuartel. As\u00ed que ese verano lo pasamos a caballo entre ambas instalaciones; bueno, lo de a caballo es un decir, porque en realidad nos desplaz\u00e1bamos a bordo de una largu\u00edsima hilera de camiones GMC cantando aquello de &#8220;Campamento de Santa Ana matadero de reclutas, los que vengan en septiembre las van a pasar muy&#8230;&#8221;. Mando una fotograf\u00edas de cacere\u00f1os conocidos, que est\u00e1n tomadas tanto en el campamento como en el cuartel. Ah\u00ed aparecen en la primera foto: <strong>Marcos Mari\u00f1o<\/strong>, <strong>Jacinto Mart\u00edn<\/strong>, <strong>Mariano Mar\u00edn<\/strong>, <strong>Jos\u00e9 Luis Jerez<\/strong>, <strong>Vicente Marcelo<\/strong> y <strong>Enrique Huertas<\/strong>, con el fondo de los edificios, hoy desaparecidos, de las compa\u00f1\u00edas del Cuartel.\u00a0En la segunda fotograf\u00eda a los citados se unen otros,\u00a0como <strong>Pepe Holgu\u00edn<\/strong>, <strong>Juan Antonio Ignacio<\/strong>, <strong>Jos\u00e9 M\u00e1rquez<\/strong>\u2026 y un veterano que destaca por su uniforme diferente.<\/em><\/p>\n<p><em>Por \u00faltimo en la foto tercera, los tres primeros en el Campamento tras las pr\u00e1cticas de tiro.<\/em><\/p>\n<p><em>Un abrazo para todos los de la foto, antiguos compa\u00f1eros y siempre amigos&#8221;.<\/em><\/p>\n<div id=\"attachment_191\" style=\"width: 660px\" class=\"wp-caption aligncenter\"><a href=\"\/dicestudemili\/wp-content\/uploads\/sites\/57\/2012\/12\/01.jpg\"><img aria-describedby=\"caption-attachment-191\" loading=\"lazy\" class=\" wp-image-191 \" title=\"Marcos Mari\u00f1o, yo, Mariano Mar\u00edn, Jos\u00e9 Luis Jerez, Vicente Marcelo y Enrique Huertas.\" src=\"\/dicestudemili\/wp-content\/uploads\/sites\/57\/2012\/12\/01.jpg\" alt=\"Marcos Mari\u00f1o, yo, Mariano Mar\u00edn, Jos\u00e9 Luis Jerez, Vicente Marcelo y Enrique Huertas.\" width=\"650\" height=\"458\" srcset=\"https:\/\/static-blogs.hoy.es\/wp-content\/uploads\/sites\/57\/2012\/12\/01.jpg 812w, https:\/\/static-blogs.hoy.es\/wp-content\/uploads\/sites\/57\/2012\/12\/01-300x212.jpg 300w, https:\/\/static-blogs.hoy.es\/wp-content\/uploads\/sites\/57\/2012\/12\/01-768x542.jpg 768w\" sizes=\"(max-width: 650px) 100vw, 650px\" \/><\/a><p id=\"caption-attachment-191\" class=\"wp-caption-text\">Marcos Mari\u00f1o, Jacinto Mart\u00edn, Mariano Mar\u00edn, Jos\u00e9 Luis Jerez, Vicente Marcelo y Enrique Huertas.<\/p><\/div>\n<div id=\"attachment_192\" style=\"width: 652px\" class=\"wp-caption aligncenter\"><a href=\"\/dicestudemili\/wp-content\/uploads\/sites\/57\/2012\/12\/02.jpg\"><img aria-describedby=\"caption-attachment-192\" loading=\"lazy\" class=\" wp-image-192 \" title=\"La fotograf\u00eda est\u00e1 tomada en el interior del cuartel Santa Isabel.\" src=\"\/dicestudemili\/wp-content\/uploads\/sites\/57\/2012\/12\/02.jpg\" alt=\"La fotograf\u00eda est\u00e1 tomada en el interior del cuartel Santa Isabel.\" width=\"642\" height=\"458\" srcset=\"https:\/\/static-blogs.hoy.es\/wp-content\/uploads\/sites\/57\/2012\/12\/02.jpg 803w, https:\/\/static-blogs.hoy.es\/wp-content\/uploads\/sites\/57\/2012\/12\/02-300x214.jpg 300w, https:\/\/static-blogs.hoy.es\/wp-content\/uploads\/sites\/57\/2012\/12\/02-768x548.jpg 768w\" sizes=\"(max-width: 642px) 100vw, 642px\" \/><\/a><p id=\"caption-attachment-192\" class=\"wp-caption-text\">La fotograf\u00eda est\u00e1 tomada en el interior del cuartel Infanta Isabel.<\/p><\/div>\n<div id=\"attachment_193\" style=\"width: 662px\" class=\"wp-caption aligncenter\"><a href=\"\/dicestudemili\/wp-content\/uploads\/sites\/57\/2012\/12\/03.jpg\"><img aria-describedby=\"caption-attachment-193\" loading=\"lazy\" class=\" wp-image-193 \" title=\"En las pr\u00e1cticas de tiro en el Campamento.\" src=\"\/dicestudemili\/wp-content\/uploads\/sites\/57\/2012\/12\/03.jpg\" alt=\"En las pr\u00e1cticas de tiro en el Campamento.\" width=\"652\" height=\"464\" srcset=\"https:\/\/static-blogs.hoy.es\/wp-content\/uploads\/sites\/57\/2012\/12\/03.jpg 815w, https:\/\/static-blogs.hoy.es\/wp-content\/uploads\/sites\/57\/2012\/12\/03-300x213.jpg 300w, https:\/\/static-blogs.hoy.es\/wp-content\/uploads\/sites\/57\/2012\/12\/03-768x547.jpg 768w\" sizes=\"(max-width: 652px) 100vw, 652px\" \/><\/a><p id=\"caption-attachment-193\" class=\"wp-caption-text\">En las pr\u00e1cticas de tiro en el Campamento.<\/p><\/div>\n<!-- AddThis Advanced Settings generic via filter on the_content --><!-- AddThis Share Buttons generic via filter on the_content -->","protected":false},"excerpt":{"rendered":"<p>Un recluta del a\u00f1o 1966 indica que ese a\u00f1o el n\u00famero de reclutas era tan elevado, &#8220;que cada d\u00eda se desplazaba a las instalaciones del Campamento de Santa Ana un batall\u00f3n, permaneciendo el resto en el cuartel. As\u00ed que ese verano lo pasamos a caballo entre ambas instalaciones; bueno, lo de a caballo es un [&hellip;]<!-- AddThis Advanced Settings generic via filter on get_the_excerpt --><!-- AddThis Share Buttons generic via filter on get_the_excerpt --><\/p>\n","protected":false},"author":52,"featured_media":0,"comment_status":"open","ping_status":"closed","sticky":false,"template":"","format":"standard","meta":[],"categories":[6],"tags":[464,630,688,703,716,803,812,918,1176],"_links":{"self":[{"href":"https:\/\/blogs.hoy.es\/dicestudemili\/wp-json\/wp\/v2\/posts\/190"}],"collection":[{"href":"https:\/\/blogs.hoy.es\/dicestudemili\/wp-json\/wp\/v2\/posts"}],"about":[{"href":"https:\/\/blogs.hoy.es\/dicestudemili\/wp-json\/wp\/v2\/types\/post"}],"author":[{"embeddable":true,"href":"https:\/\/blogs.hoy.es\/dicestudemili\/wp-json\/wp\/v2\/users\/52"}],"replies":[{"embeddable":true,"href":"https:\/\/blogs.hoy.es\/dicestudemili\/wp-json\/wp\/v2\/comments?post=190"}],"version-history":[{"count":0,"href":"https:\/\/blogs.hoy.es\/dicestudemili\/wp-json\/wp\/v2\/posts\/190\/revisions"}],"wp:attachment":[{"href":"https:\/\/blogs.hoy.es\/dicestudemili\/wp-json\/wp\/v2\/media?parent=190"}],"wp:term":[{"taxonomy":"category","embeddable":true,"href":"https:\/\/blogs.hoy.es\/dicestudemili\/wp-json\/wp\/v2\/categories?post=190"},{"taxonomy":"post_tag","embeddable":true,"href":"https:\/\/blogs.hoy.es\/dicestudemili\/wp-json\/wp\/v2\/tags?post=190"}],"curies":[{"name":"wp","href":"https:\/\/api.w.org\/{rel}","templated":true}]}}