{"id":206,"date":"2012-12-04T08:30:47","date_gmt":"2012-12-04T08:30:47","guid":{"rendered":"http:\/\/blogs.hoy.es\/dicestudemili\/?p=206"},"modified":"2012-12-04T08:30:47","modified_gmt":"2012-12-04T08:30:47","slug":"1969-desfilando-en-la-plaza-mayor-llena-de-arboles","status":"publish","type":"post","link":"https:\/\/blogs.hoy.es\/dicestudemili\/2012\/12\/04\/1969-desfilando-en-la-plaza-mayor-llena-de-arboles\/","title":{"rendered":"1969: Desfilando en la Plaza Mayor llena de \u00e1rboles"},"content":{"rendered":"<div id=\"attachment_207\" style=\"width: 673px\" class=\"wp-caption aligncenter\"><a href=\"\/dicestudemili\/wp-content\/uploads\/sites\/57\/2012\/12\/PC040573.jpg\"><img aria-describedby=\"caption-attachment-207\" loading=\"lazy\" class=\" wp-image-207   \" title=\"Acto castrense en la Plaza Mayor.\" src=\"\/dicestudemili\/wp-content\/uploads\/sites\/57\/2012\/12\/PC040573.jpg\" alt=\"Acto castrense en la Plaza Mayor.\" width=\"663\" height=\"420\" srcset=\"https:\/\/static-blogs.hoy.es\/wp-content\/uploads\/sites\/57\/2012\/12\/PC040573.jpg 1158w, https:\/\/static-blogs.hoy.es\/wp-content\/uploads\/sites\/57\/2012\/12\/PC040573-300x190.jpg 300w, https:\/\/static-blogs.hoy.es\/wp-content\/uploads\/sites\/57\/2012\/12\/PC040573-768x487.jpg 768w, https:\/\/static-blogs.hoy.es\/wp-content\/uploads\/sites\/57\/2012\/12\/PC040573-1024x649.jpg 1024w\" sizes=\"(max-width: 663px) 100vw, 663px\" \/><\/a><p id=\"caption-attachment-207\" class=\"wp-caption-text\">Acto castrense en la Plaza Mayor.<\/p><\/div>\n<p>&nbsp;<\/p>\n<p>En esta fotograf\u00eda de <strong>M\u00fa\u00f1ez<\/strong> de <strong>1969<\/strong>, publicada en su libro <strong>\u2018C\u00e1ceres, Plaza Mayor\u2019<\/strong>, se puede ver a soldados en un acto militar que tuvo lugar en una Plaza Mayor llena de \u00e1rboles. Pocos meses despu\u00e9s se perder\u00eda esta imagen, ya que desapareci\u00f3 este hermoso espacio ajardinado, enviando las enormes palmeras al <strong>Parque del Pr\u00edncipe<\/strong>. Hay quien asegura que este acto, que ahora ser\u00eda duramente criticado por grupos ecologistas, se realiz\u00f3 para preparar la visita de Franco en <strong>1970<\/strong>. En la siguiente foto, tambi\u00e9n de M\u00fa\u00f1ez, se ve el desmantelamiento de la hermosa plaza.<\/p>\n<p>&nbsp;<\/p>\n<div id=\"attachment_208\" style=\"width: 665px\" class=\"wp-caption aligncenter\"><a href=\"\/dicestudemili\/wp-content\/uploads\/sites\/57\/2012\/12\/PC040578.jpg\"><img aria-describedby=\"caption-attachment-208\" loading=\"lazy\" class=\" wp-image-208  \" title=\"Quitando los \u00e1rboles de la Plaza Mayor, que entonces se llamaba del General Mola.\" src=\"\/dicestudemili\/wp-content\/uploads\/sites\/57\/2012\/12\/PC040578.jpg\" alt=\"Quitando los \u00e1rboles de la Plaza Mayor, que entonces se llamaba del General Mola.\" width=\"655\" height=\"488\" srcset=\"https:\/\/static-blogs.hoy.es\/wp-content\/uploads\/sites\/57\/2012\/12\/PC040578.jpg 1155w, https:\/\/static-blogs.hoy.es\/wp-content\/uploads\/sites\/57\/2012\/12\/PC040578-300x223.jpg 300w, https:\/\/static-blogs.hoy.es\/wp-content\/uploads\/sites\/57\/2012\/12\/PC040578-768x572.jpg 768w, https:\/\/static-blogs.hoy.es\/wp-content\/uploads\/sites\/57\/2012\/12\/PC040578-1024x762.jpg 1024w\" sizes=\"(max-width: 655px) 100vw, 655px\" \/><\/a><p id=\"caption-attachment-208\" class=\"wp-caption-text\">Quitando los \u00e1rboles de la Plaza Mayor, que entonces se llamaba del General Mola.<\/p><\/div>\n<p>&nbsp;<\/p>\n<p>En el blog \u2018Historias de El Pardo\u2019, <strong>Jos\u00e9 Antonio Hern\u00e1ndez Prieto<\/strong> afirma que hizo el servicio militar en C\u00e1ceres en 1969, <em>\u201cestuve en enero, en la tercera compa\u00f1\u00eda del tercer batall\u00f3n. Nunca podr\u00e9 olvidar el d\u00eda que llegu\u00e9 a C\u00e1ceres, fue mi mejor experiencia. Despu\u00e9s me destinaron a <strong>Madrid<\/strong>, a la rec. Permanente, que tampoco podr\u00e9 olvidar\u201d<\/em>. Un recluta de este a\u00f1o, que no deja su nombre, recuerda en el mismo blog:<em> \u201cYo me incorpor\u00e9 al CIR n\u00ba 3 el 22 de enero del a\u00f1o 1969, por lo tanto ya ha llovido. En aquel invierno pasamos todo el fr\u00edo que quer\u00edamos en aquel cerro haciendo la instrucci\u00f3n; pero, en fin, guardo gratos recuerdos de aquel tiempo. Entonces yo pertenec\u00eda a la primera compa\u00f1\u00eda del segundo batall\u00f3n\u201d.<\/em><\/p>\n<p>Este recorte del Diario HOY del 12 de agosto de 1969 es de la jura de bandera, efectuada en domingo, en el que 2.212 reclutas se convirtieron en soldados tras comprometerse a defender a los espa\u00f1oles.<\/p>\n<p>&nbsp;<\/p>\n<div id=\"attachment_209\" style=\"width: 500px\" class=\"wp-caption aligncenter\"><a href=\"\/dicestudemili\/wp-content\/uploads\/sites\/57\/2012\/12\/1969-12-8-69.jpg\"><img aria-describedby=\"caption-attachment-209\" loading=\"lazy\" class=\" wp-image-209   \" title=\"Recorte del Diario HOY del 12 de agosto de 1969.\" src=\"\/dicestudemili\/wp-content\/uploads\/sites\/57\/2012\/12\/1969-12-8-69.jpg\" alt=\"Recorte del Diario HOY del 12 de agosto de 1969.\" width=\"490\" height=\"587\" srcset=\"https:\/\/static-blogs.hoy.es\/wp-content\/uploads\/sites\/57\/2012\/12\/1969-12-8-69.jpg 850w, https:\/\/static-blogs.hoy.es\/wp-content\/uploads\/sites\/57\/2012\/12\/1969-12-8-69-250x300.jpg 250w, https:\/\/static-blogs.hoy.es\/wp-content\/uploads\/sites\/57\/2012\/12\/1969-12-8-69-768x921.jpg 768w\" sizes=\"(max-width: 490px) 100vw, 490px\" \/><\/a><p id=\"caption-attachment-209\" class=\"wp-caption-text\">Recorte del Diario HOY del 12 de agosto de 1969.<\/p><\/div>\n<p>&nbsp;<\/p>\n<p>En el apartado de este blog &#8216;Tus testimonios&#8217;, se encuentra el de <strong>Benito Mateos<\/strong>, que hizo el servicio militar este a\u00f1o.<\/p>\n<!-- AddThis Advanced Settings generic via filter on the_content --><!-- AddThis Share Buttons generic via filter on the_content -->","protected":false},"excerpt":{"rendered":"<p>&nbsp; En esta fotograf\u00eda de M\u00fa\u00f1ez de 1969, publicada en su libro \u2018C\u00e1ceres, Plaza Mayor\u2019, se puede ver a soldados en un acto militar que tuvo lugar en una Plaza Mayor llena de \u00e1rboles. Pocos meses despu\u00e9s se perder\u00eda esta imagen, ya que desapareci\u00f3 este hermoso espacio ajardinado, enviando las enormes palmeras al Parque del [&hellip;]<!-- AddThis Advanced Settings generic via filter on get_the_excerpt --><!-- AddThis Share Buttons generic via filter on get_the_excerpt --><\/p>\n","protected":false},"author":52,"featured_media":0,"comment_status":"open","ping_status":"closed","sticky":false,"template":"","format":"standard","meta":[],"categories":[3],"tags":[672,864,926,927],"_links":{"self":[{"href":"https:\/\/blogs.hoy.es\/dicestudemili\/wp-json\/wp\/v2\/posts\/206"}],"collection":[{"href":"https:\/\/blogs.hoy.es\/dicestudemili\/wp-json\/wp\/v2\/posts"}],"about":[{"href":"https:\/\/blogs.hoy.es\/dicestudemili\/wp-json\/wp\/v2\/types\/post"}],"author":[{"embeddable":true,"href":"https:\/\/blogs.hoy.es\/dicestudemili\/wp-json\/wp\/v2\/users\/52"}],"replies":[{"embeddable":true,"href":"https:\/\/blogs.hoy.es\/dicestudemili\/wp-json\/wp\/v2\/comments?post=206"}],"version-history":[{"count":0,"href":"https:\/\/blogs.hoy.es\/dicestudemili\/wp-json\/wp\/v2\/posts\/206\/revisions"}],"wp:attachment":[{"href":"https:\/\/blogs.hoy.es\/dicestudemili\/wp-json\/wp\/v2\/media?parent=206"}],"wp:term":[{"taxonomy":"category","embeddable":true,"href":"https:\/\/blogs.hoy.es\/dicestudemili\/wp-json\/wp\/v2\/categories?post=206"},{"taxonomy":"post_tag","embeddable":true,"href":"https:\/\/blogs.hoy.es\/dicestudemili\/wp-json\/wp\/v2\/tags?post=206"}],"curies":[{"name":"wp","href":"https:\/\/api.w.org\/{rel}","templated":true}]}}