{"id":221,"date":"2012-12-05T17:18:17","date_gmt":"2012-12-05T17:18:17","guid":{"rendered":"http:\/\/blogs.hoy.es\/dicestudemili\/?p=221"},"modified":"2012-12-05T17:18:17","modified_gmt":"2012-12-05T17:18:17","slug":"1970-uno-de-cada-siete-reclutas-era-analfabeto","status":"publish","type":"post","link":"https:\/\/blogs.hoy.es\/dicestudemili\/2012\/12\/05\/1970-uno-de-cada-siete-reclutas-era-analfabeto\/","title":{"rendered":"1970: Uno de cada siete reclutas era analfabeto"},"content":{"rendered":"<div id=\"attachment_222\" style=\"width: 520px\" class=\"wp-caption aligncenter\"><a href=\"\/dicestudemili\/wp-content\/uploads\/sites\/57\/2012\/12\/Cer\u00f3n-copia.jpg\"><img aria-describedby=\"caption-attachment-222\" loading=\"lazy\" class=\"size-full wp-image-222\" title=\"Recorte de prensa de la noticia del ascenso del coronel Cer\u00f3n.\" src=\"\/dicestudemili\/wp-content\/uploads\/sites\/57\/2012\/12\/Cer\u00f3n-copia.jpg\" alt=\"Recorte de prensa de la noticia del ascenso del coronel Cer\u00f3n.\" width=\"510\" height=\"534\" srcset=\"https:\/\/static-blogs.hoy.es\/wp-content\/uploads\/sites\/57\/2012\/12\/Cer\u00f3n-copia.jpg 510w, https:\/\/static-blogs.hoy.es\/wp-content\/uploads\/sites\/57\/2012\/12\/Cer\u00f3n-copia-287x300.jpg 287w\" sizes=\"(max-width: 510px) 100vw, 510px\" \/><\/a><p id=\"caption-attachment-222\" class=\"wp-caption-text\">Recorte de prensa de la noticia del ascenso del coronel Cer\u00f3n.<\/p><\/div>\n<p>A finales de los a\u00f1os 60 y principios de los 70 el problema del analfabetismo era muy grave en Espa\u00f1a; tanto que uno de cada siete j\u00f3venes que ven\u00edan a esta ciudad a hacer el servicio militar no sab\u00eda leer ni escribir.<\/p>\n<p>De ello habl\u00f3 el coronel jefe del CIR <strong>Alfonso Cer\u00f3n Gil<\/strong> en una entrevista concedida al Diario HOY en agosto de 1970 con motivo de su ascenso a general, lo que supon\u00eda que dejaba de estar destinado en esta ciudad. El ya general Cer\u00f3n indic\u00f3 que durante sus cuatro a\u00f1os y dos meses de mandato en el CIR de C\u00e1ceres, se form\u00f3 militarmente a 39.164 soldados, de los que 12.540 eran de la provincia de C\u00e1ceres. Destac\u00f3 que se hab\u00eda &#8220;redimido&#8221; del analfabetismo a 5.811 reclutas, de los que 2.613 eran cacere\u00f1os. Estas cifras significan que el analfabetismo en C\u00e1ceres era a\u00fan m\u00e1s grave que en otras zonas de Espa\u00f1a, ya que de cada cinco reclutas de esta provincia uno no sab\u00eda leer ni escribir. Cer\u00f3n, natural de <strong>Murcia<\/strong>, comentaba en la entrevista que ten\u00eda un especial cari\u00f1o a C\u00e1ceres, porque aqu\u00ed se cur\u00f3 de una herida recibida durante la Guerra Civil, dijo que estuvo ingresado en el \u2018Hospital del General\u00edsimo\u2019.<\/p>\n<p>&nbsp;<\/p>\n<div id=\"attachment_223\" style=\"width: 643px\" class=\"wp-caption aligncenter\"><a href=\"\/dicestudemili\/wp-content\/uploads\/sites\/57\/2012\/12\/Franco.jpg\"><img aria-describedby=\"caption-attachment-223\" loading=\"lazy\" class=\" wp-image-223  \" title=\"Soldados de Infanter\u00eda ante Franco en la Plaza Mayor.\" src=\"\/dicestudemili\/wp-content\/uploads\/sites\/57\/2012\/12\/Franco.jpg\" alt=\"Soldados de Infanter\u00eda ante Franco en la Plaza Mayor.\" width=\"633\" height=\"441\" srcset=\"https:\/\/static-blogs.hoy.es\/wp-content\/uploads\/sites\/57\/2012\/12\/Franco.jpg 989w, https:\/\/static-blogs.hoy.es\/wp-content\/uploads\/sites\/57\/2012\/12\/Franco-300x209.jpg 300w, https:\/\/static-blogs.hoy.es\/wp-content\/uploads\/sites\/57\/2012\/12\/Franco-768x535.jpg 768w\" sizes=\"(max-width: 633px) 100vw, 633px\" \/><\/a><p id=\"caption-attachment-223\" class=\"wp-caption-text\">Soldados de Infanter\u00eda ante Franco en la Plaza Mayor.<\/p><\/div>\n<p>El 7 de julio de <strong>1970<\/strong> el entonces jefe del Estado, <strong>Francisco Franco<\/strong>, acudi\u00f3 a la provincia de C\u00e1ceres acompa\u00f1ado de cinco ministros para inaugurar la <strong>presa de Alc\u00e1ntara<\/strong>. El gobernador civil, <strong>Guti\u00e9rrez Dur\u00e1n<\/strong>, recibi\u00f3 a Franco en la <strong>estaci\u00f3n Arroyo-Malpartida<\/strong>. Ya en la capital de provincia el alcalde <strong>Alfonso D\u00edaz de Bustamante<\/strong> le entreg\u00f3 la llave de C\u00e1ceres, aunque ya no hab\u00eda puertas que cerraran a la ciudad.<\/p>\n<p>En la foto de <strong>M\u00fa\u00f1ez<\/strong> vemos a Franco llegando a la Plaza Mayor en donde se encuentran en formaci\u00f3n a militares de Infanter\u00eda.<\/p>\n<div id=\"attachment_224\" style=\"width: 378px\" class=\"wp-caption alignleft\"><a href=\"\/dicestudemili\/wp-content\/uploads\/sites\/57\/2012\/12\/Llave.jpg\"><img aria-describedby=\"caption-attachment-224\" loading=\"lazy\" class=\" wp-image-224  \" title=\"La llave de C\u00e1ceres que recibi\u00f3 Franco.\" src=\"\/dicestudemili\/wp-content\/uploads\/sites\/57\/2012\/12\/Llave.jpg\" alt=\"La llave de C\u00e1ceres que recibi\u00f3 Franco.\" width=\"368\" height=\"257\" srcset=\"https:\/\/static-blogs.hoy.es\/wp-content\/uploads\/sites\/57\/2012\/12\/Llave.jpg 454w, https:\/\/static-blogs.hoy.es\/wp-content\/uploads\/sites\/57\/2012\/12\/Llave-300x209.jpg 300w\" sizes=\"(max-width: 368px) 100vw, 368px\" \/><\/a><p id=\"caption-attachment-224\" class=\"wp-caption-text\">La llave de C\u00e1ceres que recibi\u00f3 Franco.<\/p><\/div>\n<p>&nbsp;<\/p>\n<p>&nbsp;<\/p>\n<p>&nbsp;<\/p>\n<p>&nbsp;<\/p>\n<p>&nbsp;<\/p>\n<p>&nbsp;<\/p>\n<p>&nbsp;<\/p>\n<p>&nbsp;<\/p>\n<p>&nbsp;<\/p>\n<p>&nbsp;<\/p>\n<p>&nbsp;<\/p>\n<p>&nbsp;<\/p>\n<p>La actividad del CIR atra\u00eda a la poblaci\u00f3n, no siendo extra\u00f1as las visitas de colegios como la que muestra esta fotograf\u00eda cedida por el Cefot, de alumnos del <strong>colegio Licenciados Reunidos<\/strong> viendo las pr\u00e1cticas de tiro. En el diario HOY se informaba en el mes de abril de una jura de bandera con 2.815 reclutas y en el mes de agosto de otra con 2.800 nuevos soldados.<\/p>\n<div id=\"attachment_225\" style=\"width: 672px\" class=\"wp-caption aligncenter\"><a href=\"\/dicestudemili\/wp-content\/uploads\/sites\/57\/2012\/12\/Colegio.jpg\"><img aria-describedby=\"caption-attachment-225\" loading=\"lazy\" class=\" wp-image-225 \" title=\"Alumnos del colegio Licenciados Reunidos viendo las pr\u00e1cticas de tiro.\" src=\"\/dicestudemili\/wp-content\/uploads\/sites\/57\/2012\/12\/Colegio.jpg\" alt=\"Alumnos del colegio Licenciados Reunidos viendo las pr\u00e1cticas de tiro.\" width=\"662\" height=\"447\" srcset=\"https:\/\/static-blogs.hoy.es\/wp-content\/uploads\/sites\/57\/2012\/12\/Colegio.jpg 827w, https:\/\/static-blogs.hoy.es\/wp-content\/uploads\/sites\/57\/2012\/12\/Colegio-300x203.jpg 300w, https:\/\/static-blogs.hoy.es\/wp-content\/uploads\/sites\/57\/2012\/12\/Colegio-768x519.jpg 768w\" sizes=\"(max-width: 662px) 100vw, 662px\" \/><\/a><p id=\"caption-attachment-225\" class=\"wp-caption-text\">Alumnos del colegio Licenciados Reunidos viendo las pr\u00e1cticas de tiro.<\/p><\/div>\n<p>&nbsp;<\/p>\n<p>Uno de los reclutas de este a\u00f1o fue <strong>Jos\u00e9 Lorenzo Romero<\/strong>, que ha escrito en este blog en la secci\u00f3n &#8216;tus testimonios&#8217;.<\/p>\n<blockquote data-secret=\"9TrGBv59Jc\" class=\"wp-embedded-content\"><p><a href=\"https:\/\/blogs.hoy.es\/dicestudemili\/2012\/11\/23\/jose-lorenzo-romero-me-gustaria-tener-noticias-de-mis-amigos-de-la-mili\/\">Jos\u00e9 Lorenzo Romero: &#8220;Me gustar\u00eda tener noticias de mis amigos de la mili&#8221;<\/a><\/p><\/blockquote>\n<p><iframe class=\"wp-embedded-content\" sandbox=\"allow-scripts\" security=\"restricted\" style=\"position: absolute; clip: rect(1px, 1px, 1px, 1px);\" src=\"https:\/\/blogs.hoy.es\/dicestudemili\/2012\/11\/23\/jose-lorenzo-romero-me-gustaria-tener-noticias-de-mis-amigos-de-la-mili\/embed\/#?secret=9TrGBv59Jc\" data-secret=\"9TrGBv59Jc\" width=\"500\" height=\"282\" title=\"&#8220;Jos\u00e9 Lorenzo Romero: &#8220;Me gustar\u00eda tener noticias de mis amigos de la mili&#8221;&#8221; &#8212; Dices t\u00fa de mili\" frameborder=\"0\" marginwidth=\"0\" marginheight=\"0\" scrolling=\"no\"><\/iframe><\/p>\n<!-- AddThis Advanced Settings generic via filter on the_content --><!-- AddThis Share Buttons generic via filter on the_content -->","protected":false},"excerpt":{"rendered":"<p>A finales de los a\u00f1os 60 y principios de los 70 el problema del analfabetismo era muy grave en Espa\u00f1a; tanto que uno de cada siete j\u00f3venes que ven\u00edan a esta ciudad a hacer el servicio militar no sab\u00eda leer ni escribir. De ello habl\u00f3 el coronel jefe del CIR Alfonso Cer\u00f3n Gil en una [&hellip;]<!-- AddThis Advanced Settings generic via filter on get_the_excerpt --><!-- AddThis Share Buttons generic via filter on get_the_excerpt --><\/p>\n","protected":false},"author":52,"featured_media":0,"comment_status":"open","ping_status":"closed","sticky":false,"template":"","format":"standard","meta":[],"categories":[3],"tags":[59,60,336,369,524,585,864],"_links":{"self":[{"href":"https:\/\/blogs.hoy.es\/dicestudemili\/wp-json\/wp\/v2\/posts\/221"}],"collection":[{"href":"https:\/\/blogs.hoy.es\/dicestudemili\/wp-json\/wp\/v2\/posts"}],"about":[{"href":"https:\/\/blogs.hoy.es\/dicestudemili\/wp-json\/wp\/v2\/types\/post"}],"author":[{"embeddable":true,"href":"https:\/\/blogs.hoy.es\/dicestudemili\/wp-json\/wp\/v2\/users\/52"}],"replies":[{"embeddable":true,"href":"https:\/\/blogs.hoy.es\/dicestudemili\/wp-json\/wp\/v2\/comments?post=221"}],"version-history":[{"count":0,"href":"https:\/\/blogs.hoy.es\/dicestudemili\/wp-json\/wp\/v2\/posts\/221\/revisions"}],"wp:attachment":[{"href":"https:\/\/blogs.hoy.es\/dicestudemili\/wp-json\/wp\/v2\/media?parent=221"}],"wp:term":[{"taxonomy":"category","embeddable":true,"href":"https:\/\/blogs.hoy.es\/dicestudemili\/wp-json\/wp\/v2\/categories?post=221"},{"taxonomy":"post_tag","embeddable":true,"href":"https:\/\/blogs.hoy.es\/dicestudemili\/wp-json\/wp\/v2\/tags?post=221"}],"curies":[{"name":"wp","href":"https:\/\/api.w.org\/{rel}","templated":true}]}}