{"id":237,"date":"2012-12-07T07:38:59","date_gmt":"2012-12-07T07:38:59","guid":{"rendered":"http:\/\/blogs.hoy.es\/dicestudemili\/?p=237"},"modified":"2012-12-07T07:38:59","modified_gmt":"2012-12-07T07:38:59","slug":"1971-desfile-entre-el-principe-juan-carlos-y-el-cafe-bar-toledo","status":"publish","type":"post","link":"https:\/\/blogs.hoy.es\/dicestudemili\/2012\/12\/07\/1971-desfile-entre-el-principe-juan-carlos-y-el-cafe-bar-toledo\/","title":{"rendered":"1971: Desfile entre el Pr\u00edncipe Juan Carlos y el caf\u00e9-bar Toledo"},"content":{"rendered":"<div id=\"attachment_238\" style=\"width: 673px\" class=\"wp-caption aligncenter\"><a href=\"\/dicestudemili\/wp-content\/uploads\/sites\/57\/2012\/12\/1971.-CACERES.-VISITA-DE-LOS-PRINCIPES-DE-ESPA\u00d1A-DON-JUAN-CARL.jpg\"><img aria-describedby=\"caption-attachment-238\" loading=\"lazy\" class=\" wp-image-238   \" title=\"La visita a C\u00e1ceres de los entonces pr\u00edncipes de Espa\u00f1a se hizo el 22 de junio de 1971.\" src=\"\/dicestudemili\/wp-content\/uploads\/sites\/57\/2012\/12\/1971.-CACERES.-VISITA-DE-LOS-PRINCIPES-DE-ESPA\u00d1A-DON-JUAN-CARL.jpg\" alt=\"La visita a C\u00e1ceres de los entonces pr\u00edncipes de Espa\u00f1a se hizo el 22 de junio de 1971\" width=\"663\" height=\"476\" srcset=\"https:\/\/static-blogs.hoy.es\/wp-content\/uploads\/sites\/57\/2012\/12\/1971.-CACERES.-VISITA-DE-LOS-PRINCIPES-DE-ESPA\u00d1A-DON-JUAN-CARL.jpg 1293w, https:\/\/static-blogs.hoy.es\/wp-content\/uploads\/sites\/57\/2012\/12\/1971.-CACERES.-VISITA-DE-LOS-PRINCIPES-DE-ESPA\u00d1A-DON-JUAN-CARL-300x216.jpg 300w, https:\/\/static-blogs.hoy.es\/wp-content\/uploads\/sites\/57\/2012\/12\/1971.-CACERES.-VISITA-DE-LOS-PRINCIPES-DE-ESPA\u00d1A-DON-JUAN-CARL-768x552.jpg 768w, https:\/\/static-blogs.hoy.es\/wp-content\/uploads\/sites\/57\/2012\/12\/1971.-CACERES.-VISITA-DE-LOS-PRINCIPES-DE-ESPA\u00d1A-DON-JUAN-CARL-1024x736.jpg 1024w\" sizes=\"(max-width: 663px) 100vw, 663px\" \/><\/a><p id=\"caption-attachment-238\" class=\"wp-caption-text\">La visita a C\u00e1ceres de los entonces pr\u00edncipes de Espa\u00f1a tuvo lugar el 22 de junio de 1971.<\/p><\/div>\n<p>&nbsp;<\/p>\n<p>A las dos de la tarde del 22 de junio de <strong>1971<\/strong> llegaron a C\u00e1ceres, en un tren Talgo, los pr\u00edncipes de Espa\u00f1a <strong>Juan Carlos<\/strong> y <strong>Sof\u00eda<\/strong> acompa\u00f1ados por los ministros de Informaci\u00f3n y Turismo y Obras P\u00fablicas. La imagen superior, cedida por el Cefot, es bastante curiosa porque la tropa desfila ante las autoridades (Sofia est\u00e1 a la izquierda mezclada con las autoridades) en la entrada de la Plaza Mayor, estando al fondo uno de las populares <strong>cafeter\u00edas-bar Toledo<\/strong>, de los que hubo tres en C\u00e1ceres. El de la Plaza estaba ubicado en donde durante mucho tiempo hubo una sucursal de <strong>Caja Extremadura<\/strong>.<\/p>\n<p>Al igual que hiciera el a\u00f1o anterior con <strong>Franco<\/strong>, el alcalde <strong>D\u00edaz Bustamante<\/strong> entreg\u00f3 a los pr\u00edncipes otra llave de la ciudad. Despu\u00e9s de comer en el palacio que es sede de la Diputaci\u00f3n, Juan Carlos y Sof\u00eda inauguraron el <strong>Museo de Bellas Artes<\/strong> instalado en la <strong>Casa del Mono<\/strong>. Juan Carlos dijo esta frase que fue titular en HOY: <em>&#8220;Si mucho se ha hecho con el General\u00edsimo en Espa\u00f1a, todav\u00eda queda mucho por hacer&#8221;<\/em>. Por la tarde marcharon a <strong>Alc\u00e1ntara<\/strong> y al d\u00eda siguiente visitaron <strong>Hurdes<\/strong>, <strong>Plasencia<\/strong>, <strong>Yuste<\/strong> y Jarandilla.<\/p>\n<p>La siguiente fotograf\u00eda, del pr\u00edncipe pasando revista a la tropa, es de <strong>M\u00fa\u00f1ez<\/strong>.<\/p>\n<div id=\"attachment_241\" style=\"width: 651px\" class=\"wp-caption aligncenter\"><a href=\"\/dicestudemili\/wp-content\/uploads\/sites\/57\/2012\/12\/1971principe2.jpg\"><img aria-describedby=\"caption-attachment-241\" loading=\"lazy\" class=\" wp-image-241  \" title=\"Pasando revista a la tropa en la Plaza Mayor.\" src=\"\/dicestudemili\/wp-content\/uploads\/sites\/57\/2012\/12\/1971principe2.jpg\" alt=\"Pasando revista a la tropa en la Plaza Mayor.\" width=\"641\" height=\"454\" srcset=\"https:\/\/static-blogs.hoy.es\/wp-content\/uploads\/sites\/57\/2012\/12\/1971principe2.jpg 1017w, https:\/\/static-blogs.hoy.es\/wp-content\/uploads\/sites\/57\/2012\/12\/1971principe2-300x212.jpg 300w, https:\/\/static-blogs.hoy.es\/wp-content\/uploads\/sites\/57\/2012\/12\/1971principe2-768x544.jpg 768w\" sizes=\"(max-width: 641px) 100vw, 641px\" \/><\/a><p id=\"caption-attachment-241\" class=\"wp-caption-text\">Pasando revista a la tropa en la Plaza Mayor.<\/p><\/div>\n<p>&nbsp;<\/p>\n<p>La ciudad se muestra satisfecha por lo que supone el incremento de poblaci\u00f3n con los reclutas del CIR, prueba de ello es esta fotograf\u00eda de un recibimiento del alcalde <strong>D\u00edaz Bustamante<\/strong> a una representaci\u00f3n de nuevos reclutas a los que muestra el sal\u00f3n de plenos del Ayuntamiento.<\/p>\n<div id=\"attachment_244\" style=\"width: 665px\" class=\"wp-caption aligncenter\"><a href=\"\/dicestudemili\/wp-content\/uploads\/sites\/57\/2012\/12\/1971.-RECPCION.-EL-ALCALDE-DE-CACERES-SR.-BUSTAMANTE-EN-LA-RE2.jpg\"><img aria-describedby=\"caption-attachment-244\" loading=\"lazy\" class=\" wp-image-244  \" title=\"Recepci\u00f3n del alcalde Bustamante, a la izquierda, en el Ayuntamiento.\" src=\"\/dicestudemili\/wp-content\/uploads\/sites\/57\/2012\/12\/1971.-RECPCION.-EL-ALCALDE-DE-CACERES-SR.-BUSTAMANTE-EN-LA-RE2.jpg\" alt=\"Recepci\u00f3n del alcalde Bustamante, a la izquierda, en el Ayuntamiento.\" width=\"655\" height=\"376\" srcset=\"https:\/\/static-blogs.hoy.es\/wp-content\/uploads\/sites\/57\/2012\/12\/1971.-RECPCION.-EL-ALCALDE-DE-CACERES-SR.-BUSTAMANTE-EN-LA-RE2.jpg 1571w, https:\/\/static-blogs.hoy.es\/wp-content\/uploads\/sites\/57\/2012\/12\/1971.-RECPCION.-EL-ALCALDE-DE-CACERES-SR.-BUSTAMANTE-EN-LA-RE2-300x172.jpg 300w, https:\/\/static-blogs.hoy.es\/wp-content\/uploads\/sites\/57\/2012\/12\/1971.-RECPCION.-EL-ALCALDE-DE-CACERES-SR.-BUSTAMANTE-EN-LA-RE2-768x441.jpg 768w, https:\/\/static-blogs.hoy.es\/wp-content\/uploads\/sites\/57\/2012\/12\/1971.-RECPCION.-EL-ALCALDE-DE-CACERES-SR.-BUSTAMANTE-EN-LA-RE2-1024x589.jpg 1024w\" sizes=\"(max-width: 655px) 100vw, 655px\" \/><\/a><p id=\"caption-attachment-244\" class=\"wp-caption-text\">Recepci\u00f3n del alcalde Bustamante, a la izquierda, en el Ayuntamiento.<\/p><\/div>\n<p>&nbsp;<\/p>\n<p>La siguiente imagen es de la participaci\u00f3n de reclutas y mandos de C\u00e1ceres en el <strong>Desfile de la V\u00edctoria<\/strong> que tuvo lugar en Madrid el 6 de junio de ese a\u00f1o.<\/p>\n<p>La imagen es del batalla\u00f3n formado por reclutas de los CIR n\u00fameros 1, 2 y 3. Entre los mandos que desfilaron por C\u00e1ceres estaba el <strong>capit\u00e1n Flores Morato<\/strong> y los tenientes <strong>M\u00e1rquez Tosina<\/strong>, <strong>Paniagua<\/strong> y <strong>Luque Fern\u00e1ndez<\/strong>.<\/p>\n<p>&nbsp;<\/p>\n<div id=\"attachment_245\" style=\"width: 685px\" class=\"wp-caption aligncenter\"><a href=\"\/dicestudemili\/wp-content\/uploads\/sites\/57\/2012\/12\/1971.-MADRID.-BATALLON-DE-RECLUTAS-FORMADO-POR-LOS-CIR-1-2-Y.jpg\"><img aria-describedby=\"caption-attachment-245\" loading=\"lazy\" class=\" wp-image-245  \" title=\"Participando en Madrid en el Desfile de la Victoria.\" src=\"\/dicestudemili\/wp-content\/uploads\/sites\/57\/2012\/12\/1971.-MADRID.-BATALLON-DE-RECLUTAS-FORMADO-POR-LOS-CIR-1-2-Y.jpg\" alt=\"Participando en Madrid en el Desfile de la Victoria.\" width=\"675\" height=\"330\" srcset=\"https:\/\/static-blogs.hoy.es\/wp-content\/uploads\/sites\/57\/2012\/12\/1971.-MADRID.-BATALLON-DE-RECLUTAS-FORMADO-POR-LOS-CIR-1-2-Y.jpg 1044w, https:\/\/static-blogs.hoy.es\/wp-content\/uploads\/sites\/57\/2012\/12\/1971.-MADRID.-BATALLON-DE-RECLUTAS-FORMADO-POR-LOS-CIR-1-2-Y-300x147.jpg 300w, https:\/\/static-blogs.hoy.es\/wp-content\/uploads\/sites\/57\/2012\/12\/1971.-MADRID.-BATALLON-DE-RECLUTAS-FORMADO-POR-LOS-CIR-1-2-Y-768x375.jpg 768w, https:\/\/static-blogs.hoy.es\/wp-content\/uploads\/sites\/57\/2012\/12\/1971.-MADRID.-BATALLON-DE-RECLUTAS-FORMADO-POR-LOS-CIR-1-2-Y-1024x500.jpg 1024w\" sizes=\"(max-width: 675px) 100vw, 675px\" \/><\/a><p id=\"caption-attachment-245\" class=\"wp-caption-text\">Participando en Madrid en el Desfile de la Victoria.<\/p><\/div>\n<p>&nbsp;<\/p>\n<p>Para saber m\u00e1s sobre este a\u00f1o, recomendamos la lectura de los recuerdos de <strong>Jos\u00e9 Calvo<\/strong> en la secci\u00f3n de &#8216;Tus testimonios&#8217; de este blog.<\/p>\n<p>&nbsp;<\/p>\n<p>&nbsp;<\/p>\n<p>&nbsp;<\/p>\n<p>&nbsp;<\/p>\n<p>&nbsp;<\/p>\n<!-- AddThis Advanced Settings generic via filter on the_content --><!-- AddThis Share Buttons generic via filter on the_content -->","protected":false},"excerpt":{"rendered":"<p>&nbsp; A las dos de la tarde del 22 de junio de 1971 llegaron a C\u00e1ceres, en un tren Talgo, los pr\u00edncipes de Espa\u00f1a Juan Carlos y Sof\u00eda acompa\u00f1ados por los ministros de Informaci\u00f3n y Turismo y Obras P\u00fablicas. La imagen superior, cedida por el Cefot, es bastante curiosa porque la tropa desfila ante las [&hellip;]<!-- AddThis Advanced Settings generic via filter on get_the_excerpt --><!-- AddThis Share Buttons generic via filter on get_the_excerpt --><\/p>\n","protected":false},"author":52,"featured_media":0,"comment_status":"open","ping_status":"closed","sticky":false,"template":"","format":"standard","meta":[],"categories":[3],"tags":[34,199,234,296,432,606,636,864,866,924,939,1056,1120,1121,1126,1188],"_links":{"self":[{"href":"https:\/\/blogs.hoy.es\/dicestudemili\/wp-json\/wp\/v2\/posts\/237"}],"collection":[{"href":"https:\/\/blogs.hoy.es\/dicestudemili\/wp-json\/wp\/v2\/posts"}],"about":[{"href":"https:\/\/blogs.hoy.es\/dicestudemili\/wp-json\/wp\/v2\/types\/post"}],"author":[{"embeddable":true,"href":"https:\/\/blogs.hoy.es\/dicestudemili\/wp-json\/wp\/v2\/users\/52"}],"replies":[{"embeddable":true,"href":"https:\/\/blogs.hoy.es\/dicestudemili\/wp-json\/wp\/v2\/comments?post=237"}],"version-history":[{"count":0,"href":"https:\/\/blogs.hoy.es\/dicestudemili\/wp-json\/wp\/v2\/posts\/237\/revisions"}],"wp:attachment":[{"href":"https:\/\/blogs.hoy.es\/dicestudemili\/wp-json\/wp\/v2\/media?parent=237"}],"wp:term":[{"taxonomy":"category","embeddable":true,"href":"https:\/\/blogs.hoy.es\/dicestudemili\/wp-json\/wp\/v2\/categories?post=237"},{"taxonomy":"post_tag","embeddable":true,"href":"https:\/\/blogs.hoy.es\/dicestudemili\/wp-json\/wp\/v2\/tags?post=237"}],"curies":[{"name":"wp","href":"https:\/\/api.w.org\/{rel}","templated":true}]}}