{"id":254,"date":"2012-12-09T07:50:55","date_gmt":"2012-12-09T07:50:55","guid":{"rendered":"http:\/\/blogs.hoy.es\/dicestudemili\/?p=254"},"modified":"2012-12-09T07:50:55","modified_gmt":"2012-12-09T07:50:55","slug":"sargento-niebla-en-caceres-conoci-a-mi-mujer-una-cacerena-con-la-que-llevo-casado-21-anos","status":"publish","type":"post","link":"https:\/\/blogs.hoy.es\/dicestudemili\/2012\/12\/09\/sargento-niebla-en-caceres-conoci-a-mi-mujer-una-cacerena-con-la-que-llevo-casado-21-anos\/","title":{"rendered":"Sargento Niebla: &#8220;En C\u00e1ceres conoc\u00ed a mi mujer, una cacere\u00f1a con la que llevo casado 21 a\u00f1os"},"content":{"rendered":"<div id=\"attachment_255\" style=\"width: 579px\" class=\"wp-caption aligncenter\"><a href=\"\/dicestudemili\/wp-content\/uploads\/sites\/57\/2012\/12\/3\u00aa-Sargento-Niebla-y-Mecanicos-Unidad-Autos-Cuartel.jpg\"><img aria-describedby=\"caption-attachment-255\" loading=\"lazy\" class=\"size-full wp-image-255\" title=\"Con mec\u00e1nicos de la Unidad de Autos.\" src=\"\/dicestudemili\/wp-content\/uploads\/sites\/57\/2012\/12\/3\u00aa-Sargento-Niebla-y-Mecanicos-Unidad-Autos-Cuartel.jpg\" alt=\"Con mec\u00e1nicos de la Unidad de Autos\" width=\"569\" height=\"582\" srcset=\"https:\/\/static-blogs.hoy.es\/wp-content\/uploads\/sites\/57\/2012\/12\/3\u00aa-Sargento-Niebla-y-Mecanicos-Unidad-Autos-Cuartel.jpg 569w, https:\/\/static-blogs.hoy.es\/wp-content\/uploads\/sites\/57\/2012\/12\/3\u00aa-Sargento-Niebla-y-Mecanicos-Unidad-Autos-Cuartel-293x300.jpg 293w\" sizes=\"(max-width: 569px) 100vw, 569px\" \/><\/a><p id=\"caption-attachment-255\" class=\"wp-caption-text\">Con mec\u00e1nicos de la Unidad de Autos. Yo estoy de pie, el segundo por la izquierda.<\/p><\/div>\n<p><em>Hola, mi nombre es <strong>Jes\u00fas Manuel Niebla<\/strong>, les escribo desde <strong>Santa Cruz de Tenerife<\/strong>. Hice mi periodo de pr\u00e1cticas como sargento de complemento en la Escala de Especialistas (IMEC), desde el 1 de Julio hasta el 31 de Diciembre de <strong>1984<\/strong>, en el CIR n\u00ba 3 de Santa Ana, aunque en aquella \u00e9poca la<strong> Unidad de Servicios <\/strong>y la<strong> Secci\u00f3n de Autos<\/strong> se encontraban en el <strong>Cuartel Infanta Isabel<\/strong>, donde estaba destinado.<\/em><\/p>\n<p><em>Llegu\u00e9 a C\u00e1ceres en la madrugada del domingo 1 de julio de 1984, procedente de Madrid, en el <strong>Tren Lusitania<\/strong> (lamentablemente desaparecido recientemente). Me sent\u00e9 en el hall de la estaci\u00f3n de Renfe a esperar a que amaneciera, para dirigirme al campamento, donde llegu\u00e9 sobre las 8 horas qued\u00e1ndome esa primera noche en la residencia de suboficiales. El lunes, d\u00eda 2 de julio, me incorpor\u00e9 a la Secci\u00f3n de Autos en el Cuartel Infanta Isabel, donde estuve unas 2 semanas en la residencia, hasta que alquilamos un piso en el <strong>barrio del Per\u00fa<\/strong>, tres sargentos y yo, y estuve viviendo all\u00ed hasta que regres\u00e9 a Tenerife de nuevo, el 14 de enero de 1985.<\/em><\/p>\n<p><em>El taller de Autos estaba al mando del <strong>teniente especialista Blanco<\/strong>, y tambi\u00e9n estaba el <strong>sargento especialista Masa<\/strong> que ascendi\u00f3 a Sargento 1\u00ba a las pocas semanas de llegar yo. Creo recordar que el coronel jefe del CIR era por aquella \u00e9poca <strong>don Pedro de la Morena G\u00f3mez<\/strong>. Algunos mandos que recuerdo eran: El<strong> sargento Gal\u00e1n<\/strong>, el <strong>sargento especialista en armamento Fausto<\/strong>, el <strong>subteniente Trevi\u00f1o<\/strong> y muchos m\u00e1s que no recuerdo sus nombres como el brigada de intendencia, que aparece en una de las fotos, todos ellos de la Unidad de Servicios del Cuartel. Tambi\u00e9n guardo muy buen recuerdo de muchos soldados mec\u00e1nicos y conductores de la Unidad de Autos, en especial de <strong>Javi de Salamanca<\/strong>, y <strong>Javier de Badajoz<\/strong> con los que sol\u00eda salir por las tardes a tomar los churros en <strong>El Gran Caf\u00e9<\/strong> y noches libres por <strong>la Plaza<\/strong> y <strong>la Madrila<\/strong>, que tiempos aquellos.<\/em><\/p>\n<p><em>Gracias al paso por esa cuidad de C\u00e1ceres, donde el destino quiso que hiciera las pr\u00e1cticas, conoc\u00ed a la que hoy es mi mujer, una cacere\u00f1a con la que llevo casado 21 a\u00f1os despu\u00e9s de estar 7 a\u00f1os de noviazgo. Despu\u00e9s de venirme para Tenerife en enero del 85, no he dejado de ir a C\u00e1ceres, ning\u00fan a\u00f1o, ya que tengo la mitad de mi familia en esa ciudad, de la que me considero un cacere\u00f1o m\u00e1s.<\/em><\/p>\n<p><em>Recuerdo las ma\u00f1anas calurosas del verano, en una pista de tierra que a\u00fan hoy conserva unas se\u00f1ales de tr\u00e1fico, pasando la entrada del campamento en la N-630 direcci\u00f3n M\u00e9rida, donde debajo de las encinas se sentaban los soldados que estaban sacando el carnet de conducir, repasando la te\u00f3rica, mientras otros hac\u00edan las pr\u00e1cticas con los camiones &#8216;REO&#8217; y los Jeep &#8216;Willys&#8217;. Aunque estaba destinado en el cuartel, pasaba mucho tiempo en el campamento, en el tiro con los reclutas, en las mencionadas clases para los que estaban sacando el carnet de conducir, etc. Bonitos y gratos recuerdos tengo a\u00fan de ese periodo de mi vida.<\/em><\/p>\n<p><em>Adjunto algunas fotos que tengo de aquellos meses. En la fotograf\u00eda de arriba y en la \u00faltima se puede ver el cami\u00f3n Pegaso que se accident\u00f3 cerca de Jaraicejo en la antigua N-V, creo recordar que proced\u00eda de Sevilla para Madrid. Tuvo que ir la gr\u00faa que ten\u00edamos para remolcarlo hasta el cuartel.<\/em><\/p>\n<p><em>Un saludo muy fuerte para todos desde Tenerife, donde sigo el d\u00eda a d\u00eda del blog y de las noticias de Extremadura y de C\u00e1ceres en particular.<\/em><\/p>\n<div id=\"attachment_256\" style=\"width: 434px\" class=\"wp-caption alignleft\"><a href=\"\/dicestudemili\/wp-content\/uploads\/sites\/57\/2012\/12\/1\u00aa-Sargento-Niebla-y-Camarero-Bar-Campamento.jpg\"><img aria-describedby=\"caption-attachment-256\" loading=\"lazy\" class=\"size-full wp-image-256\" title=\"Yo con un camarero canario del bar de suboficiales del campamento.\" src=\"\/dicestudemili\/wp-content\/uploads\/sites\/57\/2012\/12\/1\u00aa-Sargento-Niebla-y-Camarero-Bar-Campamento.jpg\" alt=\"Yo con un camarero canario del bar de suboficiales del campamento.\" width=\"424\" height=\"602\" srcset=\"https:\/\/static-blogs.hoy.es\/wp-content\/uploads\/sites\/57\/2012\/12\/1\u00aa-Sargento-Niebla-y-Camarero-Bar-Campamento.jpg 424w, https:\/\/static-blogs.hoy.es\/wp-content\/uploads\/sites\/57\/2012\/12\/1\u00aa-Sargento-Niebla-y-Camarero-Bar-Campamento-211x300.jpg 211w\" sizes=\"(max-width: 424px) 100vw, 424px\" \/><\/a><p id=\"caption-attachment-256\" class=\"wp-caption-text\">Con un camarero canario del bar de suboficiales del campamento.<\/p><\/div>\n<p>&nbsp;<\/p>\n<p>&nbsp;<\/p>\n<p>&nbsp;<\/p>\n<p>&nbsp;<\/p>\n<p>&nbsp;<\/p>\n<p>&nbsp;<\/p>\n<p>&nbsp;<\/p>\n<p>&nbsp;<\/p>\n<p>&nbsp;<\/p>\n<p>&nbsp;<\/p>\n<p>&nbsp;<\/p>\n<p>&nbsp;<\/p>\n<p>&nbsp;<\/p>\n<p>&nbsp;<\/p>\n<p>&nbsp;<\/p>\n<p>&nbsp;<\/p>\n<p>&nbsp;<\/p>\n<p>&nbsp;<\/p>\n<p>&nbsp;<\/p>\n<p>&nbsp;<\/p>\n<p>&nbsp;<\/p>\n<div id=\"attachment_257\" style=\"width: 570px\" class=\"wp-caption alignright\"><a href=\"\/dicestudemili\/wp-content\/uploads\/sites\/57\/2012\/12\/2\u00aa-Sargento-Galan-Sargento-Niebla-y-Brigada-de-Intendencia-Cuartel-Infanta-Isabel.jpg\"><img aria-describedby=\"caption-attachment-257\" loading=\"lazy\" class=\" wp-image-257 \" title=\"El sargento Galan, yo y el brigada de Intendencia en el Cuartel Infanta Isabel.\" src=\"\/dicestudemili\/wp-content\/uploads\/sites\/57\/2012\/12\/2\u00aa-Sargento-Galan-Sargento-Niebla-y-Brigada-de-Intendencia-Cuartel-Infanta-Isabel.jpg\" alt=\"El sargento Galan, yo y el brigada de Intendencia en el Cuartel Infanta Isabel.\" width=\"560\" height=\"431\" srcset=\"https:\/\/static-blogs.hoy.es\/wp-content\/uploads\/sites\/57\/2012\/12\/2\u00aa-Sargento-Galan-Sargento-Niebla-y-Brigada-de-Intendencia-Cuartel-Infanta-Isabel.jpg 622w, https:\/\/static-blogs.hoy.es\/wp-content\/uploads\/sites\/57\/2012\/12\/2\u00aa-Sargento-Galan-Sargento-Niebla-y-Brigada-de-Intendencia-Cuartel-Infanta-Isabel-300x231.jpg 300w\" sizes=\"(max-width: 560px) 100vw, 560px\" \/><\/a><p id=\"caption-attachment-257\" class=\"wp-caption-text\">El sargento Galan, yo y el brigada de Intendencia en el Cuartel Infanta Isabel.<\/p><\/div>\n<p>&nbsp;<\/p>\n<p>&nbsp;<\/p>\n<p>&nbsp;<\/p>\n<p>&nbsp;<\/p>\n<p>&nbsp;<\/p>\n<p>&nbsp;<\/p>\n<p>&nbsp;<\/p>\n<p>&nbsp;<\/p>\n<p>&nbsp;<\/p>\n<p>&nbsp;<\/p>\n<p>&nbsp;<\/p>\n<p>&nbsp;<\/p>\n<p>&nbsp;<\/p>\n<p>&nbsp;<\/p>\n<p>&nbsp;<\/p>\n<p>&nbsp;<\/p>\n<p>&nbsp;<\/p>\n<div id=\"attachment_258\" style=\"width: 591px\" class=\"wp-caption alignleft\"><a href=\"\/dicestudemili\/wp-content\/uploads\/sites\/57\/2012\/12\/4\u00aa-Sargento-Niebla-y-Soldados-Unidad-de-Servicios-Cuartel.jpg\"><img aria-describedby=\"caption-attachment-258\" loading=\"lazy\" class=\" wp-image-258 \" title=\"Con los conductores de la Unidad de Autos del Cuartel.\" src=\"\/dicestudemili\/wp-content\/uploads\/sites\/57\/2012\/12\/4\u00aa-Sargento-Niebla-y-Soldados-Unidad-de-Servicios-Cuartel.jpg\" alt=\"Con los conductores de la Unidad de Autos del Cuartel.\" width=\"581\" height=\"386\" srcset=\"https:\/\/static-blogs.hoy.es\/wp-content\/uploads\/sites\/57\/2012\/12\/4\u00aa-Sargento-Niebla-y-Soldados-Unidad-de-Servicios-Cuartel.jpg 726w, https:\/\/static-blogs.hoy.es\/wp-content\/uploads\/sites\/57\/2012\/12\/4\u00aa-Sargento-Niebla-y-Soldados-Unidad-de-Servicios-Cuartel-300x199.jpg 300w\" sizes=\"(max-width: 581px) 100vw, 581px\" \/><\/a><p id=\"caption-attachment-258\" class=\"wp-caption-text\">Con los conductores de la Unidad de Autos del Cuartel.<\/p><\/div>\n<p>&nbsp;<\/p>\n<p>&nbsp;<\/p>\n<p>&nbsp;<\/p>\n<p>&nbsp;<\/p>\n<p>&nbsp;<\/p>\n<p>&nbsp;<\/p>\n<p>&nbsp;<\/p>\n<p>&nbsp;<\/p>\n<p>&nbsp;<\/p>\n<p>&nbsp;<\/p>\n<p>&nbsp;<\/p>\n<p>&nbsp;<\/p>\n<p>&nbsp;<\/p>\n<p>&nbsp;<\/p>\n<div id=\"attachment_259\" style=\"width: 623px\" class=\"wp-caption aligncenter\"><a href=\"\/dicestudemili\/wp-content\/uploads\/sites\/57\/2012\/12\/5\u00aa-Sargento-Niebla-y-Javi-Cuartel.jpg\"><img aria-describedby=\"caption-attachment-259\" loading=\"lazy\" class=\"size-full wp-image-259\" title=\"Con Javi sobre el Pegaso.\" src=\"\/dicestudemili\/wp-content\/uploads\/sites\/57\/2012\/12\/5\u00aa-Sargento-Niebla-y-Javi-Cuartel.jpg\" alt=\"Con Javi sobre el Pegaso.\" width=\"613\" height=\"590\" srcset=\"https:\/\/static-blogs.hoy.es\/wp-content\/uploads\/sites\/57\/2012\/12\/5\u00aa-Sargento-Niebla-y-Javi-Cuartel.jpg 613w, https:\/\/static-blogs.hoy.es\/wp-content\/uploads\/sites\/57\/2012\/12\/5\u00aa-Sargento-Niebla-y-Javi-Cuartel-300x289.jpg 300w\" sizes=\"(max-width: 613px) 100vw, 613px\" \/><\/a><p id=\"caption-attachment-259\" class=\"wp-caption-text\">Con Javi sobre el Pegaso.<\/p><\/div>\n<p>&nbsp;<\/p>\n<p>&nbsp;<\/p>\n<p>&nbsp;<\/p>\n<p>&nbsp;<\/p>\n<p>&nbsp;<\/p>\n<p>&nbsp;<\/p>\n<p>&nbsp;<\/p>\n<p>&nbsp;<\/p>\n<p>&nbsp;<\/p>\n<p>&nbsp;<\/p>\n<p>&nbsp;<\/p>\n<p>&nbsp;<\/p>\n<p>&nbsp;<\/p>\n<p>&nbsp;<\/p>\n<p>&nbsp;<\/p>\n<p>&nbsp;<\/p>\n<!-- AddThis Advanced Settings generic via filter on the_content --><!-- AddThis Share Buttons generic via filter on the_content -->","protected":false},"excerpt":{"rendered":"<p>Hola, mi nombre es Jes\u00fas Manuel Niebla, les escribo desde Santa Cruz de Tenerife. Hice mi periodo de pr\u00e1cticas como sargento de complemento en la Escala de Especialistas (IMEC), desde el 1 de Julio hasta el 31 de Diciembre de 1984, en el CIR n\u00ba 3 de Santa Ana, aunque en aquella \u00e9poca la Unidad [&hellip;]<!-- AddThis Advanced Settings generic via filter on get_the_excerpt --><!-- AddThis Share Buttons generic via filter on get_the_excerpt --><\/p>\n","protected":false},"author":52,"featured_media":0,"comment_status":"open","ping_status":"closed","sticky":false,"template":"","format":"standard","meta":[],"categories":[6],"tags":[398,651,1021,1022,1024,1027,1072,1090,1157,1160],"_links":{"self":[{"href":"https:\/\/blogs.hoy.es\/dicestudemili\/wp-json\/wp\/v2\/posts\/254"}],"collection":[{"href":"https:\/\/blogs.hoy.es\/dicestudemili\/wp-json\/wp\/v2\/posts"}],"about":[{"href":"https:\/\/blogs.hoy.es\/dicestudemili\/wp-json\/wp\/v2\/types\/post"}],"author":[{"embeddable":true,"href":"https:\/\/blogs.hoy.es\/dicestudemili\/wp-json\/wp\/v2\/users\/52"}],"replies":[{"embeddable":true,"href":"https:\/\/blogs.hoy.es\/dicestudemili\/wp-json\/wp\/v2\/comments?post=254"}],"version-history":[{"count":0,"href":"https:\/\/blogs.hoy.es\/dicestudemili\/wp-json\/wp\/v2\/posts\/254\/revisions"}],"wp:attachment":[{"href":"https:\/\/blogs.hoy.es\/dicestudemili\/wp-json\/wp\/v2\/media?parent=254"}],"wp:term":[{"taxonomy":"category","embeddable":true,"href":"https:\/\/blogs.hoy.es\/dicestudemili\/wp-json\/wp\/v2\/categories?post=254"},{"taxonomy":"post_tag","embeddable":true,"href":"https:\/\/blogs.hoy.es\/dicestudemili\/wp-json\/wp\/v2\/tags?post=254"}],"curies":[{"name":"wp","href":"https:\/\/api.w.org\/{rel}","templated":true}]}}