{"id":268,"date":"2012-12-10T07:17:57","date_gmt":"2012-12-10T07:17:57","guid":{"rendered":"http:\/\/blogs.hoy.es\/dicestudemili\/?p=268"},"modified":"2012-12-10T07:17:57","modified_gmt":"2012-12-10T07:17:57","slug":"paraninfo-cultural","status":"publish","type":"post","link":"https:\/\/blogs.hoy.es\/dicestudemili\/2012\/12\/10\/paraninfo-cultural\/","title":{"rendered":"Paraninfo cultural"},"content":{"rendered":"<p>As\u00ed se titulan cuatro paneles que recogen noticias del <strong>Aula Militar de Cultura del Cefot<\/strong> que se cre\u00f3 en <strong>1991<\/strong>. En estos a\u00f1os se han ofrecido exposiciones y conferencias sobre las \u00f3rdenes militares, la Guerra de la Independencia o la relaci\u00f3n de Extremadura con Am\u00e9rica. Tambi\u00e9n se recogen noticias sobre los <strong>Premios del Ej\u00e9rcito<\/strong> y los realizados con colegios de ni\u00f1os, adem\u00e1s de las muestras que se realizan peri\u00f3dicamente en el <strong>Palacio de las Cig\u00fce\u00f1as<\/strong>, en la Ciudad Monumental.<\/p>\n<div id=\"attachment_269\" style=\"width: 690px\" class=\"wp-caption aligncenter\"><a href=\"\/dicestudemili\/wp-content\/uploads\/sites\/57\/2012\/12\/Diapositiva1.jpg\"><img aria-describedby=\"caption-attachment-269\" loading=\"lazy\" class=\"size-full wp-image-269\" title=\"Panel 1.\" src=\"\/dicestudemili\/wp-content\/uploads\/sites\/57\/2012\/12\/Diapositiva1.jpg\" alt=\"Panel 1.\" width=\"680\" height=\"922\" srcset=\"https:\/\/static-blogs.hoy.es\/wp-content\/uploads\/sites\/57\/2012\/12\/Diapositiva1.jpg 680w, https:\/\/static-blogs.hoy.es\/wp-content\/uploads\/sites\/57\/2012\/12\/Diapositiva1-221x300.jpg 221w\" sizes=\"(max-width: 680px) 100vw, 680px\" \/><\/a><p id=\"caption-attachment-269\" class=\"wp-caption-text\">Panel 1.<\/p><\/div>\n<div id=\"attachment_270\" style=\"width: 663px\" class=\"wp-caption aligncenter\"><a href=\"\/dicestudemili\/wp-content\/uploads\/sites\/57\/2012\/12\/Diapositiva2.jpg\"><img aria-describedby=\"caption-attachment-270\" loading=\"lazy\" class=\" wp-image-270 \" title=\"Panel 2\" src=\"\/dicestudemili\/wp-content\/uploads\/sites\/57\/2012\/12\/Diapositiva2.jpg\" alt=\"Panel 2\" width=\"653\" height=\"886\" srcset=\"https:\/\/static-blogs.hoy.es\/wp-content\/uploads\/sites\/57\/2012\/12\/Diapositiva2.jpg 725w, https:\/\/static-blogs.hoy.es\/wp-content\/uploads\/sites\/57\/2012\/12\/Diapositiva2-221x300.jpg 221w\" sizes=\"(max-width: 653px) 100vw, 653px\" \/><\/a><p id=\"caption-attachment-270\" class=\"wp-caption-text\">Panel 2<\/p><\/div>\n<div id=\"attachment_271\" style=\"width: 695px\" class=\"wp-caption aligncenter\"><a href=\"\/dicestudemili\/wp-content\/uploads\/sites\/57\/2012\/12\/Diapositiva3.jpg\"><img aria-describedby=\"caption-attachment-271\" loading=\"lazy\" class=\"size-full wp-image-271\" title=\"Panel 3\" src=\"\/dicestudemili\/wp-content\/uploads\/sites\/57\/2012\/12\/Diapositiva3.jpg\" alt=\"Panel 3\" width=\"685\" height=\"930\" srcset=\"https:\/\/static-blogs.hoy.es\/wp-content\/uploads\/sites\/57\/2012\/12\/Diapositiva3.jpg 685w, https:\/\/static-blogs.hoy.es\/wp-content\/uploads\/sites\/57\/2012\/12\/Diapositiva3-221x300.jpg 221w\" sizes=\"(max-width: 685px) 100vw, 685px\" \/><\/a><p id=\"caption-attachment-271\" class=\"wp-caption-text\">Panel 3<\/p><\/div>\n<div id=\"attachment_272\" style=\"width: 689px\" class=\"wp-caption aligncenter\"><a href=\"\/dicestudemili\/wp-content\/uploads\/sites\/57\/2012\/12\/Diapositiva4.jpg\"><img aria-describedby=\"caption-attachment-272\" loading=\"lazy\" class=\"size-full wp-image-272\" title=\"Panel 4.\" src=\"\/dicestudemili\/wp-content\/uploads\/sites\/57\/2012\/12\/Diapositiva4.jpg\" alt=\"Panel 4.\" width=\"679\" height=\"922\" srcset=\"https:\/\/static-blogs.hoy.es\/wp-content\/uploads\/sites\/57\/2012\/12\/Diapositiva4.jpg 679w, https:\/\/static-blogs.hoy.es\/wp-content\/uploads\/sites\/57\/2012\/12\/Diapositiva4-221x300.jpg 221w\" sizes=\"(max-width: 679px) 100vw, 679px\" \/><\/a><p id=\"caption-attachment-272\" class=\"wp-caption-text\">Panel 4.<\/p><\/div>\n<p>&nbsp;<\/p>\n<!-- AddThis Advanced Settings generic via filter on the_content --><!-- AddThis Share Buttons generic via filter on the_content -->","protected":false},"excerpt":{"rendered":"<p>As\u00ed se titulan cuatro paneles que recogen noticias del Aula Militar de Cultura del Cefot que se cre\u00f3 en 1991. En estos a\u00f1os se han ofrecido exposiciones y conferencias sobre las \u00f3rdenes militares, la Guerra de la Independencia o la relaci\u00f3n de Extremadura con Am\u00e9rica. Tambi\u00e9n se recogen noticias sobre los Premios del Ej\u00e9rcito y [&hellip;]<!-- AddThis Advanced Settings generic via filter on get_the_excerpt --><!-- AddThis Share Buttons generic via filter on get_the_excerpt --><\/p>\n","protected":false},"author":52,"featured_media":0,"comment_status":"open","ping_status":"closed","sticky":false,"template":"","format":"standard","meta":[],"categories":[4],"tags":[118,890,936],"_links":{"self":[{"href":"https:\/\/blogs.hoy.es\/dicestudemili\/wp-json\/wp\/v2\/posts\/268"}],"collection":[{"href":"https:\/\/blogs.hoy.es\/dicestudemili\/wp-json\/wp\/v2\/posts"}],"about":[{"href":"https:\/\/blogs.hoy.es\/dicestudemili\/wp-json\/wp\/v2\/types\/post"}],"author":[{"embeddable":true,"href":"https:\/\/blogs.hoy.es\/dicestudemili\/wp-json\/wp\/v2\/users\/52"}],"replies":[{"embeddable":true,"href":"https:\/\/blogs.hoy.es\/dicestudemili\/wp-json\/wp\/v2\/comments?post=268"}],"version-history":[{"count":0,"href":"https:\/\/blogs.hoy.es\/dicestudemili\/wp-json\/wp\/v2\/posts\/268\/revisions"}],"wp:attachment":[{"href":"https:\/\/blogs.hoy.es\/dicestudemili\/wp-json\/wp\/v2\/media?parent=268"}],"wp:term":[{"taxonomy":"category","embeddable":true,"href":"https:\/\/blogs.hoy.es\/dicestudemili\/wp-json\/wp\/v2\/categories?post=268"},{"taxonomy":"post_tag","embeddable":true,"href":"https:\/\/blogs.hoy.es\/dicestudemili\/wp-json\/wp\/v2\/tags?post=268"}],"curies":[{"name":"wp","href":"https:\/\/api.w.org\/{rel}","templated":true}]}}