{"id":280,"date":"2012-12-11T08:53:56","date_gmt":"2012-12-11T08:53:56","guid":{"rendered":"http:\/\/blogs.hoy.es\/dicestudemili\/?p=280"},"modified":"2012-12-11T08:53:56","modified_gmt":"2012-12-11T08:53:56","slug":"el-leon-de-piedra-de-santa-ana","status":"publish","type":"post","link":"https:\/\/blogs.hoy.es\/dicestudemili\/2012\/12\/11\/el-leon-de-piedra-de-santa-ana\/","title":{"rendered":"El le\u00f3n de piedra de Santa Ana"},"content":{"rendered":"<p>A\u00f1o tras a\u00f1o los reclutas primero y luego las nuevas promociones de soldados profesionales han pasado, al salir y entrar del acuartelamiento de Santa Ana, ante un le\u00f3n de piedra de m\u00e1s de 2.000 a\u00f1os de antig\u00fcedad, que estaba justo enfrente del <strong>Cuerpo de Guardia<\/strong>, en un jard\u00edn en donde tambi\u00e9n hab\u00eda obsoletas piezas de artiller\u00eda.<\/p>\n<p>Seg\u00fan un estudio realizado por <strong>Antonio Gonz\u00e1lez<\/strong>, <strong>Manuel de Alvarado<\/strong> y<strong> F\u00e9lix Barroso<\/strong>, publicado en 1988, esta escultura prerromana es bastante rara, ya que es la \u00fanica figura de le\u00f3n encontrada en la provincia de C\u00e1ceres, mientras que se han localizado 14 esculturas de cerdos o verracos, 8 toros y 6 jabal\u00edes. El le\u00f3n, que apareci\u00f3 en <strong>Aldehuela<\/strong>, est\u00e1 tallado en un solo bloque de granito gris con una longitud de 108 cent\u00edmetros, 69 cent\u00edmetros de altura y 37 de ancho.<\/p>\n<p>En el verano del 2011 los mandos del Cefot decidieron sacar la rara escultura del acuartelamiento, para mostrarla con m\u00e1s facilidad al p\u00fablico en el <strong>Palacio de las Cig\u00fce\u00f1as<\/strong>, en la Ciudad Monumental de C\u00e1ceres.<\/p>\n<div id=\"attachment_281\" style=\"width: 665px\" class=\"wp-caption aligncenter\"><a href=\"\/dicestudemili\/wp-content\/uploads\/sites\/57\/2012\/12\/le\u00f3n.jpg\"><img aria-describedby=\"caption-attachment-281\" loading=\"lazy\" class=\" wp-image-281  \" title=\"El le\u00f3n de piedra, de m\u00e1s de 2.000 a\u00f1os, en el Palacio de las Cig\u00fce\u00f1as.\" src=\"\/dicestudemili\/wp-content\/uploads\/sites\/57\/2012\/12\/le\u00f3n.jpg\" alt=\"El le\u00f3n de piedra, de m\u00e1s de 2.000 a\u00f1os, en el Palacio de las Cig\u00fce\u00f1as.\" width=\"655\" height=\"437\" srcset=\"https:\/\/static-blogs.hoy.es\/wp-content\/uploads\/sites\/57\/2012\/12\/le\u00f3n.jpg 2592w, https:\/\/static-blogs.hoy.es\/wp-content\/uploads\/sites\/57\/2012\/12\/le\u00f3n-300x200.jpg 300w, https:\/\/static-blogs.hoy.es\/wp-content\/uploads\/sites\/57\/2012\/12\/le\u00f3n-768x512.jpg 768w, https:\/\/static-blogs.hoy.es\/wp-content\/uploads\/sites\/57\/2012\/12\/le\u00f3n-1024x683.jpg 1024w\" sizes=\"(max-width: 655px) 100vw, 655px\" \/><\/a><p id=\"caption-attachment-281\" class=\"wp-caption-text\">El le\u00f3n de piedra, de m\u00e1s de 2.000 a\u00f1os, en el Palacio de las Cig\u00fce\u00f1as.<\/p><\/div>\n<!-- AddThis Advanced Settings generic via filter on the_content --><!-- AddThis Share Buttons generic via filter on the_content -->","protected":false},"excerpt":{"rendered":"<p>A\u00f1o tras a\u00f1o los reclutas primero y luego las nuevas promociones de soldados profesionales han pasado, al salir y entrar del acuartelamiento de Santa Ana, ante un le\u00f3n de piedra de m\u00e1s de 2.000 a\u00f1os de antig\u00fcedad, que estaba justo enfrente del Cuerpo de Guardia, en un jard\u00edn en donde tambi\u00e9n hab\u00eda obsoletas piezas de [&hellip;]<!-- AddThis Advanced Settings generic via filter on get_the_excerpt --><!-- AddThis Share Buttons generic via filter on get_the_excerpt --><\/p>\n","protected":false},"author":52,"featured_media":0,"comment_status":"open","ping_status":"closed","sticky":false,"template":"","format":"standard","meta":[],"categories":[2],"tags":[36,96,415,501,763,786,937],"_links":{"self":[{"href":"https:\/\/blogs.hoy.es\/dicestudemili\/wp-json\/wp\/v2\/posts\/280"}],"collection":[{"href":"https:\/\/blogs.hoy.es\/dicestudemili\/wp-json\/wp\/v2\/posts"}],"about":[{"href":"https:\/\/blogs.hoy.es\/dicestudemili\/wp-json\/wp\/v2\/types\/post"}],"author":[{"embeddable":true,"href":"https:\/\/blogs.hoy.es\/dicestudemili\/wp-json\/wp\/v2\/users\/52"}],"replies":[{"embeddable":true,"href":"https:\/\/blogs.hoy.es\/dicestudemili\/wp-json\/wp\/v2\/comments?post=280"}],"version-history":[{"count":0,"href":"https:\/\/blogs.hoy.es\/dicestudemili\/wp-json\/wp\/v2\/posts\/280\/revisions"}],"wp:attachment":[{"href":"https:\/\/blogs.hoy.es\/dicestudemili\/wp-json\/wp\/v2\/media?parent=280"}],"wp:term":[{"taxonomy":"category","embeddable":true,"href":"https:\/\/blogs.hoy.es\/dicestudemili\/wp-json\/wp\/v2\/categories?post=280"},{"taxonomy":"post_tag","embeddable":true,"href":"https:\/\/blogs.hoy.es\/dicestudemili\/wp-json\/wp\/v2\/tags?post=280"}],"curies":[{"name":"wp","href":"https:\/\/api.w.org\/{rel}","templated":true}]}}