{"id":308,"date":"2012-12-14T08:44:12","date_gmt":"2012-12-14T08:44:12","guid":{"rendered":"http:\/\/blogs.hoy.es\/dicestudemili\/?p=308"},"modified":"2012-12-14T08:44:12","modified_gmt":"2012-12-14T08:44:12","slug":"1973-jura-con-cura-al-lado-de-la-bandera","status":"publish","type":"post","link":"https:\/\/blogs.hoy.es\/dicestudemili\/2012\/12\/14\/1973-jura-con-cura-al-lado-de-la-bandera\/","title":{"rendered":"1973: Jura con cura y Teodoro Casado &#039;periodista&#039;"},"content":{"rendered":"<div id=\"attachment_309\" style=\"width: 531px\" class=\"wp-caption aligncenter\"><a href=\"\/dicestudemili\/wp-content\/uploads\/sites\/57\/2012\/12\/1973jura.jpg\"><img aria-describedby=\"caption-attachment-309\" loading=\"lazy\" class=\" wp-image-309 \" title=\"Cura a la vieja usanza en el acto de la jura.\" src=\"\/dicestudemili\/wp-content\/uploads\/sites\/57\/2012\/12\/1973jura.jpg\" alt=\"Cura a la vieja usanza en el acto de la jura.\" width=\"521\" height=\"813\" srcset=\"https:\/\/static-blogs.hoy.es\/wp-content\/uploads\/sites\/57\/2012\/12\/1973jura.jpg 651w, https:\/\/static-blogs.hoy.es\/wp-content\/uploads\/sites\/57\/2012\/12\/1973jura-192x300.jpg 192w\" sizes=\"(max-width: 521px) 100vw, 521px\" \/><\/a><p id=\"caption-attachment-309\" class=\"wp-caption-text\">Cura a la vieja usanza en el acto de la jura.<\/p><\/div>\n<p>&nbsp;<\/p>\n<p>En las juras de bandera de los primeros a\u00f1os del CIR de C\u00e1ceres, llama la atenci\u00f3n que junto a la bandera que besaban los nuevos reclutas estaba un cura, vestido a la antigua usanza, para ser testigo del acto en primera fila, como muestra la foto superior que est\u00e1 publicada en el libro \u2018C\u00e1ceres en fotos. Vida de una capital de provincia\u2019, de <strong>Jos\u00e9 Antonio Ramos Rubio<\/strong>.<\/p>\n<p>En la siguiente imagen, cedida por el <strong>Cefot<\/strong>, vemos una de las secciones de la tercera compa\u00f1\u00eda, que este a\u00f1o de 1973 mandaba el <strong>Capit\u00e1n Obreg\u00f3n.<\/strong><\/p>\n<p>&nbsp;<\/p>\n<div id=\"attachment_310\" style=\"width: 665px\" class=\"wp-caption aligncenter\"><a href=\"\/dicestudemili\/wp-content\/uploads\/sites\/57\/2012\/12\/1973.-INSTRUCCION.-UNA-DE-LAS-SECCIONES-DE-LA-3\u00aa-COMPA\u00d1IA-MAN.jpg\"><img aria-describedby=\"caption-attachment-310\" loading=\"lazy\" class=\" wp-image-310  \" title=\"Una secci\u00f3n de la 3\u00aa Compa\u00f1\u00eda mandada por el capit\u00e1n Obreg\u00f3n.\" src=\"\/dicestudemili\/wp-content\/uploads\/sites\/57\/2012\/12\/1973.-INSTRUCCION.-UNA-DE-LAS-SECCIONES-DE-LA-3\u00aa-COMPA\u00d1IA-MAN.jpg\" alt=\"Una secci\u00f3n de la 3\u00aa Compa\u00f1\u00eda mandada por el capit\u00e1n Obreg\u00f3n.\" width=\"655\" height=\"430\" srcset=\"https:\/\/static-blogs.hoy.es\/wp-content\/uploads\/sites\/57\/2012\/12\/1973.-INSTRUCCION.-UNA-DE-LAS-SECCIONES-DE-LA-3\u00aa-COMPA\u00d1IA-MAN.jpg 1232w, https:\/\/static-blogs.hoy.es\/wp-content\/uploads\/sites\/57\/2012\/12\/1973.-INSTRUCCION.-UNA-DE-LAS-SECCIONES-DE-LA-3\u00aa-COMPA\u00d1IA-MAN-300x197.jpg 300w, https:\/\/static-blogs.hoy.es\/wp-content\/uploads\/sites\/57\/2012\/12\/1973.-INSTRUCCION.-UNA-DE-LAS-SECCIONES-DE-LA-3\u00aa-COMPA\u00d1IA-MAN-768x505.jpg 768w, https:\/\/static-blogs.hoy.es\/wp-content\/uploads\/sites\/57\/2012\/12\/1973.-INSTRUCCION.-UNA-DE-LAS-SECCIONES-DE-LA-3\u00aa-COMPA\u00d1IA-MAN-1024x673.jpg 1024w\" sizes=\"(max-width: 655px) 100vw, 655px\" \/><\/a><p id=\"caption-attachment-310\" class=\"wp-caption-text\">Una secci\u00f3n de la 3\u00aa Compa\u00f1\u00eda mandada por el capit\u00e1n Obreg\u00f3n.<\/p><\/div>\n<p>&nbsp;<\/p>\n<p>El 29 de septiembre, HOY publicaba un reportaje del CIR ante la marcha del <strong>coronel Cullell<\/strong> al ser ascendido a general de Brigada, en donde se indicaba que el Ej\u00e9rcito hab\u00eda logrado hacer de un descampado una aut\u00e9ntica poblaci\u00f3n al construir los pabellones donde viv\u00edan los reclutas, comedores, salones de recreo, pistas de instrucci\u00f3n, campo de tiro, pavimentaci\u00f3n, jardines, repoblaci\u00f3n forestal, estafeta de Correos y Tel\u00e9grados, club polideportivo, instalaci\u00f3n de agua, etc\u00e9tera. Se indicaba que <span style=\"text-decoration: underline;\">en los tres a\u00f1os de mando del coronel Cullell se formaron aqu\u00ed a 35.000 reclutas<\/span>. En la siguiente fotograf\u00eda vemos a un periodista entrevistando a dos de esos j\u00f3venes. En el Cefot, que es de donde procede esta fotograf\u00eda se indica que es un periodista local. Investigando qui\u00e9n puede ser, HOY ha encontrado al autor de la fotograf\u00eda, al conocido <strong>Juan Guerrero<\/strong>, que asegura que el &#8216;periodista&#8217; es, nada m\u00e1s y nada menos, que <strong>Teodoro Casado<\/strong>, gran aficionado al baloncesto que colaboraba con alguna radio y estaba entrevistando a dos jugadores de baloncesto de Madrid que estaban haciendo la mili en C\u00e1ceres.<\/p>\n<p>&nbsp;<\/p>\n<div id=\"attachment_311\" style=\"width: 630px\" class=\"wp-caption aligncenter\"><a href=\"\/dicestudemili\/wp-content\/uploads\/sites\/57\/2012\/12\/1973.-ENTREVISTA.-PERIODISTA-LOCAL-ENTREVISTANDO-A-DOS-RECLUTA.jpg\"><img aria-describedby=\"caption-attachment-311\" loading=\"lazy\" class=\" wp-image-311 \" title=\"Entrevistando a dos reclutas.\" src=\"\/dicestudemili\/wp-content\/uploads\/sites\/57\/2012\/12\/1973.-ENTREVISTA.-PERIODISTA-LOCAL-ENTREVISTANDO-A-DOS-RECLUTA.jpg\" alt=\"Entrevistando a dos reclutas.\" width=\"620\" height=\"593\" srcset=\"https:\/\/static-blogs.hoy.es\/wp-content\/uploads\/sites\/57\/2012\/12\/1973.-ENTREVISTA.-PERIODISTA-LOCAL-ENTREVISTANDO-A-DOS-RECLUTA.jpg 775w, https:\/\/static-blogs.hoy.es\/wp-content\/uploads\/sites\/57\/2012\/12\/1973.-ENTREVISTA.-PERIODISTA-LOCAL-ENTREVISTANDO-A-DOS-RECLUTA-300x287.jpg 300w, https:\/\/static-blogs.hoy.es\/wp-content\/uploads\/sites\/57\/2012\/12\/1973.-ENTREVISTA.-PERIODISTA-LOCAL-ENTREVISTANDO-A-DOS-RECLUTA-768x734.jpg 768w\" sizes=\"(max-width: 620px) 100vw, 620px\" \/><\/a><p id=\"caption-attachment-311\" class=\"wp-caption-text\">Teodoro Casado entrevistando a dos reclutas.<\/p><\/div>\n<p>Para quien no sepa quien era Teodoro Casado, reproducimos lo que de \u00e9l escribi\u00f3 la periodista de HOY <strong>Mar\u00eda Fern\u00e1ndez<\/strong>: <em>&#8220;Teodoro Casado naci\u00f3 en Navalmoral de la Mata el 14 de julio de 1936. A los tres a\u00f1os, su familia se traslad\u00f3 y se instal\u00f3 en C\u00e1ceres, donde posteriormente estudi\u00f3 Magisterio. Jug\u00f3 en diferentes equipos de baloncesto de la ciudad desde el a\u00f1o 1955 y ya en la d\u00e9cada de los sesenta, se convirti\u00f3 en entrenador, seleccionador provincial, secretario y presidente de la Federaci\u00f3n Extreme\u00f1a de Baloncesto (Fexb). En 1975 recibi\u00f3 la Medalla de Oro de la Fexb por su labor en el deporte. Fue concejal durante 20 a\u00f1os en el Ayuntamiento. Durante estas dos d\u00e9cadas (1983-2003), Casado fue responsable municipal, en distintas etapas, de las \u00e1reas de Personal, Patrimonio y Seguridad Ciudadana, aunque principalmente estuvo ligado al \u00e1rea de Festejos, tanto en el gobierno liderado por Saponi como en la oposici\u00f3n. Asimismo, compagin\u00f3 esta actividad con su labor en el C\u00e1ceres Club de Baloncesto. Fue miembro del consejo de administraci\u00f3n en la \u00e9poca de m\u00e1ximo esplendor y presidente de honor del equipo. En 2004 recibi\u00f3 una menci\u00f3n especial en los Premios Extreme\u00f1os del Deporte de la Junta de Extremadura. Antes, en 1999, fue sometido a un trasplante de coraz\u00f3n en la madrile\u00f1a Cl\u00ednica Puerta de Hierro. Falleci\u00f3 el 28 de julio de 2009 a los 73 a\u00f1os de edad&#8221;.<\/em> En la fotograf\u00eda ten\u00eda 37 a\u00f1os.<\/p>\n<p>El 22 de noviembre tomaba posesi\u00f3n del cargo de nuevo coronel jefe del CIR de C\u00e1ceres <strong>Eloy Rodr\u00edguez Miguel<\/strong>, antiguo profesor de Educaci\u00f3n F\u00edsica de la <strong>Academia de Infanter\u00eda de Toledo<\/strong>, que en la Guerra Civil hab\u00eda participado en las <strong>batallas del Ebro<\/strong>, <strong>Jarama<\/strong>, <strong>Espad\u00e1n<\/strong> y el <strong>puente de Toledo<\/strong>. Indic\u00f3 a HOY que su prop\u00f3sito durante su mando en C\u00e1ceres, era unificar toda la tropa en el <strong>Campamento Santa Ana<\/strong>, trasladando aqu\u00ed a todos los reclutas del <strong>cuartel Infanta Isabel<\/strong>.<\/p>\n<p>&nbsp;<\/p>\n<div id=\"attachment_312\" style=\"width: 535px\" class=\"wp-caption aligncenter\"><a href=\"\/dicestudemili\/wp-content\/uploads\/sites\/57\/2012\/12\/1973-23-del-11-copia.jpg\"><img aria-describedby=\"caption-attachment-312\" loading=\"lazy\" class=\"size-full wp-image-312\" title=\"Noticia de la toma de posesi\u00f3n del coronel Eloy Rodr\u00edguez Miguel en el Diario HOY.\" src=\"\/dicestudemili\/wp-content\/uploads\/sites\/57\/2012\/12\/1973-23-del-11-copia.jpg\" alt=\"Noticia de la toma de posesi\u00f3n del coronel Eloy Rodr\u00edguez Miguel en el Diario HOY.\" width=\"525\" height=\"379\" srcset=\"https:\/\/static-blogs.hoy.es\/wp-content\/uploads\/sites\/57\/2012\/12\/1973-23-del-11-copia.jpg 525w, https:\/\/static-blogs.hoy.es\/wp-content\/uploads\/sites\/57\/2012\/12\/1973-23-del-11-copia-300x217.jpg 300w\" sizes=\"(max-width: 525px) 100vw, 525px\" \/><\/a><p id=\"caption-attachment-312\" class=\"wp-caption-text\">Noticia de la toma de posesi\u00f3n del coronel Eloy Rodr\u00edguez Miguel en el Diario HOY.<\/p><\/div>\n<p>&nbsp;<\/p>\n<p>Otra curiosidad, en la p\u00e1gina de HOY con la noticia del nuevo nombramiento, se publica la cartelera de C\u00e1ceres. Hab\u00eda entonces cuatro cines, en donde comenzaban las proyecci\u00f3nes a las seis de la tarde, con programa doble.<\/p>\n<p>Estas eran las pel\u00edculas que se pod\u00edan ver en C\u00e1ceres el 23 de noviembre de 1973:<\/p>\n<p><strong>Coliseum<\/strong>: \u2018R\u00edo Bravo\u2019 y \u2018Bajo cualquier bandera\u2019<\/p>\n<p><strong>Gran Teatro<\/strong>: \u2018Agente 003, operaci\u00f3n Atl\u00e1ntida\u2019 y \u2018Los dientes del diablo\u2019.<\/p>\n<p><strong>Capitol<\/strong>: \u2018Atrapados en el espacio\u2019 y \u2018El poder de la sangre de Dr\u00e1cula\u2019<\/p>\n<p><strong>Astoria<\/strong>: \u2018La c\u00f3lera del viento\u2019 y \u2018Regreso al hogar\u2019<\/p>\n<!-- AddThis Advanced Settings generic via filter on the_content --><!-- AddThis Share Buttons generic via filter on the_content -->","protected":false},"excerpt":{"rendered":"<p>&nbsp; En las juras de bandera de los primeros a\u00f1os del CIR de C\u00e1ceres, llama la atenci\u00f3n que junto a la bandera que besaban los nuevos reclutas estaba un cura, vestido a la antigua usanza, para ser testigo del acto en primera fila, como muestra la foto superior que est\u00e1 publicada en el libro \u2018C\u00e1ceres [&hellip;]<!-- AddThis Advanced Settings generic via filter on get_the_excerpt --><!-- AddThis Share Buttons generic via filter on get_the_excerpt --><\/p>\n","protected":false},"author":52,"featured_media":0,"comment_status":"open","ping_status":"closed","sticky":false,"template":"","format":"standard","meta":[],"categories":[3],"tags":[257,371,376],"_links":{"self":[{"href":"https:\/\/blogs.hoy.es\/dicestudemili\/wp-json\/wp\/v2\/posts\/308"}],"collection":[{"href":"https:\/\/blogs.hoy.es\/dicestudemili\/wp-json\/wp\/v2\/posts"}],"about":[{"href":"https:\/\/blogs.hoy.es\/dicestudemili\/wp-json\/wp\/v2\/types\/post"}],"author":[{"embeddable":true,"href":"https:\/\/blogs.hoy.es\/dicestudemili\/wp-json\/wp\/v2\/users\/52"}],"replies":[{"embeddable":true,"href":"https:\/\/blogs.hoy.es\/dicestudemili\/wp-json\/wp\/v2\/comments?post=308"}],"version-history":[{"count":0,"href":"https:\/\/blogs.hoy.es\/dicestudemili\/wp-json\/wp\/v2\/posts\/308\/revisions"}],"wp:attachment":[{"href":"https:\/\/blogs.hoy.es\/dicestudemili\/wp-json\/wp\/v2\/media?parent=308"}],"wp:term":[{"taxonomy":"category","embeddable":true,"href":"https:\/\/blogs.hoy.es\/dicestudemili\/wp-json\/wp\/v2\/categories?post=308"},{"taxonomy":"post_tag","embeddable":true,"href":"https:\/\/blogs.hoy.es\/dicestudemili\/wp-json\/wp\/v2\/tags?post=308"}],"curies":[{"name":"wp","href":"https:\/\/api.w.org\/{rel}","templated":true}]}}