{"id":34,"date":"2012-11-06T11:09:16","date_gmt":"2012-11-06T11:09:16","guid":{"rendered":"http:\/\/blogs.hoy.es\/dicestudemili\/?p=34"},"modified":"2012-11-06T11:09:16","modified_gmt":"2012-11-06T11:09:16","slug":"dar-de-comer-a-miles-de-jovenes","status":"publish","type":"post","link":"https:\/\/blogs.hoy.es\/dicestudemili\/2012\/11\/06\/dar-de-comer-a-miles-de-jovenes\/","title":{"rendered":"Dar de comer a miles de j\u00f3venes"},"content":{"rendered":"<p>&nbsp;<\/p>\n<div id=\"attachment_35\" style=\"width: 673px\" class=\"wp-caption aligncenter\"><a href=\"\/dicestudemili\/wp-content\/uploads\/sites\/57\/2012\/11\/59.-CACERES.-RECLUTAS-NOMBRADOS-DE-SERVICIO-DE-COCINA-EN-EL-3.jpg\"><img aria-describedby=\"caption-attachment-35\" loading=\"lazy\" class=\"wp-image-35  \" title=\"Reclutas nombrados para el servicio de Cocina.\" src=\"\/dicestudemili\/wp-content\/uploads\/sites\/57\/2012\/11\/59.-CACERES.-RECLUTAS-NOMBRADOS-DE-SERVICIO-DE-COCINA-EN-EL-3.jpg\" alt=\"Reclutas nombrados para el servicio de Cocina.\" width=\"663\" height=\"485\" srcset=\"https:\/\/static-blogs.hoy.es\/wp-content\/uploads\/sites\/57\/2012\/11\/59.-CACERES.-RECLUTAS-NOMBRADOS-DE-SERVICIO-DE-COCINA-EN-EL-3.jpg 2418w, https:\/\/static-blogs.hoy.es\/wp-content\/uploads\/sites\/57\/2012\/11\/59.-CACERES.-RECLUTAS-NOMBRADOS-DE-SERVICIO-DE-COCINA-EN-EL-3-300x220.jpg 300w, https:\/\/static-blogs.hoy.es\/wp-content\/uploads\/sites\/57\/2012\/11\/59.-CACERES.-RECLUTAS-NOMBRADOS-DE-SERVICIO-DE-COCINA-EN-EL-3-768x562.jpg 768w, https:\/\/static-blogs.hoy.es\/wp-content\/uploads\/sites\/57\/2012\/11\/59.-CACERES.-RECLUTAS-NOMBRADOS-DE-SERVICIO-DE-COCINA-EN-EL-3-1024x750.jpg 1024w\" sizes=\"(max-width: 663px) 100vw, 663px\" \/><\/a><p id=\"caption-attachment-35\" class=\"wp-caption-text\">Reclutas nombrados para el servicio de Cocina.<\/p><\/div>\n<p>En los a\u00f1os en los que se formaba en este campamento a miles de reclutas, en el servicio de Cocina trabajaban 80 soldados y un jefe de cocina.<\/p>\n<p>En un llamamiento, dos meses, se consum\u00edan 35 toneladas de patatas, m\u00e1s de 400.000 huevos, 300.000 bocadillos y 80.000 litros de sangr\u00eda. En tiempos de sand\u00eda se consum\u00edan 10.000 kilos al mes. En un mes tambi\u00e9n se tomaban 20.000 kilos de carne. Cada d\u00eda se hac\u00edan 10.000 churros, que no sobraba ni uno, y se com\u00edan 300 kilos de pl\u00e1tanos.<\/p>\n<!-- AddThis Advanced Settings generic via filter on the_content --><!-- AddThis Share Buttons generic via filter on the_content -->","protected":false},"excerpt":{"rendered":"<p>&nbsp; En los a\u00f1os en los que se formaba en este campamento a miles de reclutas, en el servicio de Cocina trabajaban 80 soldados y un jefe de cocina. En un llamamiento, dos meses, se consum\u00edan 35 toneladas de patatas, m\u00e1s de 400.000 huevos, 300.000 bocadillos y 80.000 litros de sangr\u00eda. En tiempos de sand\u00eda [&hellip;]<!-- AddThis Advanced Settings generic via filter on get_the_excerpt --><!-- AddThis Share Buttons generic via filter on get_the_excerpt --><\/p>\n","protected":false},"author":52,"featured_media":0,"comment_status":"open","ping_status":"closed","sticky":false,"template":"","format":"standard","meta":[],"categories":[2],"tags":[290,332,604,900,1005],"_links":{"self":[{"href":"https:\/\/blogs.hoy.es\/dicestudemili\/wp-json\/wp\/v2\/posts\/34"}],"collection":[{"href":"https:\/\/blogs.hoy.es\/dicestudemili\/wp-json\/wp\/v2\/posts"}],"about":[{"href":"https:\/\/blogs.hoy.es\/dicestudemili\/wp-json\/wp\/v2\/types\/post"}],"author":[{"embeddable":true,"href":"https:\/\/blogs.hoy.es\/dicestudemili\/wp-json\/wp\/v2\/users\/52"}],"replies":[{"embeddable":true,"href":"https:\/\/blogs.hoy.es\/dicestudemili\/wp-json\/wp\/v2\/comments?post=34"}],"version-history":[{"count":0,"href":"https:\/\/blogs.hoy.es\/dicestudemili\/wp-json\/wp\/v2\/posts\/34\/revisions"}],"wp:attachment":[{"href":"https:\/\/blogs.hoy.es\/dicestudemili\/wp-json\/wp\/v2\/media?parent=34"}],"wp:term":[{"taxonomy":"category","embeddable":true,"href":"https:\/\/blogs.hoy.es\/dicestudemili\/wp-json\/wp\/v2\/categories?post=34"},{"taxonomy":"post_tag","embeddable":true,"href":"https:\/\/blogs.hoy.es\/dicestudemili\/wp-json\/wp\/v2\/tags?post=34"}],"curies":[{"name":"wp","href":"https:\/\/api.w.org\/{rel}","templated":true}]}}