{"id":350,"date":"2012-12-17T08:54:36","date_gmt":"2012-12-17T08:54:36","guid":{"rendered":"http:\/\/blogs.hoy.es\/dicestudemili\/?p=350"},"modified":"2012-12-17T08:54:36","modified_gmt":"2012-12-17T08:54:36","slug":"1974-preparados-para-recibir-a-3-000-jovenes-cada-trimestre","status":"publish","type":"post","link":"https:\/\/blogs.hoy.es\/dicestudemili\/2012\/12\/17\/1974-preparados-para-recibir-a-3-000-jovenes-cada-trimestre\/","title":{"rendered":"1974: Preparados para recibir a 3.000 j\u00f3venes cada trimestre"},"content":{"rendered":"<div id=\"attachment_351\" style=\"width: 687px\" class=\"wp-caption aligncenter\"><a href=\"\/dicestudemili\/wp-content\/uploads\/sites\/57\/2012\/12\/1974.-ACTOS.-EL-CAPITAN-TELLO-ENTREGANDO-EL-DIA-DEL-FAMILIAR-L1.jpg\"><img aria-describedby=\"caption-attachment-351\" loading=\"lazy\" class=\" wp-image-351 \" title=\"El capit\u00e1n Tello entrega un premio a un recluta.\" src=\"\/dicestudemili\/wp-content\/uploads\/sites\/57\/2012\/12\/1974.-ACTOS.-EL-CAPITAN-TELLO-ENTREGANDO-EL-DIA-DEL-FAMILIAR-L1.jpg\" alt=\"El capit\u00e1n Tello entrega un premio a un recluta.\" width=\"677\" height=\"580\" srcset=\"https:\/\/static-blogs.hoy.es\/wp-content\/uploads\/sites\/57\/2012\/12\/1974.-ACTOS.-EL-CAPITAN-TELLO-ENTREGANDO-EL-DIA-DEL-FAMILIAR-L1.jpg 967w, https:\/\/static-blogs.hoy.es\/wp-content\/uploads\/sites\/57\/2012\/12\/1974.-ACTOS.-EL-CAPITAN-TELLO-ENTREGANDO-EL-DIA-DEL-FAMILIAR-L1-300x257.jpg 300w, https:\/\/static-blogs.hoy.es\/wp-content\/uploads\/sites\/57\/2012\/12\/1974.-ACTOS.-EL-CAPITAN-TELLO-ENTREGANDO-EL-DIA-DEL-FAMILIAR-L1-768x658.jpg 768w\" sizes=\"(max-width: 677px) 100vw, 677px\" \/><\/a><p id=\"caption-attachment-351\" class=\"wp-caption-text\">El capit\u00e1n Tello entrega un premio a un recluta.<\/p><\/div>\n<p>&nbsp;<\/p>\n<p>Las instalaciones del <strong>Campamento Santa Ana<\/strong> se van mejorando para que C\u00e1ceres pueda recibir cada trimestre a 3.000 nuevos reclutas que se formen en el servicio militar. El 27 de diciembre de 1974 HOY publicaba que se hab\u00eda puesto en funcionamiento en el CIR una depuradora de aguas fecales, que pod\u00eda depurar hasta 500 metros c\u00fabicos de agua al d\u00eda. Se comentaba en la noticia, que era la primera depuradora que funcionaba en la provincia de C\u00e1ceres, esperando que se instalaran m\u00e1s porque evitaba la contaminaci\u00f3n y se pod\u00eda aprovechar el agua tratada. Sobre esta posibilidad, en la informaci\u00f3n se indica que estaban estudiando si se pod\u00eda hacer un huerto junto a la depuradora.<\/p>\n<p>En la imagen siguiente, cedida por el Cefot, vemos una jura de bandera de este a\u00f1o con \u2018la fuerza en formaci\u00f3n\u2019, seg\u00fan t\u00e9rminos castrenses.<\/p>\n<div id=\"attachment_352\" style=\"width: 655px\" class=\"wp-caption aligncenter\"><a href=\"\/dicestudemili\/wp-content\/uploads\/sites\/57\/2012\/12\/1974.-JURA-DE-BANDERA.-FUERZA-EN-FORMACION-A\u00d1O-19741.jpg\"><img aria-describedby=\"caption-attachment-352\" loading=\"lazy\" class=\" wp-image-352  \" title=\"Jura de bandera.\" src=\"\/dicestudemili\/wp-content\/uploads\/sites\/57\/2012\/12\/1974.-JURA-DE-BANDERA.-FUERZA-EN-FORMACION-A\u00d1O-19741.jpg\" alt=\"Jura de bandera.\" width=\"645\" height=\"453\" srcset=\"https:\/\/static-blogs.hoy.es\/wp-content\/uploads\/sites\/57\/2012\/12\/1974.-JURA-DE-BANDERA.-FUERZA-EN-FORMACION-A\u00d1O-19741.jpg 1106w, https:\/\/static-blogs.hoy.es\/wp-content\/uploads\/sites\/57\/2012\/12\/1974.-JURA-DE-BANDERA.-FUERZA-EN-FORMACION-A\u00d1O-19741-300x210.jpg 300w, https:\/\/static-blogs.hoy.es\/wp-content\/uploads\/sites\/57\/2012\/12\/1974.-JURA-DE-BANDERA.-FUERZA-EN-FORMACION-A\u00d1O-19741-768x539.jpg 768w, https:\/\/static-blogs.hoy.es\/wp-content\/uploads\/sites\/57\/2012\/12\/1974.-JURA-DE-BANDERA.-FUERZA-EN-FORMACION-A\u00d1O-19741-1024x718.jpg 1024w\" sizes=\"(max-width: 645px) 100vw, 645px\" \/><\/a><p id=\"caption-attachment-352\" class=\"wp-caption-text\">Jura de bandera.<\/p><\/div>\n<p>&nbsp;<\/p>\n<p>La siguiente fotograf\u00eda es de un acto dentro del D\u00eda del Familiar, actividad de la que tratamos en el apartado dedicado al a\u00f1o 1972.<\/p>\n<div id=\"attachment_353\" style=\"width: 673px\" class=\"wp-caption aligncenter\"><a href=\"\/dicestudemili\/wp-content\/uploads\/sites\/57\/2012\/12\/1974.-ACTOS.-DIA-DEL-FAMILIAR-A\u00d1O-19741.jpg\"><img aria-describedby=\"caption-attachment-353\" loading=\"lazy\" class=\" wp-image-353   \" title=\"D\u00eda del familiar.\" src=\"\/dicestudemili\/wp-content\/uploads\/sites\/57\/2012\/12\/1974.-ACTOS.-DIA-DEL-FAMILIAR-A\u00d1O-19741.jpg\" alt=\"D\u00eda del familiar.\" width=\"663\" height=\"366\" srcset=\"https:\/\/static-blogs.hoy.es\/wp-content\/uploads\/sites\/57\/2012\/12\/1974.-ACTOS.-DIA-DEL-FAMILIAR-A\u00d1O-19741.jpg 1314w, https:\/\/static-blogs.hoy.es\/wp-content\/uploads\/sites\/57\/2012\/12\/1974.-ACTOS.-DIA-DEL-FAMILIAR-A\u00d1O-19741-300x166.jpg 300w, https:\/\/static-blogs.hoy.es\/wp-content\/uploads\/sites\/57\/2012\/12\/1974.-ACTOS.-DIA-DEL-FAMILIAR-A\u00d1O-19741-768x424.jpg 768w, https:\/\/static-blogs.hoy.es\/wp-content\/uploads\/sites\/57\/2012\/12\/1974.-ACTOS.-DIA-DEL-FAMILIAR-A\u00d1O-19741-1024x566.jpg 1024w\" sizes=\"(max-width: 663px) 100vw, 663px\" \/><\/a><p id=\"caption-attachment-353\" class=\"wp-caption-text\">D\u00eda del familiar.<\/p><\/div>\n<p>&nbsp;<\/p>\n<p>Recuerda este a\u00f1o de 1974 <strong>Juan Andr\u00e9s Dorado<\/strong> en el apartado de \u2018tus testimonios\u2019. Indica que en el <strong>Cuartel Infanta Isabel<\/strong> estaba la 2\u00aa y la 4\u00aa compa\u00f1\u00eda. La fotografia siguiente es de la segunda compa\u00f1\u00eda, est\u00e1 publicada en el libro \u2018C\u00e1ceres 1886-1986\u2032 de <strong>Jos\u00e9 Antonio Ramos Rubio<\/strong>.<\/p>\n<div id=\"attachment_354\" style=\"width: 620px\" class=\"wp-caption aligncenter\"><a href=\"\/dicestudemili\/wp-content\/uploads\/sites\/57\/2012\/12\/1974-infanta1.jpg\"><img aria-describedby=\"caption-attachment-354\" loading=\"lazy\" class=\" wp-image-354 \" title=\"Segunda compa\u00f1\u00eda.\" src=\"\/dicestudemili\/wp-content\/uploads\/sites\/57\/2012\/12\/1974-infanta1.jpg\" alt=\"Segunda compa\u00f1\u00eda.\" width=\"610\" height=\"347\" srcset=\"https:\/\/static-blogs.hoy.es\/wp-content\/uploads\/sites\/57\/2012\/12\/1974-infanta1.jpg 762w, https:\/\/static-blogs.hoy.es\/wp-content\/uploads\/sites\/57\/2012\/12\/1974-infanta1-300x171.jpg 300w\" sizes=\"(max-width: 610px) 100vw, 610px\" \/><\/a><p id=\"caption-attachment-354\" class=\"wp-caption-text\">Segunda compa\u00f1\u00eda.<\/p><\/div>\n<p>&nbsp;<\/p>\n<p>En el blog <strong>Historias del Pardo<\/strong> una mujer ha dejado escrito lo siguiente: <em>&#8220;Mi padre, si no calculo mal, hizo la mili en el a\u00f1o 1974 en C\u00e1ceres, poco m\u00e1s puedo a\u00f1adir, s\u00f3lo que su nombre es <strong>Antonio Moreno Hita<\/strong>, que \u00e9l es panadero, que estuvo trabajando haciendo churros y creo que tambi\u00e9n cos\u00eda algo, que tuvo un gran amigo que se llama<strong> Jos\u00e9 Guerrero Quintana<\/strong>. Seguro que tuvo m\u00e1s&#8230; pero no me s\u00e9 los nombres. S\u00f3lo pido que si alguien cree que le conoce que me env\u00ede un email a esta direcci\u00f3n: a.moresoler@gmail.com. GRACIAS!!!!&#8221;<\/em><\/p>\n<!-- AddThis Advanced Settings generic via filter on the_content --><!-- AddThis Share Buttons generic via filter on the_content -->","protected":false},"excerpt":{"rendered":"<p>&nbsp; Las instalaciones del Campamento Santa Ana se van mejorando para que C\u00e1ceres pueda recibir cada trimestre a 3.000 nuevos reclutas que se formen en el servicio militar. El 27 de diciembre de 1974 HOY publicaba que se hab\u00eda puesto en funcionamiento en el CIR una depuradora de aguas fecales, que pod\u00eda depurar hasta 500 [&hellip;]<!-- AddThis Advanced Settings generic via filter on get_the_excerpt --><!-- AddThis Share Buttons generic via filter on get_the_excerpt --><\/p>\n","protected":false},"author":52,"featured_media":0,"comment_status":"open","ping_status":"closed","sticky":false,"template":"","format":"standard","meta":[],"categories":[3],"tags":[102,211,266,412,423,430,682],"_links":{"self":[{"href":"https:\/\/blogs.hoy.es\/dicestudemili\/wp-json\/wp\/v2\/posts\/350"}],"collection":[{"href":"https:\/\/blogs.hoy.es\/dicestudemili\/wp-json\/wp\/v2\/posts"}],"about":[{"href":"https:\/\/blogs.hoy.es\/dicestudemili\/wp-json\/wp\/v2\/types\/post"}],"author":[{"embeddable":true,"href":"https:\/\/blogs.hoy.es\/dicestudemili\/wp-json\/wp\/v2\/users\/52"}],"replies":[{"embeddable":true,"href":"https:\/\/blogs.hoy.es\/dicestudemili\/wp-json\/wp\/v2\/comments?post=350"}],"version-history":[{"count":0,"href":"https:\/\/blogs.hoy.es\/dicestudemili\/wp-json\/wp\/v2\/posts\/350\/revisions"}],"wp:attachment":[{"href":"https:\/\/blogs.hoy.es\/dicestudemili\/wp-json\/wp\/v2\/media?parent=350"}],"wp:term":[{"taxonomy":"category","embeddable":true,"href":"https:\/\/blogs.hoy.es\/dicestudemili\/wp-json\/wp\/v2\/categories?post=350"},{"taxonomy":"post_tag","embeddable":true,"href":"https:\/\/blogs.hoy.es\/dicestudemili\/wp-json\/wp\/v2\/tags?post=350"}],"curies":[{"name":"wp","href":"https:\/\/api.w.org\/{rel}","templated":true}]}}