{"id":366,"date":"2012-12-19T05:26:55","date_gmt":"2012-12-19T05:26:55","guid":{"rendered":"http:\/\/blogs.hoy.es\/dicestudemili\/?p=366"},"modified":"2012-12-19T05:26:55","modified_gmt":"2012-12-19T05:26:55","slug":"juan-jesus-pulido-jure-bandera-en-1972-con-balciscueta-el-jugador-del-cacereno","status":"publish","type":"post","link":"https:\/\/blogs.hoy.es\/dicestudemili\/2012\/12\/19\/juan-jesus-pulido-jure-bandera-en-1972-con-balciscueta-el-jugador-del-cacereno\/","title":{"rendered":"Juan Jes\u00fas Pulido: &#8220;Jur\u00e9 bandera en 1972 con Balciscueta, el jugador del Cacere\u00f1o&#8221;"},"content":{"rendered":"<div class=\"mceTemp mceIEcenter\"><\/div>\n<div id=\"attachment_367\" style=\"width: 601px\" class=\"wp-caption aligncenter\"><a href=\"\/dicestudemili\/wp-content\/uploads\/sites\/57\/2012\/12\/Imagen0329.jpg\"><img aria-describedby=\"caption-attachment-367\" loading=\"lazy\" class=\"size-full wp-image-367\" title=\"Aqu\u00ed estoy en la entrada de la 12 Compa\u00f1\u00eda.\" src=\"\/dicestudemili\/wp-content\/uploads\/sites\/57\/2012\/12\/Imagen0329.jpg\" alt=\"Aqu\u00ed estoy en la entrada de la 12 Compa\u00f1\u00eda.\" width=\"591\" height=\"885\" srcset=\"https:\/\/static-blogs.hoy.es\/wp-content\/uploads\/sites\/57\/2012\/12\/Imagen0329.jpg 591w, https:\/\/static-blogs.hoy.es\/wp-content\/uploads\/sites\/57\/2012\/12\/Imagen0329-200x300.jpg 200w\" sizes=\"(max-width: 591px) 100vw, 591px\" \/><\/a><p id=\"caption-attachment-367\" class=\"wp-caption-text\">Aqu\u00ed estoy en la entrada de la 12 Compa\u00f1\u00eda.<\/p><\/div>\n<p><em>Hola, me llamo <strong>Juan\u00a0 Jes\u00fas\u00a0\u00a0Pulido\u00a0 G\u00f3mez<\/strong>,\u00a0 soy de\u00a0 <strong>Montehermoso<\/strong> (C\u00e1ceres). Me incorpor\u00e9 al servicio militar al\u00a0CIR N\u00ba 3 de C\u00e1ceres, el<strong> 17 de Abril del 1972<\/strong>. Hice toda la mili en el Campamento de Santa Ana, concretamente en la 12\u00ba\u00a0 Compa\u00f1\u00eda; primero, como es normal, de recluta y posteriormente de\u00a0auxiliar, hasta que me licenciaron el d\u00eda <strong>28 de Junio del 1973<\/strong>.<\/em><br \/>\n<em> En estas fotos estoy en la puerta de la Compa\u00f1\u00eda con varios compa\u00f1eros, los cuales me gustar\u00eda se pusieran en contacto conmigo, mediante mi correo (<a href=\"mailto:juanjesuspg@hotmail.es\" target=\"_blank\">juanjesuspg@hotmail.es<\/a>), o bien buscando mi n\u00famero de tel\u00e9fono en la gu\u00eda telef\u00f3nica de Montehermoso, pues no he vuelto a saber nada de\u00a0 ellos\u2026 y me har\u00eda una gran ilusi\u00f3n.<\/em><\/p>\n<p>&nbsp;<\/p>\n<div id=\"attachment_368\" style=\"width: 648px\" class=\"wp-caption aligncenter\"><a href=\"\/dicestudemili\/wp-content\/uploads\/sites\/57\/2012\/12\/Imagen0331.jpg\"><img aria-describedby=\"caption-attachment-368\" loading=\"lazy\" class=\" wp-image-368 \" title=\"Con compa\u00f1eros.\" src=\"\/dicestudemili\/wp-content\/uploads\/sites\/57\/2012\/12\/Imagen0331.jpg\" alt=\"Con compa\u00f1eros.\" width=\"638\" height=\"437\" srcset=\"https:\/\/static-blogs.hoy.es\/wp-content\/uploads\/sites\/57\/2012\/12\/Imagen0331.jpg 709w, https:\/\/static-blogs.hoy.es\/wp-content\/uploads\/sites\/57\/2012\/12\/Imagen0331-300x205.jpg 300w\" sizes=\"(max-width: 638px) 100vw, 638px\" \/><\/a><p id=\"caption-attachment-368\" class=\"wp-caption-text\">Con compa\u00f1eros.<\/p><\/div>\n<div id=\"attachment_369\" style=\"width: 648px\" class=\"wp-caption aligncenter\"><a href=\"\/dicestudemili\/wp-content\/uploads\/sites\/57\/2012\/12\/Imagen0332.jpg\"><img aria-describedby=\"caption-attachment-369\" loading=\"lazy\" class=\" wp-image-369  \" title=\"En el Campamento Santa Ana.\" src=\"\/dicestudemili\/wp-content\/uploads\/sites\/57\/2012\/12\/Imagen0332.jpg\" alt=\"En el Campamento Santa Ana.\" width=\"638\" height=\"345\" srcset=\"https:\/\/static-blogs.hoy.es\/wp-content\/uploads\/sites\/57\/2012\/12\/Imagen0332.jpg 709w, https:\/\/static-blogs.hoy.es\/wp-content\/uploads\/sites\/57\/2012\/12\/Imagen0332-300x162.jpg 300w\" sizes=\"(max-width: 638px) 100vw, 638px\" \/><\/a><p id=\"caption-attachment-369\" class=\"wp-caption-text\">En el Campamento Santa Ana.<\/p><\/div>\n<div id=\"attachment_370\" style=\"width: 601px\" class=\"wp-caption aligncenter\"><a href=\"\/dicestudemili\/wp-content\/uploads\/sites\/57\/2012\/12\/Imagen0333.jpg\"><img aria-describedby=\"caption-attachment-370\" loading=\"lazy\" class=\"size-full wp-image-370\" title=\"En el armero.\" src=\"\/dicestudemili\/wp-content\/uploads\/sites\/57\/2012\/12\/Imagen0333.jpg\" alt=\"En el armero.\" width=\"591\" height=\"793\" srcset=\"https:\/\/static-blogs.hoy.es\/wp-content\/uploads\/sites\/57\/2012\/12\/Imagen0333.jpg 591w, https:\/\/static-blogs.hoy.es\/wp-content\/uploads\/sites\/57\/2012\/12\/Imagen0333-224x300.jpg 224w\" sizes=\"(max-width: 591px) 100vw, 591px\" \/><\/a><p id=\"caption-attachment-370\" class=\"wp-caption-text\">En el armero.<\/p><\/div>\n<p>&nbsp;<\/p>\n<p><em>Estas fotos son de la Jura de Bandera. En la primera yo soy el que est\u00e1 besando la bandera, y el que va delante de m\u00ed se llamaba de apellido <strong>Balciscueta<\/strong>\u00a0y jug\u00f3 en el <strong>Cacere\u00f1o<\/strong>, por lo menos mientras hizo la mili; no me acuerdo si continu\u00f3 despu\u00e9s.*<\/em><\/p>\n<div id=\"attachment_371\" style=\"width: 542px\" class=\"wp-caption alignleft\"><a href=\"\/dicestudemili\/wp-content\/uploads\/sites\/57\/2012\/12\/Imagen0334.jpg\"><img aria-describedby=\"caption-attachment-371\" loading=\"lazy\" class=\" wp-image-371 \" title=\"Balciscueta, en el primer plano.\" src=\"\/dicestudemili\/wp-content\/uploads\/sites\/57\/2012\/12\/Imagen0334.jpg\" alt=\"Balciscueta, en el primer plano.\" width=\"532\" height=\"699\" srcset=\"https:\/\/static-blogs.hoy.es\/wp-content\/uploads\/sites\/57\/2012\/12\/Imagen0334.jpg 591w, https:\/\/static-blogs.hoy.es\/wp-content\/uploads\/sites\/57\/2012\/12\/Imagen0334-228x300.jpg 228w\" sizes=\"(max-width: 532px) 100vw, 532px\" \/><\/a><p id=\"caption-attachment-371\" class=\"wp-caption-text\">Balciscueta, en el primer plano.<\/p><\/div>\n<p>&nbsp;<\/p>\n<p>&nbsp;<\/p>\n<p>&nbsp;<\/p>\n<p>&nbsp;<\/p>\n<p>&nbsp;<\/p>\n<p>&nbsp;<\/p>\n<p>&nbsp;<\/p>\n<p>&nbsp;<\/p>\n<p>&nbsp;<\/p>\n<p>&nbsp;<\/p>\n<p>&nbsp;<\/p>\n<p>&nbsp;<\/p>\n<p>&nbsp;<\/p>\n<p>&nbsp;<\/p>\n<p>&nbsp;<\/p>\n<p>&nbsp;<\/p>\n<p>&nbsp;<\/p>\n<p>&nbsp;<\/p>\n<p>&nbsp;<\/p>\n<p>&nbsp;<\/p>\n<p>&nbsp;<\/p>\n<p>&nbsp;<\/p>\n<p>&nbsp;<\/p>\n<p>&nbsp;<\/p>\n<div id=\"attachment_372\" style=\"width: 542px\" class=\"wp-caption alignright\"><a href=\"\/dicestudemili\/wp-content\/uploads\/sites\/57\/2012\/12\/Imagen0335.jpg\"><img aria-describedby=\"caption-attachment-372\" loading=\"lazy\" class=\" wp-image-372 \" title=\"Despu\u00e9s de besar la bandera.\" src=\"\/dicestudemili\/wp-content\/uploads\/sites\/57\/2012\/12\/Imagen0335.jpg\" alt=\"Despu\u00e9s de besar la bandera.\" width=\"532\" height=\"707\" srcset=\"https:\/\/static-blogs.hoy.es\/wp-content\/uploads\/sites\/57\/2012\/12\/Imagen0335.jpg 591w, https:\/\/static-blogs.hoy.es\/wp-content\/uploads\/sites\/57\/2012\/12\/Imagen0335-226x300.jpg 226w\" sizes=\"(max-width: 532px) 100vw, 532px\" \/><\/a><p id=\"caption-attachment-372\" class=\"wp-caption-text\">Despu\u00e9s de besar la bandera.<\/p><\/div>\n<p>&nbsp;<\/p>\n<p>&nbsp;<\/p>\n<p>&nbsp;<\/p>\n<p>&nbsp;<\/p>\n<p>&nbsp;<\/p>\n<p>&nbsp;<\/p>\n<p>&nbsp;<\/p>\n<p>&nbsp;<\/p>\n<p>&nbsp;<\/p>\n<p>&nbsp;<\/p>\n<p>&nbsp;<\/p>\n<p>&nbsp;<\/p>\n<p>&nbsp;<\/p>\n<p>&nbsp;<\/p>\n<p>&nbsp;<\/p>\n<p>&nbsp;<\/p>\n<p>&nbsp;<\/p>\n<p>&nbsp;<\/p>\n<p>&nbsp;<\/p>\n<p>&nbsp;<\/p>\n<p>&nbsp;<\/p>\n<p>&nbsp;<\/p>\n<p>&nbsp;<\/p>\n<p>&nbsp;<\/p>\n<p>&nbsp;<\/p>\n<p>&nbsp;<\/p>\n<p>&nbsp;<\/p>\n<p>&nbsp;<\/p>\n<p>&nbsp;<\/p>\n<p>&nbsp;<\/p>\n<p>&nbsp;<\/p>\n<p>&nbsp;<\/p>\n<p><em>La siguiente imagen es de componentes de la 12 Compa\u00f1\u00eda, creo no confundirme, que es el\u00a0 tercer\u00a0remplazo de 1972\u00a0 (yo soy el primero por la izquierda, de la primera fila, donde hay tres). Tambi\u00e9n env\u00edo el reverso de esta fotograf\u00eda, donde est\u00e1n las firmas de todos.<\/em><\/p>\n<div id=\"attachment_373\" style=\"width: 719px\" class=\"wp-caption aligncenter\"><a href=\"\/dicestudemili\/wp-content\/uploads\/sites\/57\/2012\/12\/Imagen0336.jpg\"><img aria-describedby=\"caption-attachment-373\" loading=\"lazy\" class=\"size-full wp-image-373\" title=\"Miembros de la 12 Compa\u00f1\u00eda.\" src=\"\/dicestudemili\/wp-content\/uploads\/sites\/57\/2012\/12\/Imagen0336.jpg\" alt=\"Miembros de la 12 Compa\u00f1\u00eda.\" width=\"709\" height=\"417\" srcset=\"https:\/\/static-blogs.hoy.es\/wp-content\/uploads\/sites\/57\/2012\/12\/Imagen0336.jpg 709w, https:\/\/static-blogs.hoy.es\/wp-content\/uploads\/sites\/57\/2012\/12\/Imagen0336-300x176.jpg 300w\" sizes=\"(max-width: 709px) 100vw, 709px\" \/><\/a><p id=\"caption-attachment-373\" class=\"wp-caption-text\">Miembros de la 12 Compa\u00f1\u00eda.<\/p><\/div>\n<div id=\"attachment_374\" style=\"width: 364px\" class=\"wp-caption aligncenter\"><a href=\"\/dicestudemili\/wp-content\/uploads\/sites\/57\/2012\/12\/Imagen0337.jpg\"><img aria-describedby=\"caption-attachment-374\" loading=\"lazy\" class=\"size-full wp-image-374 \" title=\"Nuestras firmas.\" src=\"\/dicestudemili\/wp-content\/uploads\/sites\/57\/2012\/12\/Imagen0337.jpg\" alt=\"Nuestras firmas.\" width=\"354\" height=\"551\" srcset=\"https:\/\/static-blogs.hoy.es\/wp-content\/uploads\/sites\/57\/2012\/12\/Imagen0337.jpg 354w, https:\/\/static-blogs.hoy.es\/wp-content\/uploads\/sites\/57\/2012\/12\/Imagen0337-193x300.jpg 193w\" sizes=\"(max-width: 354px) 100vw, 354px\" \/><\/a><p id=\"caption-attachment-374\" class=\"wp-caption-text\">Nuestras firmas.<\/p><\/div>\n<p><em> <\/em><\/p>\n<p><em>Esta foto fue tomada el <strong>31 de Agosto de 1972<\/strong>. Es del campeonato de f\u00fatbol entre las compa\u00f1\u00edas. Estamos jugadores y mandos de la 12 Compa\u00f1\u00eda. Jugamos la final contra la\u00a0 6\u00aa, a la que vencimos con el resultado de 5\u00a0a\u00a02.\u00a0(Soy el pen\u00faltimo por la derecha de los agachados).<\/em><\/p>\n<div id=\"attachment_375\" style=\"width: 896px\" class=\"wp-caption aligncenter\"><a href=\"\/dicestudemili\/wp-content\/uploads\/sites\/57\/2012\/12\/Imagen0338.jpg\"><img aria-describedby=\"caption-attachment-375\" loading=\"lazy\" class=\"size-full wp-image-375\" title=\"Posando en el campeonato entre compa\u00f1\u00edas.\" src=\"\/dicestudemili\/wp-content\/uploads\/sites\/57\/2012\/12\/Imagen0338.jpg\" alt=\"Posando en el campeonato entre compa\u00f1\u00edas.\" width=\"886\" height=\"486\" srcset=\"https:\/\/static-blogs.hoy.es\/wp-content\/uploads\/sites\/57\/2012\/12\/Imagen0338.jpg 886w, https:\/\/static-blogs.hoy.es\/wp-content\/uploads\/sites\/57\/2012\/12\/Imagen0338-300x165.jpg 300w, https:\/\/static-blogs.hoy.es\/wp-content\/uploads\/sites\/57\/2012\/12\/Imagen0338-768x421.jpg 768w\" sizes=\"(max-width: 886px) 100vw, 886px\" \/><\/a><p id=\"caption-attachment-375\" class=\"wp-caption-text\">Posando en el campeonato entre compa\u00f1\u00edas.<\/p><\/div>\n<p>&nbsp;<\/p>\n<p><em>En esta fotograf\u00eda, la \u00faltima, estoy con\u00a0varios\u00a0 compa\u00f1eros de\u00a0Montehermoso\u00a0y\u00a0otros amigos, tom\u00e1ndonos nuestras cervecitas\u2026<\/em><\/p>\n<div id=\"attachment_376\" style=\"width: 719px\" class=\"wp-caption aligncenter\"><a href=\"\/dicestudemili\/wp-content\/uploads\/sites\/57\/2012\/12\/Imagen0339.jpg\"><img aria-describedby=\"caption-attachment-376\" loading=\"lazy\" class=\"size-full wp-image-376\" title=\"En la cantina.\" src=\"\/dicestudemili\/wp-content\/uploads\/sites\/57\/2012\/12\/Imagen0339.jpg\" alt=\"En la cantina.\" width=\"709\" height=\"499\" srcset=\"https:\/\/static-blogs.hoy.es\/wp-content\/uploads\/sites\/57\/2012\/12\/Imagen0339.jpg 709w, https:\/\/static-blogs.hoy.es\/wp-content\/uploads\/sites\/57\/2012\/12\/Imagen0339-300x211.jpg 300w\" sizes=\"(max-width: 709px) 100vw, 709px\" \/><\/a><p id=\"caption-attachment-376\" class=\"wp-caption-text\">En la cantina.<\/p><\/div>\n<p>&nbsp;<\/p>\n<p>&nbsp;<\/p>\n<p>*En octubre de 2012 <strong>Paco Mangut<\/strong> present\u00f3 su libro \u2018Polideportivo Cacere\u00f1o. Sus or\u00edgenes, su historia\u2019, en el que se destaca que<em> <\/em>Balciscueta tiene el mejor registro goleador en una campa\u00f1a: 47 goles en la temporada 72-73.<\/p>\n<p>Hemos preguntado a Paco Mangut sobre si sabe algo m\u00e1s de Balciscueta y muy amablemente, como es su costumbre, nos ha aportado estos datos que le agradecemos:<\/p>\n<div id=\"attachment_385\" style=\"width: 349px\" class=\"wp-caption alignright\"><a href=\"\/dicestudemili\/wp-content\/uploads\/sites\/57\/2012\/12\/Paco.jpg\"><img aria-describedby=\"caption-attachment-385\" loading=\"lazy\" class=\" wp-image-385 \" title=\"Paco Mangut\" src=\"\/dicestudemili\/wp-content\/uploads\/sites\/57\/2012\/12\/Paco.jpg\" alt=\"Paco Mangut\" width=\"339\" height=\"349\" srcset=\"https:\/\/static-blogs.hoy.es\/wp-content\/uploads\/sites\/57\/2012\/12\/Paco.jpg 377w, https:\/\/static-blogs.hoy.es\/wp-content\/uploads\/sites\/57\/2012\/12\/Paco-291x300.jpg 291w\" sizes=\"(max-width: 339px) 100vw, 339px\" \/><\/a><p id=\"caption-attachment-385\" class=\"wp-caption-text\">Paco Mangut<\/p><\/div>\n<p><em>&#8220;Amigo Sergio.<\/em><br \/>\n<em>Me limito a transcribir lo que recojo en mi libro porque, en realidad, poco m\u00e1s hay que a\u00f1adir.<\/em><br \/>\n<em>Eso s\u00ed, aprovechando la presencia de muchos futbolistas que cumpl\u00edan el servicio militar en el CIR numero 3 se form\u00f3 un equipo de f\u00fatbol que se inscribi\u00f3 en el campeonato de la primera regional extreme\u00f1a y que lleg\u00f3 incluso a competir con el Cacere\u00f1o cuando \u00e9ste descendi\u00f3 de la 3\u00aa division a la Regional. Estuvieron varios a\u00f1os comptiendo, siendo su primer presidente el <strong>comandante Obreg\u00f3n,<\/strong> y estuvo entrenado entre otros por <strong>Juan Ojalvo<\/strong> y <strong>Salvador Navarro<\/strong>. De esos equipos militares fueron muchos los que pasaron al <strong>C.P.Cacere\u00f1o<\/strong> para aprovechar su estancia entre nosotros. Entre ellos el que es motivo del comentario, Balciscueta, que vino a hacer la mili a C\u00e1ceres procedente del<strong> Arag\u00f3n F.F.<\/strong> <\/em><br \/>\n<em>En la foto que aparece en el blog del equipo militar te puedo decir que identifico a otros dos jugadores que tambi\u00e9n pasaron ese a\u00f1o al cacere\u00f1o: En la fila de abajo, el primero por la izquierda es el portero <strong>Moncho<\/strong> que procedia del<strong> Lugo<\/strong> y el extremo<strong> Vigil<\/strong> (agachado 3\u00ba por la izquierda) que pertenec\u00eda al <strong>Siero<\/strong>. Balciscueta es el quinto agachado por la izquierda. <\/em><br \/>\n<em>Si la temporada anterior, el delantero centro <strong>Agust\u00edn<\/strong> se march\u00f3 al <strong>Ceuta<\/strong> avalado por su capacidad goleadora, al final de esta temporada quien caus\u00f3 baja por la misma causa fue el vasco Balciscueta, sus cuarenta goles de la liga le valieron ser pretendido por el<strong> Murcia<\/strong>, <strong>Salamanca<\/strong> y <strong>Elche,<\/strong> entre otros, para terminar fichando por el <strong>Levante<\/strong> por 1.100.000 pesetas (6.611,13 euros) percibiendo el Cacere\u00f1o 600.000 pesetas (3.606,07 euros).<\/em><br \/>\n<em>Tambi\u00e9n estuvo a punto de haber fichado por el <strong>Sevilla<\/strong> con el que incluso lleg\u00f3 a disputar un partido de la <strong>Copa de Andaluc\u00eda<\/strong> frente al <strong>C\u00f3rdoba<\/strong>. Finalmente la operaci\u00f3n no se llev\u00f3 a cabo. <\/em><br \/>\n<em>El vasco hab\u00eda cuajado una temporada de ensue\u00f1o lo que le vali\u00f3 conseguir los trofeos al jugador m\u00e1s regular y al m\u00e1ximo goleador&#8221;.<\/em><\/p>\n<!-- AddThis Advanced Settings generic via filter on the_content --><!-- AddThis Share Buttons generic via filter on the_content -->","protected":false},"excerpt":{"rendered":"<p>Hola, me llamo Juan\u00a0 Jes\u00fas\u00a0\u00a0Pulido\u00a0 G\u00f3mez,\u00a0 soy de\u00a0 Montehermoso (C\u00e1ceres). Me incorpor\u00e9 al servicio militar al\u00a0CIR N\u00ba 3 de C\u00e1ceres, el 17 de Abril del 1972. Hice toda la mili en el Campamento de Santa Ana, concretamente en la 12\u00ba\u00a0 Compa\u00f1\u00eda; primero, como es normal, de recluta y posteriormente de\u00a0auxiliar, hasta que me licenciaron el [&hellip;]<!-- AddThis Advanced Settings generic via filter on get_the_excerpt --><!-- AddThis Share Buttons generic via filter on get_the_excerpt --><\/p>\n","protected":false},"author":52,"featured_media":0,"comment_status":"open","ping_status":"closed","sticky":false,"template":"","format":"standard","meta":[],"categories":[6],"tags":[13,121,218,350,729,735,856,887,1001],"_links":{"self":[{"href":"https:\/\/blogs.hoy.es\/dicestudemili\/wp-json\/wp\/v2\/posts\/366"}],"collection":[{"href":"https:\/\/blogs.hoy.es\/dicestudemili\/wp-json\/wp\/v2\/posts"}],"about":[{"href":"https:\/\/blogs.hoy.es\/dicestudemili\/wp-json\/wp\/v2\/types\/post"}],"author":[{"embeddable":true,"href":"https:\/\/blogs.hoy.es\/dicestudemili\/wp-json\/wp\/v2\/users\/52"}],"replies":[{"embeddable":true,"href":"https:\/\/blogs.hoy.es\/dicestudemili\/wp-json\/wp\/v2\/comments?post=366"}],"version-history":[{"count":0,"href":"https:\/\/blogs.hoy.es\/dicestudemili\/wp-json\/wp\/v2\/posts\/366\/revisions"}],"wp:attachment":[{"href":"https:\/\/blogs.hoy.es\/dicestudemili\/wp-json\/wp\/v2\/media?parent=366"}],"wp:term":[{"taxonomy":"category","embeddable":true,"href":"https:\/\/blogs.hoy.es\/dicestudemili\/wp-json\/wp\/v2\/categories?post=366"},{"taxonomy":"post_tag","embeddable":true,"href":"https:\/\/blogs.hoy.es\/dicestudemili\/wp-json\/wp\/v2\/tags?post=366"}],"curies":[{"name":"wp","href":"https:\/\/api.w.org\/{rel}","templated":true}]}}