{"id":37,"date":"2012-11-06T23:52:26","date_gmt":"2012-11-06T23:52:26","guid":{"rendered":"http:\/\/blogs.hoy.es\/dicestudemili\/?p=37"},"modified":"2012-11-06T23:52:26","modified_gmt":"2012-11-06T23:52:26","slug":"jesus-seco-camarero-en-la-residencia-de-oficiales","status":"publish","type":"post","link":"https:\/\/blogs.hoy.es\/dicestudemili\/2012\/11\/06\/jesus-seco-camarero-en-la-residencia-de-oficiales\/","title":{"rendered":"Jes\u00fas Seco, camarero en la residencia de oficiales"},"content":{"rendered":"<p><em>Hola, mi nombre es Jes\u00fas Seco Gonz\u00e1lez.<\/em><\/p>\n<p><em>Hice la mili en campamento Santa Ana en el remplazo 5\u00ba del a\u00f1o 1990.<\/em><\/p>\n<p><em>Pas\u00e9 toda la mili en la residencia de oficiales de camarero, nunca llev\u00e1bamos uniforme de soldado, s\u00f3lo cuando nos tocaba hacer alguna guardia; el resto del d\u00eda luc\u00edamos pantalones y chaquetillas de diferentes colores y pajarita y viv\u00edamos muy bien.<\/em><\/p>\n<p><em>Les adjunto fotograf\u00edas con compa\u00f1eros de distintos remplazos, ya que seg\u00fan se licenciaba un compa\u00f1ero entraba otro.<\/em><\/p>\n<p><em>La foto en la que salimos con soldados de uniformes mimetizados son reclutas que nos mandaban las compa\u00f1\u00edas para las labores de limpieza y dem\u00e1s. Ellos quer\u00edan repetir la experiencia al d\u00eda siguiente por pas\u00e1rselo bien y no estar a la intemperie realizando otro tipo de trabajos.<\/em><\/p>\n<p><em>Bueno, espero que las fotos les sirvan para el blog, un saludo<\/em>.<\/p>\n<div id=\"attachment_39\" style=\"width: 640px\" class=\"wp-caption aligncenter\"><a href=\"\/dicestudemili\/wp-content\/uploads\/sites\/57\/2012\/11\/Jes\u00fas-11.jpg\"><img aria-describedby=\"caption-attachment-39\" loading=\"lazy\" class=\"wp-image-39    \" title=\"Con reclutas para las labores de limpieza\" src=\"\/dicestudemili\/wp-content\/uploads\/sites\/57\/2012\/11\/Jes\u00fas-11.jpg\" alt=\"Con reclutas para las labores de limpieza\" width=\"630\" height=\"425\" srcset=\"https:\/\/static-blogs.hoy.es\/wp-content\/uploads\/sites\/57\/2012\/11\/Jes\u00fas-11.jpg 1175w, https:\/\/static-blogs.hoy.es\/wp-content\/uploads\/sites\/57\/2012\/11\/Jes\u00fas-11-300x202.jpg 300w, https:\/\/static-blogs.hoy.es\/wp-content\/uploads\/sites\/57\/2012\/11\/Jes\u00fas-11-768x518.jpg 768w, https:\/\/static-blogs.hoy.es\/wp-content\/uploads\/sites\/57\/2012\/11\/Jes\u00fas-11-1024x690.jpg 1024w\" sizes=\"(max-width: 630px) 100vw, 630px\" \/><\/a><p id=\"caption-attachment-39\" class=\"wp-caption-text\">Con reclutas para las labores de limpieza<\/p><\/div>\n<div id=\"attachment_40\" style=\"width: 665px\" class=\"wp-caption alignleft\"><a href=\"\/dicestudemili\/wp-content\/uploads\/sites\/57\/2012\/11\/Jes\u00fas-2.jpg\"><img aria-describedby=\"caption-attachment-40\" loading=\"lazy\" class=\" wp-image-40  \" title=\"Algunos camareros del Campamento se dedicaron despu\u00e9s al mundo de la hosteler\u00eda.\" src=\"\/dicestudemili\/wp-content\/uploads\/sites\/57\/2012\/11\/Jes\u00fas-2.jpg\" alt=\"Algunos camareros del Campamento se dedicaron despu\u00e9s al mundo de la hosteler\u00eda.\" width=\"655\" height=\"468\" srcset=\"https:\/\/static-blogs.hoy.es\/wp-content\/uploads\/sites\/57\/2012\/11\/Jes\u00fas-2.jpg 1108w, https:\/\/static-blogs.hoy.es\/wp-content\/uploads\/sites\/57\/2012\/11\/Jes\u00fas-2-300x214.jpg 300w, https:\/\/static-blogs.hoy.es\/wp-content\/uploads\/sites\/57\/2012\/11\/Jes\u00fas-2-768x549.jpg 768w, https:\/\/static-blogs.hoy.es\/wp-content\/uploads\/sites\/57\/2012\/11\/Jes\u00fas-2-1024x732.jpg 1024w\" sizes=\"(max-width: 655px) 100vw, 655px\" \/><\/a><p id=\"caption-attachment-40\" class=\"wp-caption-text\">Algunos camareros del Campamento se dedicaron despu\u00e9s al mundo de la hosteler\u00eda.<\/p><\/div>\n<div id=\"attachment_41\" style=\"width: 673px\" class=\"wp-caption alignright\"><a href=\"\/dicestudemili\/wp-content\/uploads\/sites\/57\/2012\/11\/Jes\u00fas-3.jpg\"><img aria-describedby=\"caption-attachment-41\" loading=\"lazy\" class=\" wp-image-41   \" title=\"El de camarero era el uniforme que vest\u00edan durante la mili.\" src=\"\/dicestudemili\/wp-content\/uploads\/sites\/57\/2012\/11\/Jes\u00fas-3.jpg\" alt=\"El de camarero era el uniforme que vest\u00edan durante la mili.\" width=\"663\" height=\"443\" srcset=\"https:\/\/static-blogs.hoy.es\/wp-content\/uploads\/sites\/57\/2012\/11\/Jes\u00fas-3.jpg 1184w, https:\/\/static-blogs.hoy.es\/wp-content\/uploads\/sites\/57\/2012\/11\/Jes\u00fas-3-300x201.jpg 300w, https:\/\/static-blogs.hoy.es\/wp-content\/uploads\/sites\/57\/2012\/11\/Jes\u00fas-3-768x514.jpg 768w, https:\/\/static-blogs.hoy.es\/wp-content\/uploads\/sites\/57\/2012\/11\/Jes\u00fas-3-1024x685.jpg 1024w\" sizes=\"(max-width: 663px) 100vw, 663px\" \/><\/a><p id=\"caption-attachment-41\" class=\"wp-caption-text\">El de camarero era el uniforme que vest\u00edan durante la mili.<\/p><\/div>\n<p>&nbsp;<\/p>\n<!-- AddThis Advanced Settings generic via filter on the_content --><!-- AddThis Share Buttons generic via filter on the_content -->","protected":false},"excerpt":{"rendered":"<p>Hola, mi nombre es Jes\u00fas Seco Gonz\u00e1lez. Hice la mili en campamento Santa Ana en el remplazo 5\u00ba del a\u00f1o 1990. Pas\u00e9 toda la mili en la residencia de oficiales de camarero, nunca llev\u00e1bamos uniforme de soldado, s\u00f3lo cuando nos tocaba hacer alguna guardia; el resto del d\u00eda luc\u00edamos pantalones y chaquetillas de diferentes colores [&hellip;]<!-- AddThis Advanced Settings generic via filter on get_the_excerpt --><!-- AddThis Share Buttons generic via filter on get_the_excerpt --><\/p>\n","protected":false},"author":52,"featured_media":0,"comment_status":"open","ping_status":"closed","sticky":false,"template":"","format":"standard","meta":[],"categories":[6],"tags":[210,873,975,1161],"_links":{"self":[{"href":"https:\/\/blogs.hoy.es\/dicestudemili\/wp-json\/wp\/v2\/posts\/37"}],"collection":[{"href":"https:\/\/blogs.hoy.es\/dicestudemili\/wp-json\/wp\/v2\/posts"}],"about":[{"href":"https:\/\/blogs.hoy.es\/dicestudemili\/wp-json\/wp\/v2\/types\/post"}],"author":[{"embeddable":true,"href":"https:\/\/blogs.hoy.es\/dicestudemili\/wp-json\/wp\/v2\/users\/52"}],"replies":[{"embeddable":true,"href":"https:\/\/blogs.hoy.es\/dicestudemili\/wp-json\/wp\/v2\/comments?post=37"}],"version-history":[{"count":0,"href":"https:\/\/blogs.hoy.es\/dicestudemili\/wp-json\/wp\/v2\/posts\/37\/revisions"}],"wp:attachment":[{"href":"https:\/\/blogs.hoy.es\/dicestudemili\/wp-json\/wp\/v2\/media?parent=37"}],"wp:term":[{"taxonomy":"category","embeddable":true,"href":"https:\/\/blogs.hoy.es\/dicestudemili\/wp-json\/wp\/v2\/categories?post=37"},{"taxonomy":"post_tag","embeddable":true,"href":"https:\/\/blogs.hoy.es\/dicestudemili\/wp-json\/wp\/v2\/tags?post=37"}],"curies":[{"name":"wp","href":"https:\/\/api.w.org\/{rel}","templated":true}]}}