{"id":408,"date":"2012-12-21T08:43:03","date_gmt":"2012-12-21T08:43:03","guid":{"rendered":"http:\/\/blogs.hoy.es\/dicestudemili\/?p=408"},"modified":"2012-12-21T08:43:03","modified_gmt":"2012-12-21T08:43:03","slug":"1975-acuartelados-con-la-muerte-de-franco","status":"publish","type":"post","link":"https:\/\/blogs.hoy.es\/dicestudemili\/2012\/12\/21\/1975-acuartelados-con-la-muerte-de-franco\/","title":{"rendered":"1975: Acuartelados con la muerte de Franco"},"content":{"rendered":"<div id=\"attachment_410\" style=\"width: 665px\" class=\"wp-caption aligncenter\"><a href=\"\/dicestudemili\/wp-content\/uploads\/sites\/57\/2012\/12\/1979.-CACERES.-LA-ESCUADRA-DE-GASTADORES-RINDE-ARMAS-EN-EL-MO1.jpg\"><img aria-describedby=\"caption-attachment-410\" loading=\"lazy\" class=\" wp-image-410  \" title=\"Escuadra de gastadores 'rinde armas' durante la misa de campa\u00f1a de la jura de bandera.\" src=\"\/dicestudemili\/wp-content\/uploads\/sites\/57\/2012\/12\/1979.-CACERES.-LA-ESCUADRA-DE-GASTADORES-RINDE-ARMAS-EN-EL-MO1.jpg\" alt=\"Escuadra de gastadores 'rinde armas' durante la misa de campa\u00f1a de la jura de bandera.\" width=\"655\" height=\"344\" srcset=\"https:\/\/static-blogs.hoy.es\/wp-content\/uploads\/sites\/57\/2012\/12\/1979.-CACERES.-LA-ESCUADRA-DE-GASTADORES-RINDE-ARMAS-EN-EL-MO1.jpg 1052w, https:\/\/static-blogs.hoy.es\/wp-content\/uploads\/sites\/57\/2012\/12\/1979.-CACERES.-LA-ESCUADRA-DE-GASTADORES-RINDE-ARMAS-EN-EL-MO1-300x157.jpg 300w, https:\/\/static-blogs.hoy.es\/wp-content\/uploads\/sites\/57\/2012\/12\/1979.-CACERES.-LA-ESCUADRA-DE-GASTADORES-RINDE-ARMAS-EN-EL-MO1-768x403.jpg 768w, https:\/\/static-blogs.hoy.es\/wp-content\/uploads\/sites\/57\/2012\/12\/1979.-CACERES.-LA-ESCUADRA-DE-GASTADORES-RINDE-ARMAS-EN-EL-MO1-1024x537.jpg 1024w\" sizes=\"(max-width: 655px) 100vw, 655px\" \/><\/a><p id=\"caption-attachment-410\" class=\"wp-caption-text\">Escuadra de gastadores &#39;rinde armas&#39; durante la misa de campa\u00f1a de la jura de bandera.<\/p><\/div>\n<p>&nbsp;<\/p>\n<p>Muchos de los que hicieron la mili este a\u00f1o se acuerdan de los d\u00edas que se quedaron acuartelados, sin poder salir de permiso, por la situaci\u00f3n de tensi\u00f3n que se vivi\u00f3 durante la agon\u00eda y muerte de <strong>Franco<\/strong>.<\/p>\n<p>Seg\u00fan se puede ver en el <strong>servicio de documentaci\u00f3n del Diario HOY<\/strong>, el d\u00eda 24 de marzo de 1975, domingo, en el <strong>Campamento Santa Ana<\/strong> juraron bandera 2.077 reclutas, de los que cuatro eran sacerdotes. En la informaci\u00f3n sobre este acto se indicaba que hab\u00edan venido a C\u00e1ceres mucha gente, &#8220;especialmente del Norte de Espa\u00f1a y Castilla&#8221;.<\/p>\n<p>En la jura de junio, del domingo 23, fueron 2.108 los j\u00f3venes que prometieron defender a Espa\u00f1a, de los que 2 eran sacerdotes. Seg\u00fan se informaba en el HOY los nuevos soldados eran de, &#8220;las provincias vascas, Asturias, Galicia, Zamora, Palencia, Ciudad Real, Granada, Madrid y C\u00e1ceres. La afluencia de p\u00fablico fue masiva, hall\u00e1ndose repletas de p\u00fablico las instalaciones del campamento Santa Ana&#8221;. En Espa\u00f1a se estaba viviendo con cierta intranquilidad, al no saber qu\u00e9 pasar\u00eda tras la muerte de Franco, que era previsible que ocurriera pronto, y el coronel jefe del CIR <strong>Rodr\u00edguez de Miguel<\/strong>, seg\u00fan el diario HOY, &#8220;pronunci\u00f3 una patri\u00f3tica arenga. Comenz\u00f3 saludando a las autoridades y familiares y despu\u00e9s felicit\u00f3 a los nuevos soldados, extendi\u00e9ndose en consideraciones acerca del deber para con la patria. Dijo que Espa\u00f1a pasa por unos momentos dif\u00edciles, pero que ah\u00ed estaban los nuevos soldados para salvaguardarla de todos los peligros y agresiones. Dese\u00f3 a los soldados amplios horizontes en el futuro, pidi\u00e9ndoles que sean soldados y hombres ejemplares en todo momento, dentro y fuera del servicio militar. Termin\u00f3 su arenga con vivas a Espa\u00f1a, a Franco, al Pr\u00edncipe y al Ej\u00e9rcito&#8221;.<\/p>\n<p>En la \u00faltima jura de bandera del a\u00f1o, la del 22 de diciembre, ya hicieron la promesa 2.373 reclutas, &#8220;m\u00e1s tres religiosos&#8221;. Esta vez el coronel jefe del CIR en su arenga a los nuevos soldados record\u00f3, &#8220;el \u00faltimo aliento del Caudillo a trav\u00e9s de su mensaje. Record\u00f3 como Franco nos hab\u00eda dado un Rey muy joven que acaba de tomar la antorcha para llevarnos al progreso en todos los aspectos&#8221;. La cr\u00f3nica del acto, firmada por <strong>Emilio Jara\u00edz<\/strong> se\u00f1ala que el coronel termin\u00f3 su arenga, &#8220;vivamente emocionado diciendo: \u00a1Soldados! \u00a1Espa\u00f1oles todos aqu\u00ed presentes! Por nuestro emocionado recuerdo e intensa gratitud a Franco; por nuestro cari\u00f1o y lealtad al Rey, y por nuestro amor a Espa\u00f1a, gritemos todos juntos: \u00a1Viva el Rey! \u00a1Viva Espa\u00f1a!&#8221;. Conclu\u00eda la cr\u00f3nica diciendo que con motivo de la multitudinaria jura de bandera hab\u00eda un gran ambiente en la capital de provincia, ya que hab\u00edan llegado mucha gente de todos los pueblos de la provincia y muchos puntos de Espa\u00f1a destacando Madrid, Galicia, Asturias, &#8220;provincias vascongadas&#8221;, Palencia, Salamanca, M\u00e1laga y Ciudad Real.<\/p>\n<div id=\"attachment_411\" style=\"width: 520px\" class=\"wp-caption aligncenter\"><a href=\"\/dicestudemili\/wp-content\/uploads\/sites\/57\/2012\/12\/Jura-copia.jpg\"><img aria-describedby=\"caption-attachment-411\" loading=\"lazy\" class=\"size-full wp-image-411\" title=\"Recorte de prensa del Diario HOY del 23 de diciembre de 1975.\" src=\"\/dicestudemili\/wp-content\/uploads\/sites\/57\/2012\/12\/Jura-copia.jpg\" alt=\"Recorte de prensa del Diario HOY del 23 de diciembre de 1975.\" width=\"510\" height=\"402\" srcset=\"https:\/\/static-blogs.hoy.es\/wp-content\/uploads\/sites\/57\/2012\/12\/Jura-copia.jpg 510w, https:\/\/static-blogs.hoy.es\/wp-content\/uploads\/sites\/57\/2012\/12\/Jura-copia-300x236.jpg 300w\" sizes=\"(max-width: 510px) 100vw, 510px\" \/><\/a><p id=\"caption-attachment-411\" class=\"wp-caption-text\">Recorte de prensa del Diario HOY del 23 de diciembre de 1975.<\/p><\/div>\n<p>&nbsp;<\/p>\n<p>En el blog <strong>Historias del Pardo<\/strong>, hay un comentario an\u00f3nimo de un recluta de este a\u00f1o que dice: &#8220;Soy del 75, 1\u00ba CIR n\u00famero 3 de C\u00e1ceres. Estuve en la novena compa\u00f1\u00eda con el <strong>capit\u00e1n Juan Mogoll\u00f3n<\/strong>, el <strong>teniente Antonio Perales Bustamante<\/strong> (Ceclav\u00edn), el <strong>cabo primero Merino<\/strong> (Sierra de Fuentes), <strong>Segador Poblador<\/strong> (Valdefuentes). Fui el 23, de compa\u00f1ero <strong>Diego Gonz\u00e1lez Mir\u00f3n<\/strong> (Ceclav\u00edn). Luego pas\u00e9 a Gastadores con el <strong>cabo Recuero<\/strong>, el <strong>cabo Carri\u00f3n<\/strong>, <strong>\u00c1vila<\/strong>, <strong>Canelo Fern\u00e1ndez<\/strong>, <strong>Lucas Caro<\/strong>, <strong>Rufino<\/strong>&#8230; no recuerdo m\u00e1s nombres. A todos les recuerdo con mucho cari\u00f1o. Fue un a\u00f1o muy bueno&#8230; ten\u00edamos&#8230; la edad&#8221;.<\/p>\n<p>Otro comentario an\u00ednimo se\u00f1ala: &#8220;Yo fui peluquero de la quinta de junio de 1975 y me gustar\u00eda poder, si fuera posible, tener contacto con gente que estuviera como yo en C\u00e1ceres. Luego cuando jur\u00e9 bandera me qued\u00e9 de peluquero. Fue maravilloso ese tiempo. Soy de <strong>Granada<\/strong>&#8220;.<\/p>\n<p>Un tercer comentario, indica: &#8220;Estuve en el CIR n\u00famero 3, en la novena compa\u00f1\u00eda, 4\u00ba del 75, con el n\u00famero 168. Tengo muy gratos recuerdos de mi estancia en el Campamento. Por las tardes, cuando est\u00e1bamos m\u00e1s relajados, nos met\u00edamos en la cantina; despu\u00e9s de hacer la pertinente cola para pedir unos dulces de crema y un refresco, la verdad, me sab\u00eda a gloria despu\u00e9s del esfuerzo que hac\u00edamos durante el d\u00eda. Ah, no pod\u00eda faltar la m\u00fasica de fondo, que era la que entonces estaba de moda, en la m\u00e1quina tocadiscos. Otras tardes, cuando nos daban permiso, \u00edbamos a C\u00e1ceres y coincid\u00edamos con los estudiantes. Parec\u00eda una invasi\u00f3n. Esto era vidilla para la ciudad. Bueno, despu\u00e9s me destinaron a la <strong>Agrupaci\u00f3n de Tropas del Ministerio del Ej\u00e9rcito<\/strong>. Nada m\u00e1s, un saludo a todos los compa\u00f1eros del Campamento. Me llamo <strong>Juan<\/strong> y soy de <strong>Las Palmas de Gran Canaria<\/strong>&#8220;.<\/p>\n<!-- AddThis Advanced Settings generic via filter on the_content --><!-- AddThis Share Buttons generic via filter on the_content -->","protected":false},"excerpt":{"rendered":"<p>&nbsp; Muchos de los que hicieron la mili este a\u00f1o se acuerdan de los d\u00edas que se quedaron acuartelados, sin poder salir de permiso, por la situaci\u00f3n de tensi\u00f3n que se vivi\u00f3 durante la agon\u00eda y muerte de Franco. Seg\u00fan se puede ver en el servicio de documentaci\u00f3n del Diario HOY, el d\u00eda 24 de [&hellip;]<!-- AddThis Advanced Settings generic via filter on get_the_excerpt --><!-- AddThis Share Buttons generic via filter on get_the_excerpt --><\/p>\n","protected":false},"author":52,"featured_media":0,"comment_status":"open","ping_status":"closed","sticky":false,"template":"","format":"standard","meta":[],"categories":[3],"tags":[168,182,191,249,404,462,538,1089],"_links":{"self":[{"href":"https:\/\/blogs.hoy.es\/dicestudemili\/wp-json\/wp\/v2\/posts\/408"}],"collection":[{"href":"https:\/\/blogs.hoy.es\/dicestudemili\/wp-json\/wp\/v2\/posts"}],"about":[{"href":"https:\/\/blogs.hoy.es\/dicestudemili\/wp-json\/wp\/v2\/types\/post"}],"author":[{"embeddable":true,"href":"https:\/\/blogs.hoy.es\/dicestudemili\/wp-json\/wp\/v2\/users\/52"}],"replies":[{"embeddable":true,"href":"https:\/\/blogs.hoy.es\/dicestudemili\/wp-json\/wp\/v2\/comments?post=408"}],"version-history":[{"count":0,"href":"https:\/\/blogs.hoy.es\/dicestudemili\/wp-json\/wp\/v2\/posts\/408\/revisions"}],"wp:attachment":[{"href":"https:\/\/blogs.hoy.es\/dicestudemili\/wp-json\/wp\/v2\/media?parent=408"}],"wp:term":[{"taxonomy":"category","embeddable":true,"href":"https:\/\/blogs.hoy.es\/dicestudemili\/wp-json\/wp\/v2\/categories?post=408"},{"taxonomy":"post_tag","embeddable":true,"href":"https:\/\/blogs.hoy.es\/dicestudemili\/wp-json\/wp\/v2\/tags?post=408"}],"curies":[{"name":"wp","href":"https:\/\/api.w.org\/{rel}","templated":true}]}}