{"id":42,"date":"2012-11-07T07:55:38","date_gmt":"2012-11-07T07:55:38","guid":{"rendered":"http:\/\/blogs.hoy.es\/dicestudemili\/?p=42"},"modified":"2012-11-07T07:55:38","modified_gmt":"2012-11-07T07:55:38","slug":"casi-50-anos-de-historia","status":"publish","type":"post","link":"https:\/\/blogs.hoy.es\/dicestudemili\/2012\/11\/07\/casi-50-anos-de-historia\/","title":{"rendered":"Casi 50 a\u00f1os de historia"},"content":{"rendered":"<p>El 8 de diciembre de <strong>1964<\/strong> se crea el <strong>Centro de Instrucci\u00f3n de Reclutas (CIR) n\u00famero 3 Santa Ana<\/strong>. Hab\u00eda cuatro batallones de instrucci\u00f3n, de los que dos estaban en el campamento de C\u00e1ceres y otros dos en Plasencia.<\/p>\n<p>Los primeros reclutas se incorporaron entre el 2 y el 7 de marzo de <strong>1965<\/strong>: 2.627 estuvieron en C\u00e1ceres y 1.104 en Plasencia.<\/p>\n<p>El centro de instrucci\u00f3n de C\u00e1ceres, que a lo largo de su historia ha formado a medio mill\u00f3n de j\u00f3venes, cambi\u00f3 de nombre varias veces: En <strong>1986<\/strong> pas\u00f3 a llamarse <strong>CIR Centro<\/strong>, y a partir del 1 de julio de <strong>1996 Centro de Instrucci\u00f3n y Movilizaci\u00f3n n\u00famero 1<\/strong>; despu\u00e9s volvi\u00f3 a llamarse <strong>CIR Centro<\/strong>, y a partir del 1 de julio de <strong>1997 Centro de Instrucci\u00f3n y Movilizaci\u00f3n (CIMOV) n\u00famero 1<\/strong>. Desde el a\u00f1o <strong>2010 <\/strong>se denomina <strong>Centro de Formaci\u00f3n de Tropa (CEFOT) n\u00famero 1<\/strong>.<\/p>\n<div id=\"attachment_48\" style=\"width: 651px\" class=\"wp-caption aligncenter\"><a href=\"\/dicestudemili\/wp-content\/uploads\/sites\/57\/2012\/11\/Imagen-14.jpg\"><img aria-describedby=\"caption-attachment-48\" loading=\"lazy\" class=\" wp-image-48  \" title=\"Vista a\u00e9rea del centro.\" src=\"\/dicestudemili\/wp-content\/uploads\/sites\/57\/2012\/11\/Imagen-14.jpg\" alt=\"Vista a\u00e9rea del centro.\" width=\"641\" height=\"433\" srcset=\"https:\/\/static-blogs.hoy.es\/wp-content\/uploads\/sites\/57\/2012\/11\/Imagen-14.jpg 890w, https:\/\/static-blogs.hoy.es\/wp-content\/uploads\/sites\/57\/2012\/11\/Imagen-14-300x203.jpg 300w, https:\/\/static-blogs.hoy.es\/wp-content\/uploads\/sites\/57\/2012\/11\/Imagen-14-768x519.jpg 768w\" sizes=\"(max-width: 641px) 100vw, 641px\" \/><\/a><p id=\"caption-attachment-48\" class=\"wp-caption-text\">Vista a\u00e9rea del campamento.<\/p><\/div>\n<div id=\"attachment_43\" style=\"width: 650px\" class=\"wp-caption aligncenter\"><a href=\"\/dicestudemili\/wp-content\/uploads\/sites\/57\/2012\/11\/imagen-2.jpg\"><img aria-describedby=\"caption-attachment-43\" loading=\"lazy\" class=\"size-full wp-image-43\" title=\"El centro de instrucci\u00f3n con barracones de madera en primer t\u00e9rmino.\" src=\"\/dicestudemili\/wp-content\/uploads\/sites\/57\/2012\/11\/imagen-2.jpg\" alt=\"El centro de instrucci\u00f3n con barracones de madera en primer t\u00e9rmino.\" width=\"640\" height=\"428\" srcset=\"https:\/\/static-blogs.hoy.es\/wp-content\/uploads\/sites\/57\/2012\/11\/imagen-2.jpg 640w, https:\/\/static-blogs.hoy.es\/wp-content\/uploads\/sites\/57\/2012\/11\/imagen-2-300x201.jpg 300w\" sizes=\"(max-width: 640px) 100vw, 640px\" \/><\/a><p id=\"caption-attachment-43\" class=\"wp-caption-text\">El centro de instrucci\u00f3n con barracones de madera en primer t\u00e9rmino.<\/p><\/div>\n<!-- AddThis Advanced Settings generic via filter on the_content --><!-- AddThis Share Buttons generic via filter on the_content -->","protected":false},"excerpt":{"rendered":"<p>El 8 de diciembre de 1964 se crea el Centro de Instrucci\u00f3n de Reclutas (CIR) n\u00famero 3 Santa Ana. Hab\u00eda cuatro batallones de instrucci\u00f3n, de los que dos estaban en el campamento de C\u00e1ceres y otros dos en Plasencia. Los primeros reclutas se incorporaron entre el 2 y el 7 de marzo de 1965: 2.627 [&hellip;]<!-- AddThis Advanced Settings generic via filter on get_the_excerpt --><!-- AddThis Share Buttons generic via filter on get_the_excerpt --><\/p>\n","protected":false},"author":52,"featured_media":47,"comment_status":"open","ping_status":"closed","sticky":false,"template":"","format":"standard","meta":[],"categories":[3],"tags":[211,303,319,321],"_links":{"self":[{"href":"https:\/\/blogs.hoy.es\/dicestudemili\/wp-json\/wp\/v2\/posts\/42"}],"collection":[{"href":"https:\/\/blogs.hoy.es\/dicestudemili\/wp-json\/wp\/v2\/posts"}],"about":[{"href":"https:\/\/blogs.hoy.es\/dicestudemili\/wp-json\/wp\/v2\/types\/post"}],"author":[{"embeddable":true,"href":"https:\/\/blogs.hoy.es\/dicestudemili\/wp-json\/wp\/v2\/users\/52"}],"replies":[{"embeddable":true,"href":"https:\/\/blogs.hoy.es\/dicestudemili\/wp-json\/wp\/v2\/comments?post=42"}],"version-history":[{"count":0,"href":"https:\/\/blogs.hoy.es\/dicestudemili\/wp-json\/wp\/v2\/posts\/42\/revisions"}],"wp:featuredmedia":[{"embeddable":true,"href":"https:\/\/blogs.hoy.es\/dicestudemili\/wp-json\/wp\/v2\/media\/47"}],"wp:attachment":[{"href":"https:\/\/blogs.hoy.es\/dicestudemili\/wp-json\/wp\/v2\/media?parent=42"}],"wp:term":[{"taxonomy":"category","embeddable":true,"href":"https:\/\/blogs.hoy.es\/dicestudemili\/wp-json\/wp\/v2\/categories?post=42"},{"taxonomy":"post_tag","embeddable":true,"href":"https:\/\/blogs.hoy.es\/dicestudemili\/wp-json\/wp\/v2\/tags?post=42"}],"curies":[{"name":"wp","href":"https:\/\/api.w.org\/{rel}","templated":true}]}}