{"id":428,"date":"2012-12-22T19:52:44","date_gmt":"2012-12-22T19:52:44","guid":{"rendered":"http:\/\/blogs.hoy.es\/dicestudemili\/?p=428"},"modified":"2012-12-22T19:52:44","modified_gmt":"2012-12-22T19:52:44","slug":"diario-de-visitas-celebres","status":"publish","type":"post","link":"https:\/\/blogs.hoy.es\/dicestudemili\/2012\/12\/22\/diario-de-visitas-celebres\/","title":{"rendered":"Diario de visitas c\u00e9lebres"},"content":{"rendered":"<p>A lo largo de cuatro paneles se hace un recorrido por visitas importantes que ha tenido el Campamento Santa Ana como la del <strong>rey Juan Carlo<\/strong>s o el <strong>pr\u00edncipe Felipe<\/strong>; de <strong>Eduardo Serra<\/strong> y <strong>Jos\u00e9 Bono<\/strong> cuando fueron ministros de Defensa; de <strong>Rodr\u00edguez Ibarra<\/strong> cuando fue presidente de Extremadura; del presidente de la Asamblea extreme\u00f1a <strong>Fernando Manzano<\/strong> y el presidente de la Diputaci\u00f3n de C\u00e1ceres, <strong>Laureano Le\u00f3n<\/strong>; adem\u00e1s de altos mandos del Ej\u00e9rcito.<\/p>\n<p>&nbsp;<\/p>\n<div id=\"attachment_429\" style=\"width: 663px\" class=\"wp-caption aligncenter\"><a href=\"\/dicestudemili\/wp-content\/uploads\/sites\/57\/2012\/12\/Diapositiva24.jpg\"><img aria-describedby=\"caption-attachment-429\" loading=\"lazy\" class=\"size-full wp-image-429\" title=\"Panel 24.\" src=\"\/dicestudemili\/wp-content\/uploads\/sites\/57\/2012\/12\/Diapositiva24.jpg\" alt=\"Panel 24.\" width=\"653\" height=\"886\" srcset=\"https:\/\/static-blogs.hoy.es\/wp-content\/uploads\/sites\/57\/2012\/12\/Diapositiva24.jpg 653w, https:\/\/static-blogs.hoy.es\/wp-content\/uploads\/sites\/57\/2012\/12\/Diapositiva24-221x300.jpg 221w\" sizes=\"(max-width: 653px) 100vw, 653px\" \/><\/a><p id=\"caption-attachment-429\" class=\"wp-caption-text\">Panel 24.<\/p><\/div>\n<div id=\"attachment_430\" style=\"width: 667px\" class=\"wp-caption aligncenter\"><a href=\"\/dicestudemili\/wp-content\/uploads\/sites\/57\/2012\/12\/Diapositiva25.jpg\"><img aria-describedby=\"caption-attachment-430\" loading=\"lazy\" class=\"size-full wp-image-430\" title=\"Panel 25.\" src=\"\/dicestudemili\/wp-content\/uploads\/sites\/57\/2012\/12\/Diapositiva25.jpg\" alt=\"Panel 25.\" width=\"657\" height=\"891\" srcset=\"https:\/\/static-blogs.hoy.es\/wp-content\/uploads\/sites\/57\/2012\/12\/Diapositiva25.jpg 657w, https:\/\/static-blogs.hoy.es\/wp-content\/uploads\/sites\/57\/2012\/12\/Diapositiva25-221x300.jpg 221w\" sizes=\"(max-width: 657px) 100vw, 657px\" \/><\/a><p id=\"caption-attachment-430\" class=\"wp-caption-text\">Panel 25.<\/p><\/div>\n<div id=\"attachment_431\" style=\"width: 667px\" class=\"wp-caption aligncenter\"><a href=\"\/dicestudemili\/wp-content\/uploads\/sites\/57\/2012\/12\/Diapositiva26.jpg\"><img aria-describedby=\"caption-attachment-431\" loading=\"lazy\" class=\"size-full wp-image-431\" title=\"Panel 26.\" src=\"\/dicestudemili\/wp-content\/uploads\/sites\/57\/2012\/12\/Diapositiva26.jpg\" alt=\"Panel 26.\" width=\"657\" height=\"891\" srcset=\"https:\/\/static-blogs.hoy.es\/wp-content\/uploads\/sites\/57\/2012\/12\/Diapositiva26.jpg 657w, https:\/\/static-blogs.hoy.es\/wp-content\/uploads\/sites\/57\/2012\/12\/Diapositiva26-221x300.jpg 221w\" sizes=\"(max-width: 657px) 100vw, 657px\" \/><\/a><p id=\"caption-attachment-431\" class=\"wp-caption-text\">Panel 26.<\/p><\/div>\n<div id=\"attachment_432\" style=\"width: 667px\" class=\"wp-caption aligncenter\"><a href=\"\/dicestudemili\/wp-content\/uploads\/sites\/57\/2012\/12\/Diapositiva27.jpg\"><img aria-describedby=\"caption-attachment-432\" loading=\"lazy\" class=\"size-full wp-image-432\" title=\"Panel 27.\" src=\"\/dicestudemili\/wp-content\/uploads\/sites\/57\/2012\/12\/Diapositiva27.jpg\" alt=\"Panel 27.\" width=\"657\" height=\"891\" srcset=\"https:\/\/static-blogs.hoy.es\/wp-content\/uploads\/sites\/57\/2012\/12\/Diapositiva27.jpg 657w, https:\/\/static-blogs.hoy.es\/wp-content\/uploads\/sites\/57\/2012\/12\/Diapositiva27-221x300.jpg 221w\" sizes=\"(max-width: 657px) 100vw, 657px\" \/><\/a><p id=\"caption-attachment-432\" class=\"wp-caption-text\">Panel 27.<\/p><\/div>\n<!-- AddThis Advanced Settings generic via filter on the_content --><!-- AddThis Share Buttons generic via filter on the_content -->","protected":false},"excerpt":{"rendered":"<p>A lo largo de cuatro paneles se hace un recorrido por visitas importantes que ha tenido el Campamento Santa Ana como la del rey Juan Carlos o el pr\u00edncipe Felipe; de Eduardo Serra y Jos\u00e9 Bono cuando fueron ministros de Defensa; de Rodr\u00edguez Ibarra cuando fue presidente de Extremadura; del presidente de la Asamblea extreme\u00f1a [&hellip;]<!-- AddThis Advanced Settings generic via filter on get_the_excerpt --><!-- AddThis Share Buttons generic via filter on get_the_excerpt --><\/p>\n","protected":false},"author":52,"featured_media":0,"comment_status":"open","ping_status":"closed","sticky":false,"template":"","format":"standard","meta":[],"categories":[4],"tags":[450,510,677,760,938,980,990],"_links":{"self":[{"href":"https:\/\/blogs.hoy.es\/dicestudemili\/wp-json\/wp\/v2\/posts\/428"}],"collection":[{"href":"https:\/\/blogs.hoy.es\/dicestudemili\/wp-json\/wp\/v2\/posts"}],"about":[{"href":"https:\/\/blogs.hoy.es\/dicestudemili\/wp-json\/wp\/v2\/types\/post"}],"author":[{"embeddable":true,"href":"https:\/\/blogs.hoy.es\/dicestudemili\/wp-json\/wp\/v2\/users\/52"}],"replies":[{"embeddable":true,"href":"https:\/\/blogs.hoy.es\/dicestudemili\/wp-json\/wp\/v2\/comments?post=428"}],"version-history":[{"count":0,"href":"https:\/\/blogs.hoy.es\/dicestudemili\/wp-json\/wp\/v2\/posts\/428\/revisions"}],"wp:attachment":[{"href":"https:\/\/blogs.hoy.es\/dicestudemili\/wp-json\/wp\/v2\/media?parent=428"}],"wp:term":[{"taxonomy":"category","embeddable":true,"href":"https:\/\/blogs.hoy.es\/dicestudemili\/wp-json\/wp\/v2\/categories?post=428"},{"taxonomy":"post_tag","embeddable":true,"href":"https:\/\/blogs.hoy.es\/dicestudemili\/wp-json\/wp\/v2\/tags?post=428"}],"curies":[{"name":"wp","href":"https:\/\/api.w.org\/{rel}","templated":true}]}}