{"id":437,"date":"2012-12-24T08:07:59","date_gmt":"2012-12-24T08:07:59","guid":{"rendered":"http:\/\/blogs.hoy.es\/dicestudemili\/?p=437"},"modified":"2012-12-24T08:07:59","modified_gmt":"2012-12-24T08:07:59","slug":"benito-mateos-trabaje-de-camarero-en-la-residencia-de-oficiales-en-el-ano-1969","status":"publish","type":"post","link":"https:\/\/blogs.hoy.es\/dicestudemili\/2012\/12\/24\/benito-mateos-trabaje-de-camarero-en-la-residencia-de-oficiales-en-el-ano-1969\/","title":{"rendered":"Benito Mateos: &#8220;Trabaj\u00e9 de camarero en la residencia de oficiales en el a\u00f1o 1969&#8221;"},"content":{"rendered":"<div id=\"attachment_438\" style=\"width: 637px\" class=\"wp-caption aligncenter\"><a href=\"\/dicestudemili\/wp-content\/uploads\/sites\/57\/2012\/12\/escanearrecuerdos0010-copia.jpg\"><img aria-describedby=\"caption-attachment-438\" loading=\"lazy\" class=\" wp-image-438 \" title=\"Benito con compa\u00f1eros de mili. \u00c9l es el primero por la izquierda.\" src=\"\/dicestudemili\/wp-content\/uploads\/sites\/57\/2012\/12\/escanearrecuerdos0010-copia.jpg\" alt=\"Benito con compa\u00f1eros de mili. \u00c9l es el primero por la izquierda.\" width=\"627\" height=\"499\" srcset=\"https:\/\/static-blogs.hoy.es\/wp-content\/uploads\/sites\/57\/2012\/12\/escanearrecuerdos0010-copia.jpg 697w, https:\/\/static-blogs.hoy.es\/wp-content\/uploads\/sites\/57\/2012\/12\/escanearrecuerdos0010-copia-300x238.jpg 300w\" sizes=\"(max-width: 627px) 100vw, 627px\" \/><\/a><p id=\"caption-attachment-438\" class=\"wp-caption-text\">Benito con compa\u00f1eros de mili. \u00c9l es el primero por la izquierda.<\/p><\/div>\n<p>&nbsp;<\/p>\n<p><em>&#8220;Nac\u00ed en Carrascalejo de la Jara, en la provincia de C\u00e1ceres. En el a\u00f1o 1969 hice la mili en el CIR de C\u00e1ceres, cuando era coronel <strong>Alfonso Cer\u00f3n Gil<\/strong>. Estuve en el <strong>cuartel Infanta Isabel<\/strong> y en el <strong>campamento Santa An<\/strong>a. Trabaj\u00e9 de camarero en la residencia de oficiales. Desde 1970 vivo en <strong>Alicante<\/strong>, donde me he dedicado a la hosteler\u00eda. Ahora estoy jubilado&#8221;<\/em>.<\/p>\n<p>Este es el texto que nos env\u00eda <strong>Benito Mateos<\/strong>, que al terminar la mili mont\u00f3 un bar en Alicante.<\/p>\n<div id=\"attachment_439\" style=\"width: 658px\" class=\"wp-caption aligncenter\"><a href=\"\/dicestudemili\/wp-content\/uploads\/sites\/57\/2012\/12\/escanearrecuerdos0018.jpg\"><img aria-describedby=\"caption-attachment-439\" loading=\"lazy\" class=\" wp-image-439 \" title=\"Tomando Cocacolas. Benito es el que est\u00e1 en el centro de la imagen.\" src=\"\/dicestudemili\/wp-content\/uploads\/sites\/57\/2012\/12\/escanearrecuerdos0018.jpg\" alt=\"Tomando Cocacolas. Benito es el que est\u00e1 en el centro de la imagen.\" width=\"648\" height=\"467\" srcset=\"https:\/\/static-blogs.hoy.es\/wp-content\/uploads\/sites\/57\/2012\/12\/escanearrecuerdos0018.jpg 810w, https:\/\/static-blogs.hoy.es\/wp-content\/uploads\/sites\/57\/2012\/12\/escanearrecuerdos0018-300x216.jpg 300w, https:\/\/static-blogs.hoy.es\/wp-content\/uploads\/sites\/57\/2012\/12\/escanearrecuerdos0018-768x554.jpg 768w\" sizes=\"(max-width: 648px) 100vw, 648px\" \/><\/a><p id=\"caption-attachment-439\" class=\"wp-caption-text\">Tomando Cocacolas. Benito es el que est\u00e1 en el centro de la imagen.<\/p><\/div>\n<p>&nbsp;<\/p>\n<div id=\"attachment_440\" style=\"width: 319px\" class=\"wp-caption alignleft\"><a href=\"\/dicestudemili\/wp-content\/uploads\/sites\/57\/2012\/12\/escanearrecuerdos0019.jpg\"><img aria-describedby=\"caption-attachment-440\" loading=\"lazy\" class=\" wp-image-440  \" title=\"Benito Mateos.\" src=\"\/dicestudemili\/wp-content\/uploads\/sites\/57\/2012\/12\/escanearrecuerdos0019.jpg\" alt=\"Benito Mateos.\" width=\"309\" height=\"334\" srcset=\"https:\/\/static-blogs.hoy.es\/wp-content\/uploads\/sites\/57\/2012\/12\/escanearrecuerdos0019.jpg 483w, https:\/\/static-blogs.hoy.es\/wp-content\/uploads\/sites\/57\/2012\/12\/escanearrecuerdos0019-278x300.jpg 278w\" sizes=\"(max-width: 309px) 100vw, 309px\" \/><\/a><p id=\"caption-attachment-440\" class=\"wp-caption-text\">Benito Mateos.<\/p><\/div>\n<p>&nbsp;<\/p>\n<p>&nbsp;<\/p>\n<p>&nbsp;<\/p>\n<p>&nbsp;<\/p>\n<p>&nbsp;<\/p>\n<p>&nbsp;<\/p>\n<p>&nbsp;<\/p>\n<p>&nbsp;<\/p>\n<p>&nbsp;<\/p>\n<p>&nbsp;<\/p>\n<p>&nbsp;<\/p>\n<p>&nbsp;<\/p>\n<div id=\"attachment_441\" style=\"width: 533px\" class=\"wp-caption alignright\"><a href=\"\/dicestudemili\/wp-content\/uploads\/sites\/57\/2012\/12\/escanearrecuerdos0010.jpg\"><img aria-describedby=\"caption-attachment-441\" loading=\"lazy\" class=\"size-full wp-image-441 \" title=\"En las pr\u00e1cticas de tiro.\" src=\"\/dicestudemili\/wp-content\/uploads\/sites\/57\/2012\/12\/escanearrecuerdos0010.jpg\" alt=\"En las pr\u00e1cticas de tiro.\" width=\"523\" height=\"775\" srcset=\"https:\/\/static-blogs.hoy.es\/wp-content\/uploads\/sites\/57\/2012\/12\/escanearrecuerdos0010.jpg 523w, https:\/\/static-blogs.hoy.es\/wp-content\/uploads\/sites\/57\/2012\/12\/escanearrecuerdos0010-202x300.jpg 202w\" sizes=\"(max-width: 523px) 100vw, 523px\" \/><\/a><p id=\"caption-attachment-441\" class=\"wp-caption-text\">En las pr\u00e1cticas de tiro.<\/p><\/div>\n<p>&nbsp;<\/p>\n<p>&nbsp;<\/p>\n<p>&nbsp;<\/p>\n<p>&nbsp;<\/p>\n<!-- AddThis Advanced Settings generic via filter on the_content --><!-- AddThis Share Buttons generic via filter on the_content -->","protected":false},"excerpt":{"rendered":"<p>&nbsp; &#8220;Nac\u00ed en Carrascalejo de la Jara, en la provincia de C\u00e1ceres. En el a\u00f1o 1969 hice la mili en el CIR de C\u00e1ceres, cuando era coronel Alfonso Cer\u00f3n Gil. Estuve en el cuartel Infanta Isabel y en el campamento Santa Ana. Trabaj\u00e9 de camarero en la residencia de oficiales. Desde 1970 vivo en Alicante, [&hellip;]<!-- AddThis Advanced Settings generic via filter on get_the_excerpt --><!-- AddThis Share Buttons generic via filter on get_the_excerpt --><\/p>\n","protected":false},"author":52,"featured_media":0,"comment_status":"open","ping_status":"closed","sticky":false,"template":"","format":"standard","meta":[],"categories":[6],"tags":[135,363],"_links":{"self":[{"href":"https:\/\/blogs.hoy.es\/dicestudemili\/wp-json\/wp\/v2\/posts\/437"}],"collection":[{"href":"https:\/\/blogs.hoy.es\/dicestudemili\/wp-json\/wp\/v2\/posts"}],"about":[{"href":"https:\/\/blogs.hoy.es\/dicestudemili\/wp-json\/wp\/v2\/types\/post"}],"author":[{"embeddable":true,"href":"https:\/\/blogs.hoy.es\/dicestudemili\/wp-json\/wp\/v2\/users\/52"}],"replies":[{"embeddable":true,"href":"https:\/\/blogs.hoy.es\/dicestudemili\/wp-json\/wp\/v2\/comments?post=437"}],"version-history":[{"count":0,"href":"https:\/\/blogs.hoy.es\/dicestudemili\/wp-json\/wp\/v2\/posts\/437\/revisions"}],"wp:attachment":[{"href":"https:\/\/blogs.hoy.es\/dicestudemili\/wp-json\/wp\/v2\/media?parent=437"}],"wp:term":[{"taxonomy":"category","embeddable":true,"href":"https:\/\/blogs.hoy.es\/dicestudemili\/wp-json\/wp\/v2\/categories?post=437"},{"taxonomy":"post_tag","embeddable":true,"href":"https:\/\/blogs.hoy.es\/dicestudemili\/wp-json\/wp\/v2\/tags?post=437"}],"curies":[{"name":"wp","href":"https:\/\/api.w.org\/{rel}","templated":true}]}}