{"id":451,"date":"2012-12-26T07:17:22","date_gmt":"2012-12-26T07:17:22","guid":{"rendered":"http:\/\/blogs.hoy.es\/dicestudemili\/?p=451"},"modified":"2012-12-26T07:17:22","modified_gmt":"2012-12-26T07:17:22","slug":"1976-habia-que-medir-mas-de-155-para-ir-a-la-mili","status":"publish","type":"post","link":"https:\/\/blogs.hoy.es\/dicestudemili\/2012\/12\/26\/1976-habia-que-medir-mas-de-155-para-ir-a-la-mili\/","title":{"rendered":"1976: Hab\u00eda que medir m\u00e1s de 1,55 para ir a la mili"},"content":{"rendered":"<div id=\"attachment_452\" style=\"width: 699px\" class=\"wp-caption aligncenter\"><a href=\"\/dicestudemili\/wp-content\/uploads\/sites\/57\/2012\/12\/1976-16-demarzoo.jpg\"><img aria-describedby=\"caption-attachment-452\" loading=\"lazy\" class=\"size-full wp-image-452\" title=\"Noticia de la talla de quintos de 1976 en el Ayuntamiento de C\u00e1ceres.\" src=\"\/dicestudemili\/wp-content\/uploads\/sites\/57\/2012\/12\/1976-16-demarzoo.jpg\" alt=\"Noticia de la talla de quintos de 1976 en el Ayuntamiento de C\u00e1ceres.\" width=\"689\" height=\"446\" srcset=\"https:\/\/static-blogs.hoy.es\/wp-content\/uploads\/sites\/57\/2012\/12\/1976-16-demarzoo.jpg 689w, https:\/\/static-blogs.hoy.es\/wp-content\/uploads\/sites\/57\/2012\/12\/1976-16-demarzoo-300x194.jpg 300w\" sizes=\"(max-width: 689px) 100vw, 689px\" \/><\/a><p id=\"caption-attachment-452\" class=\"wp-caption-text\">Noticia de la talla de quintos de 1976 en el Ayuntamiento de C\u00e1ceres.<\/p><\/div>\n<p>&nbsp;<\/p>\n<p>El <strong>15 de marzo de 1976<\/strong>, domingo para m\u00e1s se\u00f1as, se realiz\u00f3 en el edificio del Ayuntamiento de C\u00e1ceres el acto de la talla de quintos. Eran 1.100 los llamados a medirse y pesarse antes de ir a hacer el servicio militar obligatorio. Acudieron 570, ya que el resto (530), o se hab\u00edan ido a vivir a otras localidades en donde ser\u00edan tallados o, por desgracia, hab\u00edan fallecido.<\/p>\n<p>Seg\u00fan public\u00f3 el <strong>diario HOY<\/strong>, de los tallados el mozo m\u00e1s alto fue <strong>Antonio Cava Lagu\u00eda<\/strong>, con 1,90 metros, y el m\u00e1s bajo fue <strong>Jos\u00e9 Antonio Dom\u00ednguez Rodr\u00edguez<\/strong> con 1,51. El m\u00ednimo de talla exigido para hacer el servicio militar era 1,55. Tres de los mozos tallados quedaron excluidos de quinta precisamente por no alcanzar la talla.<\/p>\n<p>En la informaci\u00f3n se indicaba que en la localidad cacere\u00f1a de <strong>Ruanes<\/strong> no hubo ese domingo ni un quinto para tallar, debido a la escasez de j\u00f3venes por la emigraci\u00f3n que comenz\u00f3 en los a\u00f1os sesenta.<\/p>\n<p>El aparato utilizado para medir a los j\u00f3venes se encuentra expuesto en el museo municipal de C\u00e1ceres.<\/p>\n<p>&nbsp;<\/p>\n<div id=\"attachment_453\" style=\"width: 642px\" class=\"wp-caption aligncenter\"><a href=\"\/dicestudemili\/wp-content\/uploads\/sites\/57\/2012\/12\/Medidor.jpg\"><img aria-describedby=\"caption-attachment-453\" loading=\"lazy\" class=\"size-full wp-image-453\" title=\"Parte superior del aparato usado para tallar a los quintos en C\u00e1ceres.\" src=\"\/dicestudemili\/wp-content\/uploads\/sites\/57\/2012\/12\/Medidor.jpg\" alt=\"Parte superior del aparato usado para tallar a los quintos en C\u00e1ceres.\" width=\"632\" height=\"713\" srcset=\"https:\/\/static-blogs.hoy.es\/wp-content\/uploads\/sites\/57\/2012\/12\/Medidor.jpg 632w, https:\/\/static-blogs.hoy.es\/wp-content\/uploads\/sites\/57\/2012\/12\/Medidor-266x300.jpg 266w\" sizes=\"(max-width: 632px) 100vw, 632px\" \/><\/a><p id=\"caption-attachment-453\" class=\"wp-caption-text\">Parte superior del aparato usado para tallar a los quintos en C\u00e1ceres.<\/p><\/div>\n<p>&nbsp;<\/p>\n<p>Ese mismo domingo en el que se tallaron a 570 j\u00f3venes en el Ayuntamiento de C\u00e1ceres, ten\u00eda lugar en el <strong>Campamento Santa Ana<\/strong> la jura de bandera de 2.274 reclutas. En la noticia de HOY se indicaba que se hab\u00eda dado el caso, &#8220;de que jur\u00f3 fidelidad a la patria un invidente, aprovechando que lo hac\u00eda un hermano que hab\u00eda realizado el periodo de instrucci\u00f3n en el CIR 3. Es natural de<strong> Algeciras<\/strong> y pese a ser invidente estudia tercer curso de Historia&#8221;.<\/p>\n<p>&nbsp;<\/p>\n<div id=\"attachment_454\" style=\"width: 521px\" class=\"wp-caption aligncenter\"><a href=\"\/dicestudemili\/wp-content\/uploads\/sites\/57\/2012\/12\/1976-16-de-marzo.jpg\"><img aria-describedby=\"caption-attachment-454\" loading=\"lazy\" class=\"size-full wp-image-454\" title=\"Noticia del diario HOY de la jura de bandera de marzo.\" src=\"\/dicestudemili\/wp-content\/uploads\/sites\/57\/2012\/12\/1976-16-de-marzo.jpg\" alt=\"Noticia del diario HOY de la jura de bandera de marzo.\" width=\"511\" height=\"626\" srcset=\"https:\/\/static-blogs.hoy.es\/wp-content\/uploads\/sites\/57\/2012\/12\/1976-16-de-marzo.jpg 511w, https:\/\/static-blogs.hoy.es\/wp-content\/uploads\/sites\/57\/2012\/12\/1976-16-de-marzo-245x300.jpg 245w\" sizes=\"(max-width: 511px) 100vw, 511px\" \/><\/a><p id=\"caption-attachment-454\" class=\"wp-caption-text\">Noticia del diario HOY de la jura de bandera de marzo.<\/p><\/div>\n<p>&nbsp;<\/p>\n<p>En el <strong>blog Historias del Pardo<\/strong> se recoge el siguiente comentario an\u00f3nimo:<em>\u00a0&#8220;Yo estuve en el CIR 3 en el a\u00f1o 76, segundo reemplazo, en la s\u00e9ptima compa\u00f1\u00eda con el <strong>teniente Molina<\/strong>, muy famoso por su dureza en la disciplina militar. Me gustar\u00eda encontrar a alguien de ese reemplazo y de esa compa\u00f1\u00eda. Yo soy de <strong>Las Palmas<\/strong>, hab\u00eda varios de <strong>Tenerife<\/strong>, me gustar\u00eda saber algo de ellos. Mi n\u00famero era el 215. Mi mail es: violinista.sele.camionero@hotmail.com&#8221;.<\/em><\/p>\n<p><em><\/em>Adjuntamos esta imagen de la <strong>revista Santa Ana<\/strong>, que se hac\u00eda en el CIR, en cuya portada se puede ver el aspecto del Campamento Santa Ana.<\/p>\n<p>&nbsp;<\/p>\n<div id=\"attachment_455\" style=\"width: 605px\" class=\"wp-caption aligncenter\"><a href=\"\/dicestudemili\/wp-content\/uploads\/sites\/57\/2012\/12\/1976.jpg\"><img aria-describedby=\"caption-attachment-455\" loading=\"lazy\" class=\"size-full wp-image-455\" title=\"Portada de la revista Santa Ana de 1976.\" src=\"\/dicestudemili\/wp-content\/uploads\/sites\/57\/2012\/12\/1976.jpg\" alt=\"Portada de la revista Santa Ana de 1976.\" width=\"595\" height=\"762\" srcset=\"https:\/\/static-blogs.hoy.es\/wp-content\/uploads\/sites\/57\/2012\/12\/1976.jpg 595w, https:\/\/static-blogs.hoy.es\/wp-content\/uploads\/sites\/57\/2012\/12\/1976-234x300.jpg 234w\" sizes=\"(max-width: 595px) 100vw, 595px\" \/><\/a><p id=\"caption-attachment-455\" class=\"wp-caption-text\">Portada de la revista Santa Ana de 1976.<\/p><\/div>\n<p>&nbsp;<\/p>\n<p>En el apartado &#8216;An\u00e9cdotas&#8217; de este blog se pueden ver tres im\u00e1genes con las fotos de los mandos del CIR en 1976.<\/p>\n<p>&nbsp;<\/p>\n<!-- AddThis Advanced Settings generic via filter on the_content --><!-- AddThis Share Buttons generic via filter on the_content -->","protected":false},"excerpt":{"rendered":"<p>&nbsp; El 15 de marzo de 1976, domingo para m\u00e1s se\u00f1as, se realiz\u00f3 en el edificio del Ayuntamiento de C\u00e1ceres el acto de la talla de quintos. Eran 1.100 los llamados a medirse y pesarse antes de ir a hacer el servicio militar obligatorio. Acudieron 570, ya que el resto (530), o se hab\u00edan ido [&hellip;]<!-- AddThis Advanced Settings generic via filter on get_the_excerpt --><!-- AddThis Share Buttons generic via filter on get_the_excerpt --><\/p>\n","protected":false},"author":52,"featured_media":0,"comment_status":"open","ping_status":"closed","sticky":false,"template":"","format":"standard","meta":[],"categories":[3],"tags":[91,671,979,995,1124],"_links":{"self":[{"href":"https:\/\/blogs.hoy.es\/dicestudemili\/wp-json\/wp\/v2\/posts\/451"}],"collection":[{"href":"https:\/\/blogs.hoy.es\/dicestudemili\/wp-json\/wp\/v2\/posts"}],"about":[{"href":"https:\/\/blogs.hoy.es\/dicestudemili\/wp-json\/wp\/v2\/types\/post"}],"author":[{"embeddable":true,"href":"https:\/\/blogs.hoy.es\/dicestudemili\/wp-json\/wp\/v2\/users\/52"}],"replies":[{"embeddable":true,"href":"https:\/\/blogs.hoy.es\/dicestudemili\/wp-json\/wp\/v2\/comments?post=451"}],"version-history":[{"count":0,"href":"https:\/\/blogs.hoy.es\/dicestudemili\/wp-json\/wp\/v2\/posts\/451\/revisions"}],"wp:attachment":[{"href":"https:\/\/blogs.hoy.es\/dicestudemili\/wp-json\/wp\/v2\/media?parent=451"}],"wp:term":[{"taxonomy":"category","embeddable":true,"href":"https:\/\/blogs.hoy.es\/dicestudemili\/wp-json\/wp\/v2\/categories?post=451"},{"taxonomy":"post_tag","embeddable":true,"href":"https:\/\/blogs.hoy.es\/dicestudemili\/wp-json\/wp\/v2\/tags?post=451"}],"curies":[{"name":"wp","href":"https:\/\/api.w.org\/{rel}","templated":true}]}}