{"id":456,"date":"2012-12-26T07:36:47","date_gmt":"2012-12-26T07:36:47","guid":{"rendered":"http:\/\/blogs.hoy.es\/dicestudemili\/?p=456"},"modified":"2012-12-26T07:36:47","modified_gmt":"2012-12-26T07:36:47","slug":"de-la-mili-al-ejercito-profesional","status":"publish","type":"post","link":"https:\/\/blogs.hoy.es\/dicestudemili\/2012\/12\/26\/de-la-mili-al-ejercito-profesional\/","title":{"rendered":"De la mili al ej\u00e9rcito profesional"},"content":{"rendered":"<p>Un panel recuerda que a lo largo de sus casi 50 a\u00f1os de historia, por este centro de adiestramiento pasaron m\u00e1s de medio mill\u00f3n de soldados, primero con la mili y luego con los soldados profesionales.<\/p>\n<p>&nbsp;<\/p>\n<div id=\"attachment_457\" style=\"width: 667px\" class=\"wp-caption aligncenter\"><a href=\"\/dicestudemili\/wp-content\/uploads\/sites\/57\/2012\/12\/Diapositiva28.jpg\"><img aria-describedby=\"caption-attachment-457\" loading=\"lazy\" class=\"size-full wp-image-457\" title=\"Panel 28.\" src=\"\/dicestudemili\/wp-content\/uploads\/sites\/57\/2012\/12\/Diapositiva28.jpg\" alt=\"Panel 28.\" width=\"657\" height=\"891\" srcset=\"https:\/\/static-blogs.hoy.es\/wp-content\/uploads\/sites\/57\/2012\/12\/Diapositiva28.jpg 657w, https:\/\/static-blogs.hoy.es\/wp-content\/uploads\/sites\/57\/2012\/12\/Diapositiva28-221x300.jpg 221w\" sizes=\"(max-width: 657px) 100vw, 657px\" \/><\/a><p id=\"caption-attachment-457\" class=\"wp-caption-text\">Panel 28.<\/p><\/div>\n<!-- AddThis Advanced Settings generic via filter on the_content --><!-- AddThis Share Buttons generic via filter on the_content -->","protected":false},"excerpt":{"rendered":"<p>Un panel recuerda que a lo largo de sus casi 50 a\u00f1os de historia, por este centro de adiestramiento pasaron m\u00e1s de medio mill\u00f3n de soldados, primero con la mili y luego con los soldados profesionales. &nbsp;<!-- AddThis Advanced Settings generic via filter on get_the_excerpt --><!-- AddThis Share Buttons generic via filter on get_the_excerpt --><\/p>\n","protected":false},"author":52,"featured_media":0,"comment_status":"open","ping_status":"closed","sticky":false,"template":"","format":"standard","meta":[],"categories":[4],"tags":[453,842],"_links":{"self":[{"href":"https:\/\/blogs.hoy.es\/dicestudemili\/wp-json\/wp\/v2\/posts\/456"}],"collection":[{"href":"https:\/\/blogs.hoy.es\/dicestudemili\/wp-json\/wp\/v2\/posts"}],"about":[{"href":"https:\/\/blogs.hoy.es\/dicestudemili\/wp-json\/wp\/v2\/types\/post"}],"author":[{"embeddable":true,"href":"https:\/\/blogs.hoy.es\/dicestudemili\/wp-json\/wp\/v2\/users\/52"}],"replies":[{"embeddable":true,"href":"https:\/\/blogs.hoy.es\/dicestudemili\/wp-json\/wp\/v2\/comments?post=456"}],"version-history":[{"count":0,"href":"https:\/\/blogs.hoy.es\/dicestudemili\/wp-json\/wp\/v2\/posts\/456\/revisions"}],"wp:attachment":[{"href":"https:\/\/blogs.hoy.es\/dicestudemili\/wp-json\/wp\/v2\/media?parent=456"}],"wp:term":[{"taxonomy":"category","embeddable":true,"href":"https:\/\/blogs.hoy.es\/dicestudemili\/wp-json\/wp\/v2\/categories?post=456"},{"taxonomy":"post_tag","embeddable":true,"href":"https:\/\/blogs.hoy.es\/dicestudemili\/wp-json\/wp\/v2\/tags?post=456"}],"curies":[{"name":"wp","href":"https:\/\/api.w.org\/{rel}","templated":true}]}}