{"id":472,"date":"2012-12-27T08:15:57","date_gmt":"2012-12-27T08:15:57","guid":{"rendered":"http:\/\/blogs.hoy.es\/dicestudemili\/?p=472"},"modified":"2012-12-27T08:15:57","modified_gmt":"2012-12-27T08:15:57","slug":"gabriel-mayoral-oficial-en-1966-intente-ensenar-pero-tambien-aprendi-muchas-cosas","status":"publish","type":"post","link":"https:\/\/blogs.hoy.es\/dicestudemili\/2012\/12\/27\/gabriel-mayoral-oficial-en-1966-intente-ensenar-pero-tambien-aprendi-muchas-cosas\/","title":{"rendered":"Gabriel Mayoral (oficial en 1966): &#8220;Intent\u00e9 ense\u00f1ar, pero tambi\u00e9n aprend\u00ed muchas cosas&#8221;"},"content":{"rendered":"<div id=\"attachment_473\" style=\"width: 673px\" class=\"wp-caption aligncenter\"><a href=\"\/dicestudemili\/wp-content\/uploads\/sites\/57\/2012\/12\/foto-Gabriel-Caceres.jpg\"><img aria-describedby=\"caption-attachment-473\" loading=\"lazy\" class=\" wp-image-473   \" title=\" Visita de inspecci\u00f3n del Capit\u00e1n General de la 1\u00aa Regi\u00f3n Militar Ram\u00f3n Rodriguez.\" src=\"\/dicestudemili\/wp-content\/uploads\/sites\/57\/2012\/12\/foto-Gabriel-Caceres.jpg\" alt=\"Visita de inspecci\u00f3n del Capit\u00e1n General de la 1\u00aa Regi\u00f3n Militar Ram\u00f3n Rodriguez.\" width=\"663\" height=\"464\" srcset=\"https:\/\/static-blogs.hoy.es\/wp-content\/uploads\/sites\/57\/2012\/12\/foto-Gabriel-Caceres.jpg 1044w, https:\/\/static-blogs.hoy.es\/wp-content\/uploads\/sites\/57\/2012\/12\/foto-Gabriel-Caceres-300x209.jpg 300w, https:\/\/static-blogs.hoy.es\/wp-content\/uploads\/sites\/57\/2012\/12\/foto-Gabriel-Caceres-768x536.jpg 768w, https:\/\/static-blogs.hoy.es\/wp-content\/uploads\/sites\/57\/2012\/12\/foto-Gabriel-Caceres-1024x715.jpg 1024w\" sizes=\"(max-width: 663px) 100vw, 663px\" \/><\/a><p id=\"caption-attachment-473\" class=\"wp-caption-text\">Visita de inspecci\u00f3n, al CIR  n\u00famero 3 de C\u00e1ceres, del Capit\u00e1n General de la Primera Regi\u00f3n Militar.<\/p><\/div>\n<p>&nbsp;<\/p>\n<p><em>La fotograf\u00eda recoge un momento de la visita de inspecci\u00f3n del Capit\u00e1n General de la 1\u00aa Regi\u00f3n Militar el excelent\u00edsimo sr. D.<strong> Ram\u00f3n Rodr\u00edguez<\/strong>, realizada en marzo-abril de 1966 al C.I.R. n\u00ba\u00a03, concretamente\u00a0es en el Campamento de Santa Ana. En ella estoy d\u00e1ndole explicaciones,<\/em>\u00a0<em>como oficial responsable en el Primer Batall\u00f3n, de la alfabetizaci\u00f3n de reclutas que as\u00ed lo requer\u00edan. Est\u00e1 presente el <strong>Coronel Junc\u00e1 Casadevall<\/strong> jefe del CIR, el Teniente Coronel Mayor y otros jefes, ayudantes del General y del Coronel.<\/em><\/p>\n<p><em> Me incorpor\u00e9 como alf\u00e9rez de complemento en enero de 1966 junto a otros alf\u00e9reces: <strong>Carlos Molin\u00ed<\/strong> (m\u00e9dico), <strong>Paco Mat\u00edn<\/strong>, <strong>Manuel Le\u00f3n<\/strong>, <strong>Baltar<\/strong> y <strong>Manolo Ojeda<\/strong>. Nos destinaron a las distintas compa\u00f1\u00edas de los dos batallones, el 1\u00ba y el 2\u00ba, que estaban en C\u00e1ceres. El 3\u00ba, que mandaba el<\/em>\u00a0<em><strong>Comandante Babiano<\/strong>, estaba en Plasencia. Me toc\u00f3 la 2\u00aa Compa\u00f1\u00eda, del 1\u00ba Batall\u00f3n, que mandaba el <strong>Capit\u00e1n Elizondo<\/strong> y estaban en ella los tenientes<strong> Etayo<\/strong> y <strong>Esteban<\/strong>. Las otras tres compa\u00f1\u00edas del batall\u00f3n las mandaban el <strong>teniente Obreg\u00f3n<\/strong>, el <strong>capit\u00e1n Silveira<\/strong> y el <strong>capit\u00e1n Laguna<\/strong>. El Batall\u00f3n<\/em>\u00a0<em>estaba al mando del <strong>Comandante Porras<\/strong>. Otros oficiales eran los tenientes <strong>Jaime Tello<\/strong>, <strong>Antequera<\/strong> (con sus caballos), <strong>M\u00e1rquez Tosina<\/strong>, <strong>Corraliza<\/strong>, <strong>Verdejo<\/strong>, <strong>Mogoll\u00f3n<\/strong>&#8230;<\/em><br \/>\n<em> Se ha citado en repetidas ocasiones al <strong>Coronel Alfonso Cer\u00f3n Gil<\/strong> que mand\u00f3 el CIR hasta su ascenso a General. Me toc\u00f3, como Oficial de Guardia, recibirle el d\u00eda de su llegada y al darle novedades, con la guardia formada, me orden\u00f3 que anotase en el libro de \u00f3rdenes que<\/em>\u00a0<em>solamente se le formar\u00eda la guardia\u00a0una sola vez al d\u00eda. Fue un hombre muy asequible con el que se pod\u00eda departir con facilidad en el bar de oficiales.<\/em><br \/>\n<em> Fueron tiempos de juventud, de fortaleza f\u00edsica, de inquietudes, de intentar formar en poco tiempo a los reclutas que llegaban, como es obvio, sin formaci\u00f3n militar y lamentablemente en muchos<\/em>\u00a0<em>casos, culturalmente hablando, muy escasitos.<\/em><br \/>\n<em> Recuerdo las clases te\u00f3ricas de armamento, previas a la utilizaci\u00f3n, c\u00f3mo les hablaba y trataba de quitar el miedo que no el respeto. Recuerdo especialmente las caras el d\u00eda que explic\u00e1bamos las<\/em>\u00a0<em>granadas de mano, que luego tendr\u00edan que lanzar las P O 1 \u00f3 las P O 3, despiezarlas, el seguro de transporte, el de distancia, el pasador que liberar\u00eda el percutor, el multiplicado de fulminato de mercurio (NUNCA puesto), la carga de trilita&#8230;<\/em><br \/>\n<em> Y llegaba el d\u00eda, cada oficial con su secci\u00f3n. El campo de tiro, el lanzamiento (algunos no la soltaban), los nervios, la explosi\u00f3n, el barro que saltaba y el respirar hondo porque hab\u00eda salido bien.<\/em><br \/>\n<em> Fueron d\u00edas intensos. Intent\u00e9 ense\u00f1ar, pero tambi\u00e9n aprend\u00ed muchas cosas que, en buena forma, han hecho parte de m\u00ed.<\/em><br \/>\n<em> Un cordial saludo.<\/em><\/p>\n<!-- AddThis Advanced Settings generic via filter on the_content --><!-- AddThis Share Buttons generic via filter on the_content -->","protected":false},"excerpt":{"rendered":"<p>&nbsp; La fotograf\u00eda recoge un momento de la visita de inspecci\u00f3n del Capit\u00e1n General de la 1\u00aa Regi\u00f3n Militar el excelent\u00edsimo sr. D. Ram\u00f3n Rodr\u00edguez, realizada en marzo-abril de 1966 al C.I.R. n\u00ba\u00a03, concretamente\u00a0es en el Campamento de Santa Ana. En ella estoy d\u00e1ndole explicaciones,\u00a0como oficial responsable en el Primer Batall\u00f3n, de la alfabetizaci\u00f3n de [&hellip;]<!-- AddThis Advanced Settings generic via filter on get_the_excerpt --><!-- AddThis Share Buttons generic via filter on get_the_excerpt --><\/p>\n","protected":false},"author":52,"featured_media":0,"comment_status":"open","ping_status":"closed","sticky":false,"template":"","format":"standard","meta":[],"categories":[6],"tags":[123,230,242,250,265,281,351,363,393,546,781,794,888,1086,1106,1111,1112,1117,1121,1123,1125,1133],"_links":{"self":[{"href":"https:\/\/blogs.hoy.es\/dicestudemili\/wp-json\/wp\/v2\/posts\/472"}],"collection":[{"href":"https:\/\/blogs.hoy.es\/dicestudemili\/wp-json\/wp\/v2\/posts"}],"about":[{"href":"https:\/\/blogs.hoy.es\/dicestudemili\/wp-json\/wp\/v2\/types\/post"}],"author":[{"embeddable":true,"href":"https:\/\/blogs.hoy.es\/dicestudemili\/wp-json\/wp\/v2\/users\/52"}],"replies":[{"embeddable":true,"href":"https:\/\/blogs.hoy.es\/dicestudemili\/wp-json\/wp\/v2\/comments?post=472"}],"version-history":[{"count":0,"href":"https:\/\/blogs.hoy.es\/dicestudemili\/wp-json\/wp\/v2\/posts\/472\/revisions"}],"wp:attachment":[{"href":"https:\/\/blogs.hoy.es\/dicestudemili\/wp-json\/wp\/v2\/media?parent=472"}],"wp:term":[{"taxonomy":"category","embeddable":true,"href":"https:\/\/blogs.hoy.es\/dicestudemili\/wp-json\/wp\/v2\/categories?post=472"},{"taxonomy":"post_tag","embeddable":true,"href":"https:\/\/blogs.hoy.es\/dicestudemili\/wp-json\/wp\/v2\/tags?post=472"}],"curies":[{"name":"wp","href":"https:\/\/api.w.org\/{rel}","templated":true}]}}