{"id":477,"date":"2012-12-28T08:38:54","date_gmt":"2012-12-28T08:38:54","guid":{"rendered":"http:\/\/blogs.hoy.es\/dicestudemili\/?p=477"},"modified":"2012-12-28T08:38:54","modified_gmt":"2012-12-28T08:38:54","slug":"con-el-petate-a-cuestas","status":"publish","type":"post","link":"https:\/\/blogs.hoy.es\/dicestudemili\/2012\/12\/28\/con-el-petate-a-cuestas\/","title":{"rendered":"Con el petate a cuestas"},"content":{"rendered":"<p>En la exposici\u00f3n<strong> &#8216;Medios de Comunicaci\u00f3n y Ej\u00e9rcito en C\u00e1ceres&#8217;<\/strong>, adem\u00e1s de poder ver los 48 a\u00f1os de la historia del Cefot de C\u00e1ceres en las informaciones de los diarios, se mostraban dos uniformes de instrucci\u00f3n.<\/p>\n<p>Uno era el de abajo, utilizado en los a\u00f1os setenta y ochenta, figurando al lado del maniqu\u00ed el famoso petate.<\/p>\n<div id=\"attachment_479\" style=\"width: 603px\" class=\"wp-caption aligncenter\"><a href=\"\/dicestudemili\/wp-content\/uploads\/sites\/57\/2012\/12\/Uniforme11.jpg\"><img aria-describedby=\"caption-attachment-479\" loading=\"lazy\" class=\"size-large wp-image-479\" title=\"Uniforme de instrucci\u00f3n utilizado hace 30 \u00f3 40 a\u00f1os.\" src=\"\/dicestudemili\/wp-content\/uploads\/sites\/57\/2012\/12\/Uniforme11.jpg\" alt=\"Uniforme de instrucci\u00f3n utilizado hace 30 \u00f3 40 a\u00f1os.\" width=\"593\" height=\"1024\" srcset=\"https:\/\/static-blogs.hoy.es\/wp-content\/uploads\/sites\/57\/2012\/12\/Uniforme11.jpg 878w, https:\/\/static-blogs.hoy.es\/wp-content\/uploads\/sites\/57\/2012\/12\/Uniforme11-174x300.jpg 174w, https:\/\/static-blogs.hoy.es\/wp-content\/uploads\/sites\/57\/2012\/12\/Uniforme11-768x1326.jpg 768w, https:\/\/static-blogs.hoy.es\/wp-content\/uploads\/sites\/57\/2012\/12\/Uniforme11-593x1024.jpg 593w\" sizes=\"(max-width: 593px) 100vw, 593px\" \/><\/a><p id=\"caption-attachment-479\" class=\"wp-caption-text\">Uniforme de instrucci\u00f3n utilizado hace 30 \u00f3 40 a\u00f1os.<\/p><\/div>\n<p>&nbsp;<\/p>\n<p>Otro, un uniforme femenino del a\u00f1o 2012, cuando se cumplen 32 a\u00f1os de la incorporaci\u00f3n de la mujer a las Fuerzas Armadas.<\/p>\n<div id=\"attachment_480\" style=\"width: 711px\" class=\"wp-caption aligncenter\"><a href=\"\/dicestudemili\/wp-content\/uploads\/sites\/57\/2012\/12\/Uniforme2.jpg\"><img aria-describedby=\"caption-attachment-480\" loading=\"lazy\" class=\"size-large wp-image-480\" title=\"Uniforme de instrucci\u00f3n femenino.\" src=\"\/dicestudemili\/wp-content\/uploads\/sites\/57\/2012\/12\/Uniforme2.jpg\" alt=\"Uniforme de instrucci\u00f3n femenino.\" width=\"701\" height=\"1024\" srcset=\"https:\/\/static-blogs.hoy.es\/wp-content\/uploads\/sites\/57\/2012\/12\/Uniforme2.jpg 844w, https:\/\/static-blogs.hoy.es\/wp-content\/uploads\/sites\/57\/2012\/12\/Uniforme2-206x300.jpg 206w, https:\/\/static-blogs.hoy.es\/wp-content\/uploads\/sites\/57\/2012\/12\/Uniforme2-768x1121.jpg 768w, https:\/\/static-blogs.hoy.es\/wp-content\/uploads\/sites\/57\/2012\/12\/Uniforme2-702x1024.jpg 702w\" sizes=\"(max-width: 701px) 100vw, 701px\" \/><\/a><p id=\"caption-attachment-480\" class=\"wp-caption-text\">Uniforme de instrucci\u00f3n femenino.<\/p><\/div>\n<p>&nbsp;<\/p>\n<p>Tambi\u00e9n hab\u00eda en la exposici\u00f3n una reproducci\u00f3n, a tama\u00f1o natural, de un soldado dibujado por <strong>Mingote<\/strong>. Ten\u00eda la zona del rosto vaciado para que los visitantes pudieran poner su cara y llevarse una fotograf\u00eda de recuerdo.<\/p>\n<div id=\"attachment_481\" style=\"width: 727px\" class=\"wp-caption aligncenter\"><a href=\"\/dicestudemili\/wp-content\/uploads\/sites\/57\/2012\/12\/Uniforme3.jpg\"><img aria-describedby=\"caption-attachment-481\" loading=\"lazy\" class=\"size-full wp-image-481\" title=\"El soldado de Mingote.\" src=\"\/dicestudemili\/wp-content\/uploads\/sites\/57\/2012\/12\/Uniforme3.jpg\" alt=\"El soldado de Mingote.\" width=\"717\" height=\"997\" srcset=\"https:\/\/static-blogs.hoy.es\/wp-content\/uploads\/sites\/57\/2012\/12\/Uniforme3.jpg 717w, https:\/\/static-blogs.hoy.es\/wp-content\/uploads\/sites\/57\/2012\/12\/Uniforme3-216x300.jpg 216w\" sizes=\"(max-width: 717px) 100vw, 717px\" \/><\/a><p id=\"caption-attachment-481\" class=\"wp-caption-text\">El soldado de Mingote.<\/p><\/div>\n<p>&nbsp;<\/p>\n<!-- AddThis Advanced Settings generic via filter on the_content --><!-- AddThis Share Buttons generic via filter on the_content -->","protected":false},"excerpt":{"rendered":"<p>En la exposici\u00f3n &#8216;Medios de Comunicaci\u00f3n y Ej\u00e9rcito en C\u00e1ceres&#8217;, adem\u00e1s de poder ver los 48 a\u00f1os de la historia del Cefot de C\u00e1ceres en las informaciones de los diarios, se mostraban dos uniformes de instrucci\u00f3n. Uno era el de abajo, utilizado en los a\u00f1os setenta y ochenta, figurando al lado del maniqu\u00ed el famoso [&hellip;]<!-- AddThis Advanced Settings generic via filter on get_the_excerpt --><!-- AddThis Share Buttons generic via filter on get_the_excerpt --><\/p>\n","protected":false},"author":52,"featured_media":0,"comment_status":"open","ping_status":"closed","sticky":false,"template":"","format":"standard","meta":[],"categories":[4],"tags":[845,861,1162],"_links":{"self":[{"href":"https:\/\/blogs.hoy.es\/dicestudemili\/wp-json\/wp\/v2\/posts\/477"}],"collection":[{"href":"https:\/\/blogs.hoy.es\/dicestudemili\/wp-json\/wp\/v2\/posts"}],"about":[{"href":"https:\/\/blogs.hoy.es\/dicestudemili\/wp-json\/wp\/v2\/types\/post"}],"author":[{"embeddable":true,"href":"https:\/\/blogs.hoy.es\/dicestudemili\/wp-json\/wp\/v2\/users\/52"}],"replies":[{"embeddable":true,"href":"https:\/\/blogs.hoy.es\/dicestudemili\/wp-json\/wp\/v2\/comments?post=477"}],"version-history":[{"count":0,"href":"https:\/\/blogs.hoy.es\/dicestudemili\/wp-json\/wp\/v2\/posts\/477\/revisions"}],"wp:attachment":[{"href":"https:\/\/blogs.hoy.es\/dicestudemili\/wp-json\/wp\/v2\/media?parent=477"}],"wp:term":[{"taxonomy":"category","embeddable":true,"href":"https:\/\/blogs.hoy.es\/dicestudemili\/wp-json\/wp\/v2\/categories?post=477"},{"taxonomy":"post_tag","embeddable":true,"href":"https:\/\/blogs.hoy.es\/dicestudemili\/wp-json\/wp\/v2\/tags?post=477"}],"curies":[{"name":"wp","href":"https:\/\/api.w.org\/{rel}","templated":true}]}}