{"id":484,"date":"2012-12-29T07:44:21","date_gmt":"2012-12-29T07:44:21","guid":{"rendered":"http:\/\/blogs.hoy.es\/dicestudemili\/?p=484"},"modified":"2012-12-29T07:44:21","modified_gmt":"2012-12-29T07:44:21","slug":"1977-miles-de-personas-conocen-caceres-al-venir-a-las-juras-de-bandera","status":"publish","type":"post","link":"https:\/\/blogs.hoy.es\/dicestudemili\/2012\/12\/29\/1977-miles-de-personas-conocen-caceres-al-venir-a-las-juras-de-bandera\/","title":{"rendered":"1977: Miles de personas conocen C\u00e1ceres al venir a las juras de bandera"},"content":{"rendered":"<div id=\"attachment_485\" style=\"width: 673px\" class=\"wp-caption aligncenter\"><a href=\"\/dicestudemili\/wp-content\/uploads\/sites\/57\/2012\/12\/CACERES.-FAMILIARES-Y-AMIGOS-PRESENCIAN-UNA-JURA-DE-BAND.jpg\"><img aria-describedby=\"caption-attachment-485\" loading=\"lazy\" class=\" wp-image-485   \" title=\"P\u00fablico en una jura de bandera en el Campamento Santa Ana.\" src=\"\/dicestudemili\/wp-content\/uploads\/sites\/57\/2012\/12\/CACERES.-FAMILIARES-Y-AMIGOS-PRESENCIAN-UNA-JURA-DE-BAND.jpg\" alt=\"P\u00fablico en una jura de bandera en el Campamento Santa Ana.\" width=\"663\" height=\"391\" srcset=\"https:\/\/static-blogs.hoy.es\/wp-content\/uploads\/sites\/57\/2012\/12\/CACERES.-FAMILIARES-Y-AMIGOS-PRESENCIAN-UNA-JURA-DE-BAND.jpg 3258w, https:\/\/static-blogs.hoy.es\/wp-content\/uploads\/sites\/57\/2012\/12\/CACERES.-FAMILIARES-Y-AMIGOS-PRESENCIAN-UNA-JURA-DE-BAND-300x177.jpg 300w, https:\/\/static-blogs.hoy.es\/wp-content\/uploads\/sites\/57\/2012\/12\/CACERES.-FAMILIARES-Y-AMIGOS-PRESENCIAN-UNA-JURA-DE-BAND-768x453.jpg 768w, https:\/\/static-blogs.hoy.es\/wp-content\/uploads\/sites\/57\/2012\/12\/CACERES.-FAMILIARES-Y-AMIGOS-PRESENCIAN-UNA-JURA-DE-BAND-1024x603.jpg 1024w\" sizes=\"(max-width: 663px) 100vw, 663px\" \/><\/a><p id=\"caption-attachment-485\" class=\"wp-caption-text\">P\u00fablico en una jura de bandera en el Campamento Santa Ana.<\/p><\/div>\n<p>&nbsp;<\/p>\n<p>Cada tres meses hab\u00eda jura de bandera y este acto atra\u00eda a unas 3 \u00f3 4 personas por cada nuevo soldado, lo que significaba la llegada de 7.500 a 10.000 visitantes a C\u00e1ceres. Las juras de bandera eran los domingos por la ma\u00f1ana y muchas familias pasaban en la ciudad el fin de semana. En la secci\u00f3n <strong>\u2018La calle al habla\u2019<\/strong> de HOY se contaba as\u00ed esta peque\u00f1a invasi\u00f3n un fin de semana de jura de bandera:<em> \u201cEl s\u00e1bado por la tarde empezaron a verse coches con matr\u00edculas de todas las provincias espa\u00f1olas. Las calles estaban repletas de p\u00fablico. Se notaba que hab\u00eda numerosos forasteros. Todo era debido a que vinieron muchos familiares de los reclutas del CIR n\u00famero 3 para asistir al acto de jura de bandera. El domingo por la ma\u00f1ana, desde bien temprano, la gente empez\u00f3 a desplazarse hac\u00eda el Campamento de Santa Ana. Al mediod\u00eda, al regreso del acto de jura de bandera, hubo enormes colas de coches en los accesos de la <strong>carretera de M\u00e9rida<\/strong>, <strong>Cruz de los Ca\u00eddos<\/strong>, <strong>avenida de Espa\u00f1a<\/strong> y<strong> Hern\u00e1n Cort\u00e9s<\/strong>. En la <strong>Plaza de las Delicias<\/strong> se hac\u00eda casi imposible circular, dado que hab\u00eda numerosos autocares aparcados para llevarse a los reclutas a sus diferentes provincias\u201d<\/em>.<\/p>\n<p>En la jura del <strong>12 de septiembre<\/strong> participaron 2.607 j\u00f3venes viendo en el recorte de prensa de este diario, como hab\u00eda gente que se sub\u00eda en los \u00e1rboles del Campamento Santa Ana para ver mejor el acto y la aglomeraci\u00f3n de gente en el <strong>cuartel Infanta Isabel<\/strong> esperando a que salgan los soldados.<\/p>\n<div id=\"attachment_486\" style=\"width: 464px\" class=\"wp-caption aligncenter\"><a href=\"\/dicestudemili\/wp-content\/uploads\/sites\/57\/2012\/12\/1977-13-del-9.jpg\"><img aria-describedby=\"caption-attachment-486\" loading=\"lazy\" class=\"size-full wp-image-486\" title=\"Noticia del diario HOY del 13 de septiembre de 1977.\" src=\"\/dicestudemili\/wp-content\/uploads\/sites\/57\/2012\/12\/1977-13-del-9.jpg\" alt=\"Noticia del diario HOY del 13 de septiembre de 1977.\" width=\"454\" height=\"383\" srcset=\"https:\/\/static-blogs.hoy.es\/wp-content\/uploads\/sites\/57\/2012\/12\/1977-13-del-9.jpg 454w, https:\/\/static-blogs.hoy.es\/wp-content\/uploads\/sites\/57\/2012\/12\/1977-13-del-9-300x253.jpg 300w\" sizes=\"(max-width: 454px) 100vw, 454px\" \/><\/a><p id=\"caption-attachment-486\" class=\"wp-caption-text\">Noticia del diario HOY del 13 de septiembre de 1977.<\/p><\/div>\n<p>&nbsp;<\/p>\n<p>En la jura del <strong>12 de diciembre<\/strong> participaron 2.582 reclutas. En este acto se despidi\u00f3 del CIR su <strong>coronel jefe Eloy Rodr\u00edguez de Miguel<\/strong>, que dejaba el mando tras tres a\u00f1os al frente del mismo.<\/p>\n<div id=\"attachment_487\" style=\"width: 303px\" class=\"wp-caption aligncenter\"><a href=\"\/dicestudemili\/wp-content\/uploads\/sites\/57\/2012\/12\/1977-13-de-diciembre.jpg\"><img aria-describedby=\"caption-attachment-487\" loading=\"lazy\" class=\"size-full wp-image-487\" title=\"Recorte de la noticia publicada el 13 de diciembre de 1977.\" src=\"\/dicestudemili\/wp-content\/uploads\/sites\/57\/2012\/12\/1977-13-de-diciembre.jpg\" alt=\"Recorte de la noticia publicada el 13 de diciembre de 1977.\" width=\"293\" height=\"416\" srcset=\"https:\/\/static-blogs.hoy.es\/wp-content\/uploads\/sites\/57\/2012\/12\/1977-13-de-diciembre.jpg 293w, https:\/\/static-blogs.hoy.es\/wp-content\/uploads\/sites\/57\/2012\/12\/1977-13-de-diciembre-211x300.jpg 211w\" sizes=\"(max-width: 293px) 100vw, 293px\" \/><\/a><p id=\"caption-attachment-487\" class=\"wp-caption-text\">Recorte de la noticia publicada el 13 de diciembre de 1977.<\/p><\/div>\n<p>En el <strong>blog Historias del Pardo<\/strong> hemos encontrado cinco comentarios de personas que hicieron la mili en C\u00e1ceres este a\u00f1o.<\/p>\n<p>Un tal <strong>Rafae<\/strong>l cuenta: <em>\u201cYo estuve en la 9\u00aa Compa\u00f1\u00eda. Llegue el 4 de abril y jur\u00e9 bandera el 9 de junio del 77. Fui destinado a la <strong>Academia de Sanidad Militar<\/strong> de Madrid. Todav\u00eda tengo las revistas de enero y abril del CIR de ese a\u00f1o. Conservo muy buenos recuerdos y compa\u00f1eros de aquella \u00e9poca. Si alguien desea alguna foto de alguna de esas revistas que me lo pida al email: <a href=\"mailto:rafamolina123@hotmail.com\">rafamolina123@hotmail.com<\/a>\u201d<\/em>.<\/p>\n<p>Otro que fue recluta este a\u00f1o dice: <em>\u201cMe incorpor\u00e9 al CIR 3 el 4\/4\/77, jur\u00e9 bandera el 9\/6\/77 y me destinaron al mismo CIR hasta el 14\/6\/78 que me licenci\u00e9. La mayor\u00eda de los recuerdos son muy buenos. <a href=\"mailto:Jumapees@hotmail.com\">Jumapees@hotmail.com<\/a>\u201d<\/em>.<\/p>\n<p>Un comentario firmado por <strong>Santiago<\/strong> indica: <em>\u201c4\u00ba PM. La hice con buena gente. Soy extreme\u00f1o. Conoc\u00ed a mucha gente. Como recluta estuve en la 4\u00aa, pasando m\u00e1s tarde a la 3\u00aa y finalmente al cuartel de PM. Mandos: <strong>Teniente Abdon<\/strong>, <strong>sargento Cuello de Oro<\/strong>,\u00a0 <strong>teniente Tello<\/strong>, <strong>teniente Encinas<\/strong>, <strong>cabo Pulido<\/strong>, <strong>capit\u00e1n Pincho<\/strong>, <strong>capit\u00e1n Tosina<\/strong>, etc\u00e9tera. Correo: <a href=\"mailto:Santiago_rico1961@hotmail.com\">Santiago_rico1961@hotmail.com<\/a>\u201d<\/em>.<\/p>\n<p><strong>Adolfo L\u00f3pez<\/strong> escribe este comentario:<em> \u201cSoy del primer reemplazo de 1977, voluntario dos meses en la segunda, los pechos de murallas, y despu\u00e9s 18 meses en Getafe, Madrid. Adolfo L\u00f3pez: 686 73 55 98\u201d<\/em>.<\/p>\n<p>El \u00faltimo comentario que hemos encontrado es el siguiente:<em> \u201cMi nombre es <strong>Pedro J. P\u00e9rez<\/strong>, de <strong>Tenerife<\/strong>. Hice la mili completas en Santa Ana, enero 1977 a marzo 1978. Estuve en la 4\u00aa Compa\u00f1\u00eda y luego pas\u00e9 a la Unidad de Servicios, en el <strong>Hogar del Soldado<\/strong>. Me gustar\u00eda tener noticias de alguien de entonces. ouro_111@hotmail.com\u201d.<\/em><\/p>\n<p>En el apartado &#8216;Tus testimonios&#8217; de este blog, se encuentra el relato y las fotografias aportadas por <strong>Rafael Antonio Molina<\/strong> que fue recluta del CIR de C\u00e1ceres en este a\u00f1o.<\/p>\n<p>&nbsp;<\/p>\n<!-- AddThis Advanced Settings generic via filter on the_content --><!-- AddThis Share Buttons generic via filter on the_content -->","protected":false},"excerpt":{"rendered":"<p>&nbsp; Cada tres meses hab\u00eda jura de bandera y este acto atra\u00eda a unas 3 \u00f3 4 personas por cada nuevo soldado, lo que significaba la llegada de 7.500 a 10.000 visitantes a C\u00e1ceres. Las juras de bandera eran los domingos por la ma\u00f1ana y muchas familias pasaban en la ciudad el fin de semana. [&hellip;]<!-- AddThis Advanced Settings generic via filter on get_the_excerpt --><!-- AddThis Share Buttons generic via filter on get_the_excerpt --><\/p>\n","protected":false},"author":52,"featured_media":0,"comment_status":"open","ping_status":"closed","sticky":false,"template":"","format":"standard","meta":[],"categories":[3],"tags":[22,190,259,268,375,599,903,945,1020,1083,1110,1131],"_links":{"self":[{"href":"https:\/\/blogs.hoy.es\/dicestudemili\/wp-json\/wp\/v2\/posts\/484"}],"collection":[{"href":"https:\/\/blogs.hoy.es\/dicestudemili\/wp-json\/wp\/v2\/posts"}],"about":[{"href":"https:\/\/blogs.hoy.es\/dicestudemili\/wp-json\/wp\/v2\/types\/post"}],"author":[{"embeddable":true,"href":"https:\/\/blogs.hoy.es\/dicestudemili\/wp-json\/wp\/v2\/users\/52"}],"replies":[{"embeddable":true,"href":"https:\/\/blogs.hoy.es\/dicestudemili\/wp-json\/wp\/v2\/comments?post=484"}],"version-history":[{"count":0,"href":"https:\/\/blogs.hoy.es\/dicestudemili\/wp-json\/wp\/v2\/posts\/484\/revisions"}],"wp:attachment":[{"href":"https:\/\/blogs.hoy.es\/dicestudemili\/wp-json\/wp\/v2\/media?parent=484"}],"wp:term":[{"taxonomy":"category","embeddable":true,"href":"https:\/\/blogs.hoy.es\/dicestudemili\/wp-json\/wp\/v2\/categories?post=484"},{"taxonomy":"post_tag","embeddable":true,"href":"https:\/\/blogs.hoy.es\/dicestudemili\/wp-json\/wp\/v2\/tags?post=484"}],"curies":[{"name":"wp","href":"https:\/\/api.w.org\/{rel}","templated":true}]}}