{"id":499,"date":"2013-01-02T07:10:34","date_gmt":"2013-01-02T07:10:34","guid":{"rendered":"http:\/\/blogs.hoy.es\/dicestudemili\/?p=499"},"modified":"2013-01-02T07:10:34","modified_gmt":"2013-01-02T07:10:34","slug":"carlos-tejado-recordaba-una-jura-de-bandera-con-3-800-soldados","status":"publish","type":"post","link":"https:\/\/blogs.hoy.es\/dicestudemili\/2013\/01\/02\/carlos-tejado-recordaba-una-jura-de-bandera-con-3-800-soldados\/","title":{"rendered":"Carlos Tejado recordaba una jura de bandera con 3.800 soldados"},"content":{"rendered":"<p>Una de las personas que m\u00e1s ha conocido el Cefot de C\u00e1ceres ha sido <strong>Carlos Tejado del Arco<\/strong>. \u00c9l trabaj\u00f3 32 a\u00f1os en la <strong>oficina de Correos y Tel\u00e9grafos<\/strong> del centro de instrucci\u00f3n y en el a\u00f1o 2001 public\u00f3 el libro sobre esta instituci\u00f3n titulado \u2018Santa Ana, 40 a\u00f1os de historia\u2019. Natural de<strong> Herv\u00e1s<\/strong>, pas\u00f3 casi toda su vida en C\u00e1ceres en donde fue colaborador deportivo en <strong>Radio Nacional de Espa\u00f1a<\/strong> y en la <strong>COPE<\/strong>. En una imagen que nos ha cedido para este blog el fot\u00f3grafo<strong> Juan Guerrero<\/strong>, le vemos en los a\u00f1os setenta entrevistando a un jugador de baloncesto que hac\u00eda la mili en C\u00e1ceres.<\/p>\n<div id=\"attachment_504\" style=\"width: 669px\" class=\"wp-caption aligncenter\"><a href=\"\/dicestudemili\/wp-content\/uploads\/sites\/57\/2013\/01\/Tejado-entrevistando.jpg.-copia.jpg\"><img aria-describedby=\"caption-attachment-504\" loading=\"lazy\" class=\"size-full wp-image-504\" title=\"Tejado entrevistando a un jugador de baloncesto en el Campamento Santa Ana.\" src=\"\/dicestudemili\/wp-content\/uploads\/sites\/57\/2013\/01\/Tejado-entrevistando.jpg.-copia.jpg\" alt=\"Tejado entrevistando a un jugador de baloncesto en el Campamento Santa Ana.\" width=\"659\" height=\"847\" srcset=\"https:\/\/static-blogs.hoy.es\/wp-content\/uploads\/sites\/57\/2013\/01\/Tejado-entrevistando.jpg.-copia.jpg 659w, https:\/\/static-blogs.hoy.es\/wp-content\/uploads\/sites\/57\/2013\/01\/Tejado-entrevistando.jpg.-copia-233x300.jpg 233w\" sizes=\"(max-width: 659px) 100vw, 659px\" \/><\/a><p id=\"caption-attachment-504\" class=\"wp-caption-text\">Tejado entrevistando a un jugador de baloncesto en el Campamento Santa Ana.<\/p><\/div>\n<p>&nbsp;<\/p>\n<p>Carlos Tejado muri\u00f3 en la primavera del 2007, a los 62 a\u00f1os, por culpa de un c\u00e1ncer. En el mes de diciembre de 2002, en una entrevista publicada en <strong>HOY<\/strong> hablaba de sus recuerdos del Cefot.<\/p>\n<p>Funcionario del Cuerpo Especial Ejecutivo de Telecomunicaciones desde 1964, despu\u00e9s de trabajar en <strong>Tenerife<\/strong>, <strong>Miajadas<\/strong>,<strong> Logros\u00e1n<\/strong> y <strong>Navalmoral de la Mata<\/strong>, en <strong>1971<\/strong> fue destinado a la oficina de Tel\u00e9grafos del CIR, en donde tambi\u00e9n hab\u00eda otra de Correos en la que estaba<strong> \u00c1ngel Maestre<\/strong>. Con el tiempo se unificaron las dos oficinas, estando al frente Carlos Tejado que contaba con la ayuda de cuatro soldados. Era la oficina que m\u00e1s trabajaba de la provincia de C\u00e1ceres. Tejado recordaba que all\u00ed, &#8220;<em>se mov\u00eda cada mes unos 15 millones de pesetas. Cada d\u00eda se pod\u00edan repartir unos 100 giros, de 1.500 a 2.000 cartas y unas 12 sacas de paquetes. Hab\u00eda muchos paquetes de comida con los choricitos. Estaba prohibido enviar botellas, pero al que era de Logro\u00f1o le mandaban rioja y al que era vasco alguna botella de pachar\u00e1n. De vez en cuando se romp\u00edan y se pon\u00eda todo pringoso\u2026 y con un olor<\/em>&#8220;.<\/p>\n<p>Explicaba en la entrevista que en los 32 a\u00f1os que estuvo trabajando en el centro s\u00f3lo tuvieron una reclamaci\u00f3n: &#8220;<em>Una vez vino un giro para <strong>Jos\u00e9 G\u00f3mez Fern\u00e1ndez<\/strong>. Con ese nombre y apellidos en el CIR igual hab\u00eda 10 reclutas y lo cobr\u00f3 uno que sab\u00eda que no era para \u00e9l. Al reclamar el dinero, se dio con ese recluta, le obligaron a devolver el dinero y se le arrest\u00f3<\/em>&#8220;. Los giros sol\u00edan ser de 50, 100 \u00f3 500 pesetas, siempre de la familia al recluta, salvo una vez: &#8220;<em>Uno envi\u00f3 dinero a su familia de Sevilla. Me vio como cog\u00eda su dinero y lo pon\u00eda en un caj\u00f3n, y el hombre no se mov\u00eda porque los billetes continuaban en el caj\u00f3n. Se pensaba que esos mismos billetes eran los que ten\u00edan que llegar a su casa. Le estuve explicando bastante tiempo c\u00f3mo funcionaban los giros, dici\u00e9ndole que no se preocupara, que al d\u00eda siguiente su familia tendr\u00eda el dinero, pero no se qued\u00f3 tranquilo hasta que supo que el dinero hab\u00eda llegado<\/em>&#8220;.<\/p>\n<p>La oficina tambi\u00e9n era <strong>Caja Postal<\/strong> y all\u00ed se pagaba a los reclutas y al resto del personal de Ej\u00e9rcito. Recordaba Carlos Tejado cuando los reclutas cobraban 35 pesetas y cuando solamente hab\u00eda una cabina de tel\u00e9fono y se hac\u00edan colas de horas para llamar. Luego se llegaron a poner 25 cabinas. Tambi\u00e9n comentaba las multitudinarias juras de bandera, recordando una con 3.800 soldados. &#8220;Por aqu\u00ed pasaron muchas personas conocidas, me acuerdo del torero <strong>Finito de C\u00f3rdoba<\/strong>, del empresario<strong> Jos\u00e9 Barroso<\/strong> (Don Algod\u00f3n), de un hijo de <strong>Ruiz Mateos<\/strong>, de otro hijo de <strong>Alfonso Uss\u00eda<\/strong> y de jugadores de f\u00fatbol de primera divisi\u00f3n&#8221;.<\/p>\n<p>Ha sido para nosotros agradable recordar en este blog a este compa\u00f1ero de los medios de comunicaci\u00f3n que tantos amigos ha dejado en C\u00e1ceres.<\/p>\n<div id=\"attachment_503\" style=\"width: 570px\" class=\"wp-caption aligncenter\"><a href=\"\/dicestudemili\/wp-content\/uploads\/sites\/57\/2013\/01\/Carlos-Tejado-2001.jpg\"><img aria-describedby=\"caption-attachment-503\" loading=\"lazy\" class=\" wp-image-503 \" title=\"Carlos Tejado en el a\u00f1o 2001.\" src=\"\/dicestudemili\/wp-content\/uploads\/sites\/57\/2013\/01\/Carlos-Tejado-2001.jpg\" alt=\"Carlos Tejado en el a\u00f1o 2001.\" width=\"560\" height=\"819\" srcset=\"https:\/\/static-blogs.hoy.es\/wp-content\/uploads\/sites\/57\/2013\/01\/Carlos-Tejado-2001.jpg 969w, https:\/\/static-blogs.hoy.es\/wp-content\/uploads\/sites\/57\/2013\/01\/Carlos-Tejado-2001-205x300.jpg 205w, https:\/\/static-blogs.hoy.es\/wp-content\/uploads\/sites\/57\/2013\/01\/Carlos-Tejado-2001-768x1123.jpg 768w, https:\/\/static-blogs.hoy.es\/wp-content\/uploads\/sites\/57\/2013\/01\/Carlos-Tejado-2001-700x1024.jpg 700w\" sizes=\"(max-width: 560px) 100vw, 560px\" \/><\/a><p id=\"caption-attachment-503\" class=\"wp-caption-text\">Carlos Tejado en el a\u00f1o 2001.<\/p><\/div>\n<!-- AddThis Advanced Settings generic via filter on the_content --><!-- AddThis Share Buttons generic via filter on the_content -->","protected":false},"excerpt":{"rendered":"<p>Una de las personas que m\u00e1s ha conocido el Cefot de C\u00e1ceres ha sido Carlos Tejado del Arco. \u00c9l trabaj\u00f3 32 a\u00f1os en la oficina de Correos y Tel\u00e9grafos del centro de instrucci\u00f3n y en el a\u00f1o 2001 public\u00f3 el libro sobre esta instituci\u00f3n titulado \u2018Santa Ana, 40 a\u00f1os de historia\u2019. Natural de Herv\u00e1s, pas\u00f3 [&hellip;]<!-- AddThis Advanced Settings generic via filter on get_the_excerpt --><!-- AddThis Share Buttons generic via filter on get_the_excerpt --><\/p>\n","protected":false},"author":52,"featured_media":0,"comment_status":"open","ping_status":"closed","sticky":false,"template":"","format":"standard","meta":[],"categories":[2],"tags":[65,81,161,285,442,515,571,676,727,875,892,996],"_links":{"self":[{"href":"https:\/\/blogs.hoy.es\/dicestudemili\/wp-json\/wp\/v2\/posts\/499"}],"collection":[{"href":"https:\/\/blogs.hoy.es\/dicestudemili\/wp-json\/wp\/v2\/posts"}],"about":[{"href":"https:\/\/blogs.hoy.es\/dicestudemili\/wp-json\/wp\/v2\/types\/post"}],"author":[{"embeddable":true,"href":"https:\/\/blogs.hoy.es\/dicestudemili\/wp-json\/wp\/v2\/users\/52"}],"replies":[{"embeddable":true,"href":"https:\/\/blogs.hoy.es\/dicestudemili\/wp-json\/wp\/v2\/comments?post=499"}],"version-history":[{"count":0,"href":"https:\/\/blogs.hoy.es\/dicestudemili\/wp-json\/wp\/v2\/posts\/499\/revisions"}],"wp:attachment":[{"href":"https:\/\/blogs.hoy.es\/dicestudemili\/wp-json\/wp\/v2\/media?parent=499"}],"wp:term":[{"taxonomy":"category","embeddable":true,"href":"https:\/\/blogs.hoy.es\/dicestudemili\/wp-json\/wp\/v2\/categories?post=499"},{"taxonomy":"post_tag","embeddable":true,"href":"https:\/\/blogs.hoy.es\/dicestudemili\/wp-json\/wp\/v2\/tags?post=499"}],"curies":[{"name":"wp","href":"https:\/\/api.w.org\/{rel}","templated":true}]}}