{"id":50,"date":"2012-11-07T08:08:06","date_gmt":"2012-11-07T08:08:06","guid":{"rendered":"http:\/\/blogs.hoy.es\/dicestudemili\/?p=50"},"modified":"2012-11-07T08:08:06","modified_gmt":"2012-11-07T08:08:06","slug":"corte-de-pelo","status":"publish","type":"post","link":"https:\/\/blogs.hoy.es\/dicestudemili\/2012\/11\/07\/corte-de-pelo\/","title":{"rendered":"Corte de pelo"},"content":{"rendered":"<p>Una de las primeras reglas a las que se ten\u00eda que someter el recluta era al corte de pelo que igualaba m\u00e1s a todos. Se cumpl\u00eda casi a la vez que ponerse el uniforme, que se recog\u00eda en el Cuartel Infanta Isabel, junto a la Plaza de Toros.<\/p>\n<p>&nbsp;<\/p>\n<div id=\"attachment_467\" style=\"width: 638px\" class=\"wp-caption aligncenter\"><a href=\"\/dicestudemili\/wp-content\/uploads\/sites\/57\/2012\/11\/Peluquero-en-acci\u00f3n1.jpg\"><img aria-describedby=\"caption-attachment-467\" loading=\"lazy\" class=\"size-full wp-image-467\" title=\"Peluquero en acci\u00f3n en 1973. La fotograf\u00eda es de Juan Guerrero.\" src=\"\/dicestudemili\/wp-content\/uploads\/sites\/57\/2012\/11\/Peluquero-en-acci\u00f3n1.jpg\" alt=\"Peluquero en acci\u00f3n en 1973. La fotograf\u00eda es de Juan Guerrero.\" width=\"628\" height=\"892\" srcset=\"https:\/\/static-blogs.hoy.es\/wp-content\/uploads\/sites\/57\/2012\/11\/Peluquero-en-acci\u00f3n1.jpg 628w, https:\/\/static-blogs.hoy.es\/wp-content\/uploads\/sites\/57\/2012\/11\/Peluquero-en-acci\u00f3n1-211x300.jpg 211w\" sizes=\"(max-width: 628px) 100vw, 628px\" \/><\/a><p id=\"caption-attachment-467\" class=\"wp-caption-text\">Peluquero en acci\u00f3n en 1973. La fotograf\u00eda es de Juan Guerrero.<\/p><\/div>\n<p>&nbsp;<\/p>\n<p>&nbsp;<\/p>\n<!-- AddThis Advanced Settings generic via filter on the_content --><!-- AddThis Share Buttons generic via filter on the_content -->","protected":false},"excerpt":{"rendered":"<p>Una de las primeras reglas a las que se ten\u00eda que someter el recluta era al corte de pelo que igualaba m\u00e1s a todos. Se cumpl\u00eda casi a la vez que ponerse el uniforme, que se recog\u00eda en el Cuartel Infanta Isabel, junto a la Plaza de Toros. &nbsp; &nbsp; &nbsp;<!-- AddThis Advanced Settings generic via filter on get_the_excerpt --><!-- AddThis Share Buttons generic via filter on get_the_excerpt --><\/p>\n","protected":false},"author":52,"featured_media":0,"comment_status":"open","ping_status":"closed","sticky":false,"template":"","format":"standard","meta":[],"categories":[2],"tags":[407,412,912],"_links":{"self":[{"href":"https:\/\/blogs.hoy.es\/dicestudemili\/wp-json\/wp\/v2\/posts\/50"}],"collection":[{"href":"https:\/\/blogs.hoy.es\/dicestudemili\/wp-json\/wp\/v2\/posts"}],"about":[{"href":"https:\/\/blogs.hoy.es\/dicestudemili\/wp-json\/wp\/v2\/types\/post"}],"author":[{"embeddable":true,"href":"https:\/\/blogs.hoy.es\/dicestudemili\/wp-json\/wp\/v2\/users\/52"}],"replies":[{"embeddable":true,"href":"https:\/\/blogs.hoy.es\/dicestudemili\/wp-json\/wp\/v2\/comments?post=50"}],"version-history":[{"count":0,"href":"https:\/\/blogs.hoy.es\/dicestudemili\/wp-json\/wp\/v2\/posts\/50\/revisions"}],"wp:attachment":[{"href":"https:\/\/blogs.hoy.es\/dicestudemili\/wp-json\/wp\/v2\/media?parent=50"}],"wp:term":[{"taxonomy":"category","embeddable":true,"href":"https:\/\/blogs.hoy.es\/dicestudemili\/wp-json\/wp\/v2\/categories?post=50"},{"taxonomy":"post_tag","embeddable":true,"href":"https:\/\/blogs.hoy.es\/dicestudemili\/wp-json\/wp\/v2\/tags?post=50"}],"curies":[{"name":"wp","href":"https:\/\/api.w.org\/{rel}","templated":true}]}}