{"id":511,"date":"2013-01-04T08:07:38","date_gmt":"2013-01-04T08:07:38","guid":{"rendered":"http:\/\/blogs.hoy.es\/dicestudemili\/?p=511"},"modified":"2013-01-04T08:07:38","modified_gmt":"2013-01-04T08:07:38","slug":"1978-la-mili-de-gallego-el-jugador-del-real-madrid-y-ya-se-habla-del-cierre-del-cefot","status":"publish","type":"post","link":"https:\/\/blogs.hoy.es\/dicestudemili\/2013\/01\/04\/1978-la-mili-de-gallego-el-jugador-del-real-madrid-y-ya-se-habla-del-cierre-del-cefot\/","title":{"rendered":"1978: La mili de Gallego, el jugador del Real Madrid, y ya se habla del cierre del Cefot"},"content":{"rendered":"<div id=\"attachment_512\" style=\"width: 691px\" class=\"wp-caption aligncenter\"><a href=\"\/dicestudemili\/wp-content\/uploads\/sites\/57\/2013\/01\/1978.-CACERES.-TRASLADO-DE-LA-ENSE\u00d1A-NACIONAL-A-SU-PUESTO-EN.jpg\"><img aria-describedby=\"caption-attachment-512\" loading=\"lazy\" class=\" wp-image-512 \" title=\"Traslado de la bandera de Espa\u00f1a en una jura de 1978.\" src=\"\/dicestudemili\/wp-content\/uploads\/sites\/57\/2013\/01\/1978.-CACERES.-TRASLADO-DE-LA-ENSE\u00d1A-NACIONAL-A-SU-PUESTO-EN.jpg\" alt=\"Traslado de la bandera de Espa\u00f1a en una jura de 1978.\" width=\"681\" height=\"477\" srcset=\"https:\/\/static-blogs.hoy.es\/wp-content\/uploads\/sites\/57\/2013\/01\/1978.-CACERES.-TRASLADO-DE-LA-ENSE\u00d1A-NACIONAL-A-SU-PUESTO-EN.jpg 851w, https:\/\/static-blogs.hoy.es\/wp-content\/uploads\/sites\/57\/2013\/01\/1978.-CACERES.-TRASLADO-DE-LA-ENSE\u00d1A-NACIONAL-A-SU-PUESTO-EN-300x210.jpg 300w, https:\/\/static-blogs.hoy.es\/wp-content\/uploads\/sites\/57\/2013\/01\/1978.-CACERES.-TRASLADO-DE-LA-ENSE\u00d1A-NACIONAL-A-SU-PUESTO-EN-768x538.jpg 768w\" sizes=\"(max-width: 681px) 100vw, 681px\" \/><\/a><p id=\"caption-attachment-512\" class=\"wp-caption-text\">Traslado de la bandera de Espa\u00f1a en una jura de 1978.<\/p><\/div>\n<p>Muchos piensan que las noticias sobre el cierre del centro de instrucci\u00f3n de C\u00e1ceres son de hace poco tiempo; pero no, ya en 1978, \u00a1 hace 35 a\u00f1os!, se le\u00eda una noticia en HOY con el siguiente subt\u00edtulo:<strong> &#8220;El CIR de C\u00e1ceres no desaparece&#8221;<\/strong>. El periodista <strong>Fernando Garc\u00eda Morales<\/strong> entrevistaba al reci\u00e9n nombrado coronel Jefe del CIR,<strong> Federico Acevedo Laborda<\/strong>, pregunt\u00e1ndole sobre el rumor de que ya no habr\u00eda m\u00e1s juras de bandera y que el centro de instrucci\u00f3n de C\u00e1ceres se cerraba.\u00a0 El coronel se\u00f1alaba que todo parec\u00eda indicar que las juras ya no se har\u00edan en los CIR sino en las unidades donde fueran destinados los soldados. Estaba previsto que el tiempo de instrucci\u00f3n disminuyera, pero en vez de cuatro llamamientos cada a\u00f1o, habr\u00eda ocho, &#8220;<em>el n\u00famero de reclutas<\/em> &#8211; dec\u00eda -, <em>ser\u00e1 ligeramente menor, aunque a final de a\u00f1o habr\u00e1n pasado casi un 50 por ciento m\u00e1s de los que ahora pasan&#8221;<\/em>. El coronel aseguraba que si el CIR de C\u00e1ceres desapareciera, &#8220;<em>este lugar ser\u00eda ocupado por unas unidades tipo brigadas especializadas: mecanizadas o paracaidistas, o aerotransportadas, que ocupar\u00edan el sitio que ahora ocupa el CIR, que es muy bueno<\/em>&#8220;.<\/p>\n<p>Hace 35 a\u00f1os el periodista Garc\u00eda Morales ya se lamentaba de lo que el cierre del centro supondr\u00eda para C\u00e1ceres: \u201c<em>Es una de las instituciones que deja m\u00e1s dinero en la ciudad y lo deja de la mejor manera: entre taxistas, establecimientos y peque\u00f1os industriales que de alg\u00fan modo sirven al CIR y reciben un indudable beneficio por ello. Pero no es s\u00f3lo es el aspecto que pudi\u00e9ramos llamar interesado el que priva en este cari\u00f1o al CIR; hay otros que pudi\u00e9ramos llamar rom\u00e1nticos, pues nadie duda que la presencia de 4.000 j\u00f3venes, suscita el inter\u00e9s de las jovencitas cacere\u00f1as<\/em>\u201d.<\/p>\n<p>&nbsp;<\/p>\n<div id=\"attachment_513\" style=\"width: 654px\" class=\"wp-caption aligncenter\"><a href=\"\/dicestudemili\/wp-content\/uploads\/sites\/57\/2013\/01\/1978-diciembre-copia.jpg\"><img aria-describedby=\"caption-attachment-513\" loading=\"lazy\" class=\" wp-image-513  \" title=\"Noticia en HOY sobre el cierre del CIR hace 35 a\u00f1os.\" src=\"\/dicestudemili\/wp-content\/uploads\/sites\/57\/2013\/01\/1978-diciembre-copia.jpg\" alt=\"Noticia en HOY sobre el cierre del CIR hace 35 a\u00f1os.\" width=\"644\" height=\"320\" srcset=\"https:\/\/static-blogs.hoy.es\/wp-content\/uploads\/sites\/57\/2013\/01\/1978-diciembre-copia.jpg 794w, https:\/\/static-blogs.hoy.es\/wp-content\/uploads\/sites\/57\/2013\/01\/1978-diciembre-copia-300x149.jpg 300w, https:\/\/static-blogs.hoy.es\/wp-content\/uploads\/sites\/57\/2013\/01\/1978-diciembre-copia-768x381.jpg 768w\" sizes=\"(max-width: 644px) 100vw, 644px\" \/><\/a><p id=\"caption-attachment-513\" class=\"wp-caption-text\">Noticia en HOY sobre el cierre del CIR hace 35 a\u00f1os.<\/p><\/div>\n<p>&nbsp;<\/p>\n<p>La relaci\u00f3n del Ayuntamiento con el Ej\u00e9rcito es tan buena, que la corporaci\u00f3n municipal decide este a\u00f1o publicar un libro con las arengas del <strong>coronel Rodr\u00edguez de Miguel<\/strong>, que estuvo al mando del centro de instrucci\u00f3n desde 1973 a 1977. Se edit\u00f3 en Madrid, con fotograf\u00edas en color. La tirada fue de 2.000 ejemplares estando prologada la obra por el alcalde de la ciudad <strong>Manuel L\u00f3pez y L\u00f3pez<\/strong>. En un art\u00edculo de opini\u00f3n escrito en HOY por <strong>Valeriano Guti\u00e9rrez Mac\u00edas<\/strong>, \u00e9ste alababa la oratoria del militar toledano que tanto hizo por mejorar el CIR de C\u00e1ceres. Comentaba que sus arengas en las juras de bandera cumpl\u00edan con lo estipulado por el escritor militar <strong>Francisco Villamart\u00edn<\/strong>: <em>\u201cLa oratoria militar ha de ser clara, vehemente desde la primera palabra; se debe usar el idioma de las pasiones y no el de la fr\u00eda raz\u00f3n; se debe conmover y no aspirar a convencer; hablar con cierto fatalismo, porque la multitud es siempre fatalista; ser m\u00e1s poeta que fil\u00f3sofo<\/em>\u201d.<\/p>\n<p>&nbsp;<\/p>\n<div id=\"attachment_514\" style=\"width: 637px\" class=\"wp-caption aligncenter\"><a href=\"\/dicestudemili\/wp-content\/uploads\/sites\/57\/2013\/01\/1978.-CACERES.-DESPEDIDA-DEL-GENERAL-GOMEZ-DE-SALAZAR-EN-LA-J.jpg\"><img aria-describedby=\"caption-attachment-514\" loading=\"lazy\" class=\"size-full wp-image-514\" title=\"Despedida del general G\u00f3mez de Salazar a los mandos del CIR en 1978.\" src=\"\/dicestudemili\/wp-content\/uploads\/sites\/57\/2013\/01\/1978.-CACERES.-DESPEDIDA-DEL-GENERAL-GOMEZ-DE-SALAZAR-EN-LA-J.jpg\" alt=\"Despedida del general G\u00f3mez de Salazar a los mandos del CIR en 1978.\" width=\"627\" height=\"821\" srcset=\"https:\/\/static-blogs.hoy.es\/wp-content\/uploads\/sites\/57\/2013\/01\/1978.-CACERES.-DESPEDIDA-DEL-GENERAL-GOMEZ-DE-SALAZAR-EN-LA-J.jpg 627w, https:\/\/static-blogs.hoy.es\/wp-content\/uploads\/sites\/57\/2013\/01\/1978.-CACERES.-DESPEDIDA-DEL-GENERAL-GOMEZ-DE-SALAZAR-EN-LA-J-229x300.jpg 229w\" sizes=\"(max-width: 627px) 100vw, 627px\" \/><\/a><p id=\"caption-attachment-514\" class=\"wp-caption-text\">Despedida del general G\u00f3mez de Salazar a los mandos del CIR de C\u00e1ceres en 1978.<\/p><\/div>\n<p>En el <strong>blog Historias del Pardo<\/strong> hay varios comentarios de reclutas que hicieron la mili en C\u00e1ceres ese a\u00f1o. Un tal <strong>Javier<\/strong> dice <em>\u201cyo estuve en la 9\u00aa compa\u00f1\u00eda. Me incorpor\u00e9 el 10 de enero de 1978. Despu\u00e9s de jurar bandera me qued\u00e9 all\u00ed mismo en el Hogar del Soldado (cantina) hasta marzo del 79&#8243;<\/em>.<\/p>\n<p>Le responde un compa\u00f1ero, <em>\u201chola Javier, yo tambi\u00e9n estuve all\u00ed en el 1978 en abril, y en junio ingres\u00e9 en la cantina. Soy <strong>Antonio de Sevilla<\/strong>. Estaba en la misma secci\u00f3n que t\u00fa, en bebidas. Tambi\u00e9n estaba uno de <strong>Badajoz<\/strong> llamado <strong>Porro<\/strong>. Tambi\u00e9n me acuerdo de un ma\u00f1o, de <strong>Vici\u00e9n<\/strong>, llamado <strong>Antonio Lacardas Breto<\/strong>; y de un buen amigo de <strong>Talayuela<\/strong> (C\u00e1ceres) llamado <strong>Alejandro<\/strong>, y de nuestro <strong>teniente Prieto<\/strong>. Un abrazo a todos los que serv\u00ed all\u00ed unas cervezas\u201d<\/em>.<\/p>\n<p><strong>Antonio Castillo<\/strong> deja este comentario: <em>\u201cYo estuve en abril del 78 en la octava, ya sabemos \u2018la m\u00e1s brava\u2019. Pas\u00e9 buenos y malos ratos, pero creo que me adapt\u00e9 sin problemas y consegu\u00ed hacer la litera sin que me arrestasen. Por cierto, fui compa\u00f1ero de taquilla y litera de un tal <strong>Gallego<\/strong>, que por aquellos tiempos era jugador del <strong>Castilla<\/strong> y posteriormente triunf\u00f3 en el <strong>Real Madrid<\/strong> y en la <strong>Selecci\u00f3n<\/strong>. Tambi\u00e9n me acuerdo de un \u2018foll\u00f3n\u2019 que se mont\u00f3 entre los auxiliares y los compa\u00f1eros que \u00e9ramos de Madrid la noche anterior a la Jura, pero el asunto no pas\u00f3 a mayores. Posteriormente me destinaron al <strong>Ceseden<\/strong> en <strong>Madrid<\/strong>, pero los mejores recuerdos los tengo del <strong>CIR Santa Ana<\/strong>. En fin, encantado de intercambiar recuerdos con vosotros de un tiempo que forma parte de nuestras vidas, posiblemente en la mejor edad del ser humano. Abrazos\u201d<\/em>.<\/p>\n<div id=\"attachment_515\" style=\"width: 158px\" class=\"wp-caption alignleft\"><a href=\"\/dicestudemili\/wp-content\/uploads\/sites\/57\/2013\/01\/Gallego.jpg\"><img aria-describedby=\"caption-attachment-515\" loading=\"lazy\" class=\"size-full wp-image-515\" title=\"Ricardo Gallego\" src=\"\/dicestudemili\/wp-content\/uploads\/sites\/57\/2013\/01\/Gallego.jpg\" alt=\"Ricardo Gallego\" width=\"148\" height=\"220\" \/><\/a><p id=\"caption-attachment-515\" class=\"wp-caption-text\">Ricardo Gallego<\/p><\/div>\n<p>&nbsp;<\/p>\n<p><strong>Ricardo Gallego<\/strong> naci\u00f3 en Madrid el 8 de febrero de 1959, por lo que tendr\u00eda 19 a\u00f1os cuando hizo la mili en C\u00e1ceres. Debut\u00f3 en el <strong>Real Madrid<\/strong> en 1980 y se retir\u00f3 en 1992. Jugaba de l\u00edbero o medio centro. Visti\u00f3 la camiseta de la Selecci\u00f3n Espa\u00f1ola en 42 partidos internacionales.<\/p>\n<p>&nbsp;<\/p>\n<p>&nbsp;<\/p>\n<p>&nbsp;<\/p>\n<p>&nbsp;<\/p>\n<p>&nbsp;<\/p>\n<p>&nbsp;<\/p>\n<p>Una persona que en el blog \u00a0Historias de El Pardo firma como <strong>Josep \u2013Lleida Catalunya-<\/strong> dice: <em>\u201cYo soy del tercer reemplazo del 78. Estuve en la quinta compa\u00f1\u00eda, que se llamaba <strong>Escorpi\u00f3n<\/strong>. El capit\u00e1n, muy buena persona, se llamaba <strong>Blanco Pastor<\/strong>. Hac\u00eda much\u00edsimo calor, los s\u00e1bados por la tarde nos mandaban a la sierra para hacer cortafuegos, y llevaban una camioneta de refrescos que ten\u00edas que pagar para beber, a no ser que bebieras agua caliente. Siempre buscando hacer dinero con los reclutas\u2026, a saber de qui\u00e9n era la \u2018poller\u00eda\u2019. Pero tampoco estuve tan mal, a pesar de haber perdido el tiempo miserablemente\u201d<\/em>.<\/p>\n<p>Un comentario an\u00f3nimo indica:<em> \u201cLlegu\u00e9 a Santa Ana en abril del 78, pas\u00e9 tres meses en la 8\u00aa Compa\u00f1\u00eda, meses que me pas\u00f3 casi de todo, momentos buenos y malos; pero ahora, visto desde la perspectiva que da la edad, a\u00f1oro los buenos amigos que hice, a la novia que me dej\u00f3 a la semana de estar all\u00ed, a la poller\u00eda, a esos autocares cutres que nos llevaban de regreso a Madrid, etc\u2026 Si hay alguno que coincidiese conmigo en la 8\u00aa en aquella \u00e9poca, me gustar\u00eda recordar viejos tiempos. Ya sab\u00e9is: \u2018La octava es la m\u00e1s brava\u2026\u2019\u201d.<\/em><\/p>\n<p><strong>Jos\u00e9 Luis<\/strong> env\u00eda a este blog dos fotograf\u00eda con este texto:<em> &#8220;Soldados de la 8\u00aa Compa\u00f1\u00eda en el verano del 78. Aunque en aquella \u00e9poca ya exist\u00edan fotos en color, eran pocos y afortunados los que las ten\u00edan. No sab\u00eda cu\u00e1nto iba a influir en mi vida este Campamento y la ciudad de C\u00e1ceres. Quisiera hablar sobre <strong>Santamar\u00eda<\/strong>, gran persona a la que siempre he apreciado mucho; <strong>Margallo<\/strong>, gran deportista que hac\u00eda ver las cosas m\u00e1s relativas y que ha estado en los momentos justos; <strong>Belisario<\/strong>, gran instituci\u00f3n y admirado por todos. El resto, compa\u00f1eros que puede que marc\u00e1semos la \u00e9poca en los 80. Un abrazo&#8221;<\/em><\/p>\n<p>&nbsp;<\/p>\n<div id=\"attachment_1644\" style=\"width: 534px\" class=\"wp-caption aligncenter\"><a href=\"\/dicestudemili\/wp-content\/uploads\/sites\/57\/2013\/01\/1978.jpg\"><img aria-describedby=\"caption-attachment-1644\" loading=\"lazy\" class=\"size-full wp-image-1644\" title=\"Tres miembros de la 8\u00aa Compa\u00f1\u00eda en el verano de 1978.\" src=\"\/dicestudemili\/wp-content\/uploads\/sites\/57\/2013\/01\/1978.jpg\" alt=\"Tres miembros de la 8\u00aa Compa\u00f1\u00eda en el verano de 1978.\" width=\"524\" height=\"688\" srcset=\"https:\/\/static-blogs.hoy.es\/wp-content\/uploads\/sites\/57\/2013\/01\/1978.jpg 524w, https:\/\/static-blogs.hoy.es\/wp-content\/uploads\/sites\/57\/2013\/01\/1978-228x300.jpg 228w\" sizes=\"(max-width: 524px) 100vw, 524px\" \/><\/a><p id=\"caption-attachment-1644\" class=\"wp-caption-text\">Tres miembros de la 8\u00aa Compa\u00f1\u00eda en el verano de 1978.<\/p><\/div>\n<p>&nbsp;<\/p>\n<div id=\"attachment_1788\" style=\"width: 529px\" class=\"wp-caption aligncenter\"><a href=\"\/dicestudemili\/wp-content\/uploads\/sites\/57\/2013\/01\/78.jpg\"><img aria-describedby=\"caption-attachment-1788\" loading=\"lazy\" class=\" wp-image-1788 \" title=\"El viejo tanque era uno de los lugares en los que los reclutas se hac\u00edan m\u00e1s fotograf\u00edas.\" src=\"\/dicestudemili\/wp-content\/uploads\/sites\/57\/2013\/01\/78.jpg\" alt=\"El viejo tanque era uno de los lugares en los que los reclutas se hac\u00edan m\u00e1s fotograf\u00edas.\" width=\"519\" height=\"669\" srcset=\"https:\/\/static-blogs.hoy.es\/wp-content\/uploads\/sites\/57\/2013\/01\/78.jpg 577w, https:\/\/static-blogs.hoy.es\/wp-content\/uploads\/sites\/57\/2013\/01\/78-233x300.jpg 233w\" sizes=\"(max-width: 519px) 100vw, 519px\" \/><\/a><p id=\"caption-attachment-1788\" class=\"wp-caption-text\">El viejo tanque era uno de los lugares en los que los reclutas se hac\u00edan m\u00e1s fotograf\u00edas.<\/p><\/div>\n<p>&nbsp;<\/p>\n<p>&nbsp;<\/p>\n<!-- AddThis Advanced Settings generic via filter on the_content --><!-- AddThis Share Buttons generic via filter on the_content -->","protected":false},"excerpt":{"rendered":"<p>Muchos piensan que las noticias sobre el cierre del centro de instrucci\u00f3n de C\u00e1ceres son de hace poco tiempo; pero no, ya en 1978, \u00a1 hace 35 a\u00f1os!, se le\u00eda una noticia en HOY con el siguiente subt\u00edtulo: &#8220;El CIR de C\u00e1ceres no desaparece&#8221;. El periodista Fernando Garc\u00eda Morales entrevistaba al reci\u00e9n nombrado coronel Jefe [&hellip;]<!-- AddThis Advanced Settings generic via filter on get_the_excerpt --><!-- AddThis Share Buttons generic via filter on get_the_excerpt --><\/p>\n","protected":false},"author":52,"featured_media":0,"comment_status":"open","ping_status":"closed","sticky":false,"template":"","format":"standard","meta":[],"categories":[3],"tags":[90,100,133,195,226,404,489,508,537,795,804,842,966,982,1008,1048,1128],"_links":{"self":[{"href":"https:\/\/blogs.hoy.es\/dicestudemili\/wp-json\/wp\/v2\/posts\/511"}],"collection":[{"href":"https:\/\/blogs.hoy.es\/dicestudemili\/wp-json\/wp\/v2\/posts"}],"about":[{"href":"https:\/\/blogs.hoy.es\/dicestudemili\/wp-json\/wp\/v2\/types\/post"}],"author":[{"embeddable":true,"href":"https:\/\/blogs.hoy.es\/dicestudemili\/wp-json\/wp\/v2\/users\/52"}],"replies":[{"embeddable":true,"href":"https:\/\/blogs.hoy.es\/dicestudemili\/wp-json\/wp\/v2\/comments?post=511"}],"version-history":[{"count":0,"href":"https:\/\/blogs.hoy.es\/dicestudemili\/wp-json\/wp\/v2\/posts\/511\/revisions"}],"wp:attachment":[{"href":"https:\/\/blogs.hoy.es\/dicestudemili\/wp-json\/wp\/v2\/media?parent=511"}],"wp:term":[{"taxonomy":"category","embeddable":true,"href":"https:\/\/blogs.hoy.es\/dicestudemili\/wp-json\/wp\/v2\/categories?post=511"},{"taxonomy":"post_tag","embeddable":true,"href":"https:\/\/blogs.hoy.es\/dicestudemili\/wp-json\/wp\/v2\/tags?post=511"}],"curies":[{"name":"wp","href":"https:\/\/api.w.org\/{rel}","templated":true}]}}