{"id":531,"date":"2013-01-07T10:07:09","date_gmt":"2013-01-07T10:07:09","guid":{"rendered":"http:\/\/blogs.hoy.es\/dicestudemili\/?p=531"},"modified":"2013-01-07T10:07:09","modified_gmt":"2013-01-07T10:07:09","slug":"la-cancion-del-campamento-santa-ana","status":"publish","type":"post","link":"https:\/\/blogs.hoy.es\/dicestudemili\/2013\/01\/07\/la-cancion-del-campamento-santa-ana\/","title":{"rendered":"La canci\u00f3n del Campamento Santa Ana"},"content":{"rendered":"<div id=\"attachment_532\" style=\"width: 665px\" class=\"wp-caption aligncenter\"><a href=\"\/dicestudemili\/wp-content\/uploads\/sites\/57\/2013\/01\/instrucci\u00f3n.jpg\"><img aria-describedby=\"caption-attachment-532\" loading=\"lazy\" class=\" wp-image-532  \" title=\"Haciendo la instrucci\u00f3n en el Campamento Santa Ana.\" src=\"\/dicestudemili\/wp-content\/uploads\/sites\/57\/2013\/01\/instrucci\u00f3n.jpg\" alt=\"Haciendo la instrucci\u00f3n en el Campamento Santa Ana.\" width=\"655\" height=\"440\" srcset=\"https:\/\/static-blogs.hoy.es\/wp-content\/uploads\/sites\/57\/2013\/01\/instrucci\u00f3n.jpg 1159w, https:\/\/static-blogs.hoy.es\/wp-content\/uploads\/sites\/57\/2013\/01\/instrucci\u00f3n-300x201.jpg 300w, https:\/\/static-blogs.hoy.es\/wp-content\/uploads\/sites\/57\/2013\/01\/instrucci\u00f3n-768x516.jpg 768w, https:\/\/static-blogs.hoy.es\/wp-content\/uploads\/sites\/57\/2013\/01\/instrucci\u00f3n-1024x687.jpg 1024w\" sizes=\"(max-width: 655px) 100vw, 655px\" \/><\/a><p id=\"caption-attachment-532\" class=\"wp-caption-text\">Haciendo la instrucci\u00f3n en el Campamento Santa Ana.<\/p><\/div>\n<p>&nbsp;<\/p>\n<p>En la p\u00e1gina web <strong>www.amigosdelamili.com<\/strong>, varias personas que hicieron el servicio militar obligatorio en C\u00e1ceres intentaban acordarse de una canci\u00f3n que se cantaba en el Campamento Santa Ana. El que m\u00e1s recordaba la letra era <strong>Jos\u00e9 Antonio Salgado<\/strong>, que estuvo de recluta en C\u00e1ceres en <strong>1981<\/strong>.<\/p>\n<p>Esto es de lo que se acordaba:<\/p>\n<p>&nbsp;<\/p>\n<p>Campamento Santa Ana<\/p>\n<p>Campamento Santa Ana<\/p>\n<p>matadero de reclutas.<\/p>\n<p>Los que vayan para enero<\/p>\n<p>los que vayan para enero<\/p>\n<p>las van a pasar muy putas.<\/p>\n<p>Los que vayan pa&#8217; febrero<\/p>\n<p>los que vayan pa&#8217; febrero<\/p>\n<p>las van a pasar peor,<\/p>\n<p>y los que vayan para marzo<\/p>\n<p>de esos ya me encargo yo.<\/p>\n<p>&nbsp;<\/p>\n<p>Quinto peluso<\/p>\n<p>no llores m\u00e1s, no llores m\u00e1s<\/p>\n<p>mira tu padre, mira tu madre<\/p>\n<p>que alegres van.<\/p>\n<p>&nbsp;<\/p>\n<p>Seg\u00fan un testimonio recogido en este blog de una persona que fue recluta en C\u00e1ceres en 1966, la canci\u00f3n ya se cantaba por entonces.<\/p>\n<p>&nbsp;<\/p>\n<!-- AddThis Advanced Settings generic via filter on the_content --><!-- AddThis Share Buttons generic via filter on the_content -->","protected":false},"excerpt":{"rendered":"<p>&nbsp; En la p\u00e1gina web www.amigosdelamili.com, varias personas que hicieron el servicio militar obligatorio en C\u00e1ceres intentaban acordarse de una canci\u00f3n que se cantaba en el Campamento Santa Ana. El que m\u00e1s recordaba la letra era Jos\u00e9 Antonio Salgado, que estuvo de recluta en C\u00e1ceres en 1981. Esto es de lo que se acordaba: &nbsp; [&hellip;]<!-- AddThis Advanced Settings generic via filter on get_the_excerpt --><!-- AddThis Share Buttons generic via filter on get_the_excerpt --><\/p>\n","protected":false},"author":52,"featured_media":0,"comment_status":"open","ping_status":"closed","sticky":false,"template":"","format":"standard","meta":[],"categories":[2],"tags":[211,215,673],"_links":{"self":[{"href":"https:\/\/blogs.hoy.es\/dicestudemili\/wp-json\/wp\/v2\/posts\/531"}],"collection":[{"href":"https:\/\/blogs.hoy.es\/dicestudemili\/wp-json\/wp\/v2\/posts"}],"about":[{"href":"https:\/\/blogs.hoy.es\/dicestudemili\/wp-json\/wp\/v2\/types\/post"}],"author":[{"embeddable":true,"href":"https:\/\/blogs.hoy.es\/dicestudemili\/wp-json\/wp\/v2\/users\/52"}],"replies":[{"embeddable":true,"href":"https:\/\/blogs.hoy.es\/dicestudemili\/wp-json\/wp\/v2\/comments?post=531"}],"version-history":[{"count":0,"href":"https:\/\/blogs.hoy.es\/dicestudemili\/wp-json\/wp\/v2\/posts\/531\/revisions"}],"wp:attachment":[{"href":"https:\/\/blogs.hoy.es\/dicestudemili\/wp-json\/wp\/v2\/media?parent=531"}],"wp:term":[{"taxonomy":"category","embeddable":true,"href":"https:\/\/blogs.hoy.es\/dicestudemili\/wp-json\/wp\/v2\/categories?post=531"},{"taxonomy":"post_tag","embeddable":true,"href":"https:\/\/blogs.hoy.es\/dicestudemili\/wp-json\/wp\/v2\/tags?post=531"}],"curies":[{"name":"wp","href":"https:\/\/api.w.org\/{rel}","templated":true}]}}