{"id":537,"date":"2013-01-09T07:02:16","date_gmt":"2013-01-09T07:02:16","guid":{"rendered":"http:\/\/blogs.hoy.es\/dicestudemili\/?p=537"},"modified":"2013-01-09T07:02:16","modified_gmt":"2013-01-09T07:02:16","slug":"1979-1-pasando-revista-a-la-tropa-en-jeep","status":"publish","type":"post","link":"https:\/\/blogs.hoy.es\/dicestudemili\/2013\/01\/09\/1979-1-pasando-revista-a-la-tropa-en-jeep\/","title":{"rendered":"1979 (1): Pasando revista a la tropa en jeep"},"content":{"rendered":"<div id=\"attachment_538\" style=\"width: 673px\" class=\"wp-caption aligncenter\"><a href=\"\/dicestudemili\/wp-content\/uploads\/sites\/57\/2013\/01\/1979.-CACERES.-EL-CORONEL-RODRIGUEZ-DE-LA-PE\u00d1A-REVISTANDO-LA.jpg\"><img aria-describedby=\"caption-attachment-538\" loading=\"lazy\" class=\" wp-image-538   \" title=\"El coronel Rodr\u00edguez de la Pe\u00f1a pasando revista.\" src=\"\/dicestudemili\/wp-content\/uploads\/sites\/57\/2013\/01\/1979.-CACERES.-EL-CORONEL-RODRIGUEZ-DE-LA-PE\u00d1A-REVISTANDO-LA.jpg\" alt=\"El coronel Rodr\u00edguez de la Pe\u00f1a pasando revista.\" width=\"663\" height=\"384\" srcset=\"https:\/\/static-blogs.hoy.es\/wp-content\/uploads\/sites\/57\/2013\/01\/1979.-CACERES.-EL-CORONEL-RODRIGUEZ-DE-LA-PE\u00d1A-REVISTANDO-LA.jpg 1043w, https:\/\/static-blogs.hoy.es\/wp-content\/uploads\/sites\/57\/2013\/01\/1979.-CACERES.-EL-CORONEL-RODRIGUEZ-DE-LA-PE\u00d1A-REVISTANDO-LA-300x174.jpg 300w, https:\/\/static-blogs.hoy.es\/wp-content\/uploads\/sites\/57\/2013\/01\/1979.-CACERES.-EL-CORONEL-RODRIGUEZ-DE-LA-PE\u00d1A-REVISTANDO-LA-768x445.jpg 768w, https:\/\/static-blogs.hoy.es\/wp-content\/uploads\/sites\/57\/2013\/01\/1979.-CACERES.-EL-CORONEL-RODRIGUEZ-DE-LA-PE\u00d1A-REVISTANDO-LA-1024x593.jpg 1024w\" sizes=\"(max-width: 663px) 100vw, 663px\" \/><\/a><p id=\"caption-attachment-538\" class=\"wp-caption-text\">El coronel Rodr\u00edguez de la Pe\u00f1a pasando revista.<\/p><\/div>\n<p>&nbsp;<\/p>\n<p>En el a\u00f1o 1979 hay cambio en la jefatura del centro de instrucci\u00f3n de C\u00e1ceres. <strong>Manuel Rodr\u00edguez de la Pe\u00f1a<\/strong> pasa a ser el nuevo coronel jefe del CIR, sustituyendo a <strong>Federico Acevedo Laborda<\/strong> que estuvo en este cargo dos a\u00f1os (1978 y 1979).<\/p>\n<p>En la imagen superior, cedida por el <strong>Cefot<\/strong>, se puede ver al nuevo coronel pasando revista a los cientos de reclutas que van a participar en una de las juras de bandera de ese a\u00f1o. Es llamativo ver que para ganar tiempo el coronel pasaba revista montado en un jeep.<\/p>\n<p>En las dos fotograf\u00edas siguientes se ven dos im\u00e1genes de una jura de bandera. En la primea el<strong> teniente coronel Mata Vilches<\/strong> es quien toma juramento a los nuevos soldados, el oficial abanderado es el <strong>teniente Galindo<\/strong>.<\/p>\n<p>&nbsp;<\/p>\n<div id=\"attachment_539\" style=\"width: 605px\" class=\"wp-caption aligncenter\"><a href=\"\/dicestudemili\/wp-content\/uploads\/sites\/57\/2013\/01\/1979.-CACERES.-EL-TENIENTE-CORONEL-ROMERO-VILLARRUBIA-TOMA-JU.jpg\"><img aria-describedby=\"caption-attachment-539\" loading=\"lazy\" class=\" wp-image-539  \" title=\"Tomando juramento a los nuevos soldados.\" src=\"\/dicestudemili\/wp-content\/uploads\/sites\/57\/2013\/01\/1979.-CACERES.-EL-TENIENTE-CORONEL-ROMERO-VILLARRUBIA-TOMA-JU.jpg\" alt=\"Tomando juramento a los nuevos soldados.\" width=\"595\" height=\"460\" srcset=\"https:\/\/static-blogs.hoy.es\/wp-content\/uploads\/sites\/57\/2013\/01\/1979.-CACERES.-EL-TENIENTE-CORONEL-ROMERO-VILLARRUBIA-TOMA-JU.jpg 827w, https:\/\/static-blogs.hoy.es\/wp-content\/uploads\/sites\/57\/2013\/01\/1979.-CACERES.-EL-TENIENTE-CORONEL-ROMERO-VILLARRUBIA-TOMA-JU-300x232.jpg 300w, https:\/\/static-blogs.hoy.es\/wp-content\/uploads\/sites\/57\/2013\/01\/1979.-CACERES.-EL-TENIENTE-CORONEL-ROMERO-VILLARRUBIA-TOMA-JU-768x593.jpg 768w\" sizes=\"(max-width: 595px) 100vw, 595px\" \/><\/a><p id=\"caption-attachment-539\" class=\"wp-caption-text\">Tomando juramento a los nuevos soldados.<\/p><\/div>\n<p>&nbsp;<\/p>\n<div id=\"attachment_540\" style=\"width: 690px\" class=\"wp-caption aligncenter\"><a href=\"\/dicestudemili\/wp-content\/uploads\/sites\/57\/2013\/01\/1979.-CACERES.-FUERZA-EN-FORMACION-A\u00d1O-1979.jpg\"><img aria-describedby=\"caption-attachment-540\" loading=\"lazy\" class=\" wp-image-540  \" title=\"Un momento de los actos de una jura de bandera de este a\u00f1o.\" src=\"\/dicestudemili\/wp-content\/uploads\/sites\/57\/2013\/01\/1979.-CACERES.-FUERZA-EN-FORMACION-A\u00d1O-1979.jpg\" alt=\"Un momento de los actos de una jura de bandera de este a\u00f1o.\" width=\"680\" height=\"475\" srcset=\"https:\/\/static-blogs.hoy.es\/wp-content\/uploads\/sites\/57\/2013\/01\/1979.-CACERES.-FUERZA-EN-FORMACION-A\u00d1O-1979.jpg 945w, https:\/\/static-blogs.hoy.es\/wp-content\/uploads\/sites\/57\/2013\/01\/1979.-CACERES.-FUERZA-EN-FORMACION-A\u00d1O-1979-300x210.jpg 300w, https:\/\/static-blogs.hoy.es\/wp-content\/uploads\/sites\/57\/2013\/01\/1979.-CACERES.-FUERZA-EN-FORMACION-A\u00d1O-1979-768x536.jpg 768w\" sizes=\"(max-width: 680px) 100vw, 680px\" \/><\/a><p id=\"caption-attachment-540\" class=\"wp-caption-text\">Un momento de los actos de una jura de bandera de este a\u00f1o.<\/p><\/div>\n<p>&nbsp;<\/p>\n<p>En <strong>enero de 1979<\/strong>, el d\u00eda 26, el entonces delegado de Cultura en C\u00e1ceres, <strong>Te\u00f3filo Gonz\u00e1lez Porras<\/strong>, ofreci\u00f3 una rueda de prensa para anunciar que el Estado enviaba una partida de 32 millones de pesetas para mejorar la infraestructura cultural de la provincia. La mayor parte del dinero era para conservar patrimonios art\u00edsticos de <strong>Coria<\/strong>, <strong>Valverde de la Vera<\/strong> y <strong>Guadalupe<\/strong>, pero 580.000 pesetas eran destinadas para que el CIR pudiera disponer de amplias bibliotecas y sala de proyecciones de cine.<\/p>\n<p>En la fotograf\u00eda de la noticia , se ve a Te\u00f3filo Gonz\u00e1lez con representantes de medios de comunicaci\u00f3n, entre ellos se encuentran <strong>Pepe Higuero<\/strong> y <strong>Florencio Ba\u00f1eza<\/strong>.<\/p>\n<p>&nbsp;<\/p>\n<div id=\"attachment_541\" style=\"width: 648px\" class=\"wp-caption aligncenter\"><a href=\"\/dicestudemili\/wp-content\/uploads\/sites\/57\/2013\/01\/1979.jpg\"><img aria-describedby=\"caption-attachment-541\" loading=\"lazy\" class=\" wp-image-541 \" title=\"Recorte del Diario HOY con la rueda de prensa de Te\u00f3filo Gonz\u00e1lez Porras.\" src=\"\/dicestudemili\/wp-content\/uploads\/sites\/57\/2013\/01\/1979.jpg\" alt=\"Recorte del Diario HOY con la rueda de prensa de Te\u00f3filo Gonz\u00e1lez Porras.\" width=\"638\" height=\"676\" srcset=\"https:\/\/static-blogs.hoy.es\/wp-content\/uploads\/sites\/57\/2013\/01\/1979.jpg 709w, https:\/\/static-blogs.hoy.es\/wp-content\/uploads\/sites\/57\/2013\/01\/1979-283x300.jpg 283w\" sizes=\"(max-width: 638px) 100vw, 638px\" \/><\/a><p id=\"caption-attachment-541\" class=\"wp-caption-text\">Recorte del Diario HOY con la rueda de prensa de Te\u00f3filo Gonz\u00e1lez Porras.<\/p><\/div>\n<p>&nbsp;<\/p>\n<p>La implicaci\u00f3n del CIR con la ciudad se demostraba con noticias como la del <strong>17 de noviembre de 1979<\/strong>, en la que se se\u00f1alaba que el \u00b4D\u00eda del Familiar&#8217; en el CIR estuvo dedicado a la tercera edad, visitando el Campamento personas que formaban parte de la <strong>Residencia-Hogar y del Pensionista de C\u00e1ceres<\/strong>. Junto con familiares de los reclutas, los pensionistas recorrieron las instalaciones, asistieron a ejercicios de tiro real y a un simulacro del acto de jura de bandera.<\/p>\n<p>Peri\u00f3dicamente se informaba en la prensa regional de las juras de bandera y la repercusi\u00f3n que ten\u00edan en la ciudad. El<strong> 21 de agosto<\/strong> HOY informaba de una jura con 2.141 reclutas, llenando sus familiares los hoteles y pensiones de la ciudad. En el texto de la informaci\u00f3n se pod\u00eda leer: <em>&#8220;El acto, como todos los actos castrenses de este tipo, estuvo abrigado por el calor popular, asistiendo al mismo numerosos familiares y amigos de los reclutas, as\u00ed como p\u00fablico en general que desde el d\u00eda antes ocup\u00f3 todas las plazas de hotel de la capital, teniendo muchos de los asistentes que pasar la noche en sus propios veh\u00edculos&#8221;<\/em>.<\/p>\n<p>&nbsp;<\/p>\n<div id=\"attachment_542\" style=\"width: 645px\" class=\"wp-caption aligncenter\"><a href=\"\/dicestudemili\/wp-content\/uploads\/sites\/57\/2013\/01\/1979-agosto-copia.jpg\"><img aria-describedby=\"caption-attachment-542\" loading=\"lazy\" class=\" wp-image-542  \" title=\"Noticia publicada el 21 de agosto de 1979.\" src=\"\/dicestudemili\/wp-content\/uploads\/sites\/57\/2013\/01\/1979-agosto-copia.jpg\" alt=\"Noticia publicada el 21 de agosto de 1979.\" width=\"635\" height=\"537\" srcset=\"https:\/\/static-blogs.hoy.es\/wp-content\/uploads\/sites\/57\/2013\/01\/1979-agosto-copia.jpg 992w, https:\/\/static-blogs.hoy.es\/wp-content\/uploads\/sites\/57\/2013\/01\/1979-agosto-copia-300x254.jpg 300w, https:\/\/static-blogs.hoy.es\/wp-content\/uploads\/sites\/57\/2013\/01\/1979-agosto-copia-768x650.jpg 768w\" sizes=\"(max-width: 635px) 100vw, 635px\" \/><\/a><p id=\"caption-attachment-542\" class=\"wp-caption-text\">Noticia publicada el 21 de agosto de 1979.<\/p><\/div>\n<!-- AddThis Advanced Settings generic via filter on the_content --><!-- AddThis Share Buttons generic via filter on the_content -->","protected":false},"excerpt":{"rendered":"<p>&nbsp; En el a\u00f1o 1979 hay cambio en la jefatura del centro de instrucci\u00f3n de C\u00e1ceres. Manuel Rodr\u00edguez de la Pe\u00f1a pasa a ser el nuevo coronel jefe del CIR, sustituyendo a Federico Acevedo Laborda que estuvo en este cargo dos a\u00f1os (1978 y 1979). En la imagen superior, cedida por el Cefot, se puede [&hellip;]<!-- AddThis Advanced Settings generic via filter on get_the_excerpt --><!-- AddThis Share Buttons generic via filter on get_the_excerpt --><\/p>\n","protected":false},"author":52,"featured_media":0,"comment_status":"open","ping_status":"closed","sticky":false,"template":"","format":"standard","meta":[],"categories":[3],"tags":[378,395,516,917,976,1101,1115,1135],"_links":{"self":[{"href":"https:\/\/blogs.hoy.es\/dicestudemili\/wp-json\/wp\/v2\/posts\/537"}],"collection":[{"href":"https:\/\/blogs.hoy.es\/dicestudemili\/wp-json\/wp\/v2\/posts"}],"about":[{"href":"https:\/\/blogs.hoy.es\/dicestudemili\/wp-json\/wp\/v2\/types\/post"}],"author":[{"embeddable":true,"href":"https:\/\/blogs.hoy.es\/dicestudemili\/wp-json\/wp\/v2\/users\/52"}],"replies":[{"embeddable":true,"href":"https:\/\/blogs.hoy.es\/dicestudemili\/wp-json\/wp\/v2\/comments?post=537"}],"version-history":[{"count":0,"href":"https:\/\/blogs.hoy.es\/dicestudemili\/wp-json\/wp\/v2\/posts\/537\/revisions"}],"wp:attachment":[{"href":"https:\/\/blogs.hoy.es\/dicestudemili\/wp-json\/wp\/v2\/media?parent=537"}],"wp:term":[{"taxonomy":"category","embeddable":true,"href":"https:\/\/blogs.hoy.es\/dicestudemili\/wp-json\/wp\/v2\/categories?post=537"},{"taxonomy":"post_tag","embeddable":true,"href":"https:\/\/blogs.hoy.es\/dicestudemili\/wp-json\/wp\/v2\/tags?post=537"}],"curies":[{"name":"wp","href":"https:\/\/api.w.org\/{rel}","templated":true}]}}