{"id":552,"date":"2013-01-11T08:25:58","date_gmt":"2013-01-11T08:25:58","guid":{"rendered":"http:\/\/blogs.hoy.es\/dicestudemili\/?p=552"},"modified":"2013-01-11T08:25:58","modified_gmt":"2013-01-11T08:25:58","slug":"1979-y-2-recuerdos-del-primer-pub-de-caceres-y-el-orfeon-cacereno","status":"publish","type":"post","link":"https:\/\/blogs.hoy.es\/dicestudemili\/2013\/01\/11\/1979-y-2-recuerdos-del-primer-pub-de-caceres-y-el-orfeon-cacereno\/","title":{"rendered":"1979 (y 2): Recuerdos del primer pub de C\u00e1ceres y el Orfe\u00f3n Cacere\u00f1o"},"content":{"rendered":"<div id=\"attachment_553\" style=\"width: 634px\" class=\"wp-caption aligncenter\"><a href=\"\/dicestudemili\/wp-content\/uploads\/sites\/57\/2013\/01\/Drink.jpg\"><img aria-describedby=\"caption-attachment-553\" loading=\"lazy\" class=\" wp-image-553 \" title=\"Entrada del Drink pub de C\u00e1ceres, en el local en el que estuvo de 1976 a 1990.\" src=\"\/dicestudemili\/wp-content\/uploads\/sites\/57\/2013\/01\/Drink.jpg\" alt=\"Entrada del Drink pub de C\u00e1ceres, en el local en el que estuvo de 1976 a 1990.\" width=\"624\" height=\"768\" srcset=\"https:\/\/static-blogs.hoy.es\/wp-content\/uploads\/sites\/57\/2013\/01\/Drink.jpg 780w, https:\/\/static-blogs.hoy.es\/wp-content\/uploads\/sites\/57\/2013\/01\/Drink-244x300.jpg 244w, https:\/\/static-blogs.hoy.es\/wp-content\/uploads\/sites\/57\/2013\/01\/Drink-768x945.jpg 768w\" sizes=\"(max-width: 624px) 100vw, 624px\" \/><\/a><p id=\"caption-attachment-553\" class=\"wp-caption-text\">Entrada del Drink pub de C\u00e1ceres, en el local en el que estuvo de 1976 a 1990.<\/p><\/div>\n<p>&nbsp;<\/p>\n<p>&#8220;<em>Si no recuerdo mal<\/em> &#8211; cuenta Carmelo Monroy en el <strong>blog Historias del Pardo<\/strong> -, <em>yo me incorpor\u00e9 en enero del 79 y me licenci\u00e9 en enero del 80, estuve en la primera compa\u00f1\u00eda hasta la jura de bandera, y despu\u00e9s estuve en el mismo CIR en Selecciones, ya sab\u00e9is&#8230; los que hac\u00edamos las pruebas psicot\u00e9cnicas (al menos eso pretend\u00edan ser&#8230;) a los reclutas para dar destinos post-jura de bandera. En aquella \u00e9poca comandaba el <strong>Comandante Silveira Pereira<\/strong>, ten\u00edamos al <strong>teniente Prieto<\/strong> (muy buena persona) y un teniente que no recuerdo el nombre porque todos le llam\u00e1bamos <strong>Ni\u00f1in<\/strong>, era pelirrojo y vest\u00eda de paisano. Fue un a\u00f1o de buen tenis casi diario, front\u00f3n casi diario, piscina en verano y buenos tragos en el <strong>pub Drink<\/strong> de C\u00e1ceres, sin olvidar aquellos bocatas de prueba de cerdo que com\u00edamos en un bar del que no recuerdo el nombre. Saludos desde <strong>Barcelona<\/strong><\/em>&#8220;.<\/p>\n<p>El <strong>Drink Pub<\/strong>, que es considerado el primer pub de C\u00e1ceres, se abri\u00f3 el <strong>30 de octubre de 1976<\/strong> en la <strong>avenida Virgen de la Monta\u00f1a<\/strong>, cerca del Gobierno Civil (ahora Subdelegaci\u00f3n del Gobierno). Al frente del local estaba <strong>Felipe Vela<\/strong> hasta que se cerr\u00f3 en\u00a0<strong>1990<\/strong>. En el a\u00f1o <strong>2012<\/strong>, Felipe Vela con <strong>Domingo Barroso<\/strong> de socio ha vuelto a abrir el Drink Pub en la <strong>plaza de Bruselas<\/strong>, en la zona de La Madrila. En su facebook han publicado varias fotos de la primera \u00e9poca; entre otras la siguiente de un trofeo de f\u00fatbol sala en la <strong>Navidad de 1977<\/strong>, en donde se encuentran los jugadores del Drink Pub y algunos del <strong>Cacere\u00f1o,<\/strong> que entonces estaba en segunda divisi\u00f3n.<\/p>\n<p>&nbsp;<\/p>\n<div id=\"attachment_554\" style=\"width: 710px\" class=\"wp-caption aligncenter\"><a href=\"\/dicestudemili\/wp-content\/uploads\/sites\/57\/2013\/01\/399120_135343206593732_1884322962_n.jpg\"><img aria-describedby=\"caption-attachment-554\" loading=\"lazy\" class=\" wp-image-554   \" title=\"Jugadores del Drink Pub y el Cacere\u00f1o en 1977.\" src=\"\/dicestudemili\/wp-content\/uploads\/sites\/57\/2013\/01\/399120_135343206593732_1884322962_n.jpg\" alt=\"Jugadores del Drink Pub y el Cacere\u00f1o en 1977.\" width=\"700\" height=\"483\" srcset=\"https:\/\/static-blogs.hoy.es\/wp-content\/uploads\/sites\/57\/2013\/01\/399120_135343206593732_1884322962_n.jpg 960w, https:\/\/static-blogs.hoy.es\/wp-content\/uploads\/sites\/57\/2013\/01\/399120_135343206593732_1884322962_n-300x207.jpg 300w, https:\/\/static-blogs.hoy.es\/wp-content\/uploads\/sites\/57\/2013\/01\/399120_135343206593732_1884322962_n-768x530.jpg 768w\" sizes=\"(max-width: 700px) 100vw, 700px\" \/><\/a><p id=\"caption-attachment-554\" class=\"wp-caption-text\">Jugadores del Drink Pub y el Cacere\u00f1o en 1977.<\/p><\/div>\n<p>Seg\u00fan varias personas que salen en la fotograf\u00eda estos son los nombres de algunos de los que est\u00e1n en la imagen:<\/p>\n<p>De pie, de izquierda a derecha:<strong> Manolo<\/strong>, <strong>Emilio<\/strong>, <strong>Pedro<\/strong>, se desconoce, <strong>Redondo<\/strong>, <strong>Vitino<\/strong>, se desconoce, <strong>Asenjo<\/strong>, <strong>Ceballos<\/strong>, <strong>Felipe Vela<\/strong>, se desconoce, <strong>Andr\u00e9s L\u00f3pez Rinc\u00f3n<\/strong>.<\/p>\n<p>Agachados, de izquierda a derecha: <strong>Lamelo<\/strong>, <strong>Jos\u00e9 Mar\u00eda Cordero Moreno<\/strong>, <strong>Abarca<\/strong>, <strong>Pablo Vela<\/strong>, <strong>Manrique<\/strong>, <strong>Hern\u00e1ndez<\/strong>, <strong>Pinki<\/strong> y <strong>Miguel Galapero Olave<\/strong>.<\/p>\n<p>&nbsp;<\/p>\n<p>En Historias de El Pardo hemos encontrado varios comentarios m\u00e1s de personas que hicieron la mili en C\u00e1ceres este a\u00f1o.<\/p>\n<p>Uno, que no est\u00e1 firmado, dice: &#8220;<em>Yo estuve en el verano del 1979, en agosto, mucho calor, ya no me acuerdo de la compa\u00f1\u00eda. Eso s\u00ed, a un paisano de <strong>Le\u00f3n<\/strong> y a m\u00ed nos apodaban los americanos por ser rubios, y nos pasamos casi todo el campamento arrestados en las cocinas<\/em>&#8220;.<\/p>\n<p>Otro, tambi\u00e9n an\u00f3nimo, indica: &#8220;<em>Estuve en la 12 Compa\u00f1\u00eda. Me incorpor\u00e9 en <strong>junio del 79<\/strong> y jur\u00e9 bandera en agosto. Al principio fue duro entre el calor, la comida y tanto orden; pero tambi\u00e9n hubo buenos momentos dignos de recordar. Entre ellos, las salidas el fin de semana a C\u00e1ceres, buscando el frescor del cine o los pubs, las chicas, y en el CIR las reuniones con los compa\u00f1eros en las horas de descanso, compartiendo todo. Despu\u00e9s me mandaron a la Unidad de Destinos de<strong> Capitan\u00eda General<\/strong>, <strong>Cuartel del Reloj<\/strong><\/em>&#8220;. Sigue aportando bastantes datos en su extenso comentario, &#8220;<em>mi primer recuerdo es el calor que hac\u00eda cuando llegamos al CIR en los camiones y, entre otros recuerdos, est\u00e1 la cancioncita marchosa que nos hac\u00edan cantar en formaci\u00f3n y en los desplazamientos, que dec\u00eda: chunda, chunda, marcha la 12, chunda, chunda, vamos pa&#8217;ya&#8230;, tambi\u00e9n las comidas (huevos fritos con patatas) de la poller\u00eda, despu\u00e9s de las famosas colas (yo creo que com\u00eda m\u00e1s ah\u00ed que en el comedor). Las clases de te\u00f3rica las d\u00e1bamos al aire libre. Y me acuerdo de las duchas, como si fuera un foso de lavado de coches que no te pod\u00edas ni parar; pero, sobre todo, ni agacharte. Ahora bien, recuerdo unas impresionantes instalaciones deportivas, sobre todo para la \u00e9poca, de las que tuve la oportunidad de aprovechar, siendo lo mejor una gran piscina. Me acuerdo de unos compa\u00f1eros que eran de la provincia y que me propusieron, en cierta ocasi\u00f3n, que les llevara en mi coche a su pueblo para ver a sus novias a cambio de su hospitalidad, que fue muy buena; lo que no recuerdo muy bien es el pueblo, creo que era Zurita. Son muchos los recuerdos; pero, para finalizar, lo mala fue cuando volvimos del pueblo, nos retrasamos y por ir m\u00e1s deprisa de lo normal nos multaron con 2.000 pesetas. \u00bfSe acuerda alguien cuando nos formaban por la noche o nos hac\u00edan correr alrededor de la nave? En fin, experiencias que ahora gustan recordar<\/em>&#8220;. El pueblo debe ser <strong>Zorita<\/strong>, que se encuentra a 28 kil\u00f3metros de<strong> Trujillo<\/strong>.<\/p>\n<p>Otro recluta de este a\u00f1o, que firma con las siglas <strong>J. E.<\/strong> escribe: &#8220;<em>Hice el campamento en el CIR n\u00famero 3, en la 5\u00aa Compa\u00f1\u00eda, en junio de 1979. Aunque fue el principio de la mili me lo pas\u00e9 en grande, luego me destinaron a la <strong>Academia de Infanter\u00eda de Toledo<\/strong>. Soy de un pueblo de<strong> Barcelona<\/strong> y a\u00fan conservo amistades de aquella \u00e9poca<\/em>&#8220;.<\/p>\n<p>Los cacere\u00f1os no s\u00f3lo entraban en el CIR en las juras de bandera, tambi\u00e9n hab\u00eda visitas y actuaciones especiales, como el concierto que ofreci\u00f3 el <strong>Orfe\u00f3n Cacere\u00f1o<\/strong> en el CIR el 2 de junio, s\u00e1bado, a las seis de la tarde. Bajo la direcci\u00f3n de <strong>Trinidad Le\u00f3n Berdi\u00f3n,<\/strong> el Orfe\u00f3n Cacere\u00f1o ofreci\u00f3 en la primera parte del concierto polifon\u00eda cl\u00e1sica, religiosa y medieval; en la segunda parte, composiciones populares regionales y folcl\u00f3ricas.<\/p>\n<p>La imagen siguiente, del fot\u00f3grafo <strong>M\u00fa\u00f1ez<\/strong>, es del Orfe\u00f3n Cacere\u00f1o en los a\u00f1os setenta. Tiene que ser a principios de esa d\u00e9cada ya que Trinidad Le\u00f3n entrega una placa a <strong>Angelita Capdevielle<\/strong> que muri\u00f3 en 1972 con 82 a\u00f1os. Angelita Capdevielle hizo revivir el folclore cacere\u00f1o, haciendo famosa la canci\u00f3n de <strong>El Redoble<\/strong>.<\/p>\n<p>&nbsp;<\/p>\n<div id=\"attachment_556\" style=\"width: 829px\" class=\"wp-caption aligncenter\"><a href=\"\/dicestudemili\/wp-content\/uploads\/sites\/57\/2013\/01\/Orfe\u00f3n.jpg\"><img aria-describedby=\"caption-attachment-556\" loading=\"lazy\" class=\" wp-image-556 \" title=\"Orfe\u00f3n Cacere\u00f1o, a la izquierda Trinidad Le\u00f3n entrega una placa a Angelita Capdevielle.\" src=\"\/dicestudemili\/wp-content\/uploads\/sites\/57\/2013\/01\/Orfe\u00f3n.jpg\" alt=\"Orfe\u00f3n Cacere\u00f1o, a la izquierda Trinidad Le\u00f3n entrega una placa a Angelita Capdevielle.\" width=\"819\" height=\"602\" srcset=\"https:\/\/static-blogs.hoy.es\/wp-content\/uploads\/sites\/57\/2013\/01\/Orfe\u00f3n.jpg 1107w, https:\/\/static-blogs.hoy.es\/wp-content\/uploads\/sites\/57\/2013\/01\/Orfe\u00f3n-300x221.jpg 300w, https:\/\/static-blogs.hoy.es\/wp-content\/uploads\/sites\/57\/2013\/01\/Orfe\u00f3n-768x565.jpg 768w, https:\/\/static-blogs.hoy.es\/wp-content\/uploads\/sites\/57\/2013\/01\/Orfe\u00f3n-1024x754.jpg 1024w\" sizes=\"(max-width: 819px) 100vw, 819px\" \/><\/a><p id=\"caption-attachment-556\" class=\"wp-caption-text\">Orfe\u00f3n Cacere\u00f1o. Trinidad Le\u00f3n, a la izquierda, entrega una placa a Angelita Capdevielle.<\/p><\/div>\n<p>&nbsp;<\/p>\n<p>En la secci\u00f3n de este blog &#8216;tus testimonios&#8217;, se encuentran los recuerdos e im\u00e1genes de los que fueron soldados en el CIR de C\u00e1ceres en 1979<strong> Juan Olivera Pacheco<\/strong>\u00a0y <strong>Jos\u00e9 Luis Molero<\/strong>.<\/p>\n<p>&nbsp;<\/p>\n<p>&nbsp;<\/p>\n<!-- AddThis Advanced Settings generic via filter on the_content --><!-- AddThis Share Buttons generic via filter on the_content -->","protected":false},"excerpt":{"rendered":"<p>&nbsp; &#8220;Si no recuerdo mal &#8211; cuenta Carmelo Monroy en el blog Historias del Pardo -, yo me incorpor\u00e9 en enero del 79 y me licenci\u00e9 en enero del 80, estuve en la primera compa\u00f1\u00eda hasta la jura de bandera, y despu\u00e9s estuve en el mismo CIR en Selecciones, ya sab\u00e9is&#8230; los que hac\u00edamos las [&hellip;]<!-- AddThis Advanced Settings generic via filter on get_the_excerpt --><!-- AddThis Share Buttons generic via filter on get_the_excerpt --><\/p>\n","protected":false},"author":52,"featured_media":0,"comment_status":"open","ping_status":"closed","sticky":false,"template":"","format":"standard","meta":[],"categories":[3],"tags":[75,193,352,445,500,699,838,883,1128,1155,1190],"_links":{"self":[{"href":"https:\/\/blogs.hoy.es\/dicestudemili\/wp-json\/wp\/v2\/posts\/552"}],"collection":[{"href":"https:\/\/blogs.hoy.es\/dicestudemili\/wp-json\/wp\/v2\/posts"}],"about":[{"href":"https:\/\/blogs.hoy.es\/dicestudemili\/wp-json\/wp\/v2\/types\/post"}],"author":[{"embeddable":true,"href":"https:\/\/blogs.hoy.es\/dicestudemili\/wp-json\/wp\/v2\/users\/52"}],"replies":[{"embeddable":true,"href":"https:\/\/blogs.hoy.es\/dicestudemili\/wp-json\/wp\/v2\/comments?post=552"}],"version-history":[{"count":0,"href":"https:\/\/blogs.hoy.es\/dicestudemili\/wp-json\/wp\/v2\/posts\/552\/revisions"}],"wp:attachment":[{"href":"https:\/\/blogs.hoy.es\/dicestudemili\/wp-json\/wp\/v2\/media?parent=552"}],"wp:term":[{"taxonomy":"category","embeddable":true,"href":"https:\/\/blogs.hoy.es\/dicestudemili\/wp-json\/wp\/v2\/categories?post=552"},{"taxonomy":"post_tag","embeddable":true,"href":"https:\/\/blogs.hoy.es\/dicestudemili\/wp-json\/wp\/v2\/tags?post=552"}],"curies":[{"name":"wp","href":"https:\/\/api.w.org\/{rel}","templated":true}]}}