{"id":569,"date":"2013-01-14T05:41:38","date_gmt":"2013-01-14T05:41:38","guid":{"rendered":"http:\/\/blogs.hoy.es\/dicestudemili\/?p=569"},"modified":"2013-01-14T05:41:38","modified_gmt":"2013-01-14T05:41:38","slug":"los-cacerenos-solian-hacer-la-mili-en-el-cuartel-infanta-isabel","status":"publish","type":"post","link":"https:\/\/blogs.hoy.es\/dicestudemili\/2013\/01\/14\/los-cacerenos-solian-hacer-la-mili-en-el-cuartel-infanta-isabel\/","title":{"rendered":"Los cacere\u00f1os sol\u00edan hacer la mili en el cuartel Infanta Isabel"},"content":{"rendered":"<div id=\"attachment_570\" style=\"width: 520px\" class=\"wp-caption aligncenter\"><a href=\"\/dicestudemili\/wp-content\/uploads\/sites\/57\/2013\/01\/PB270520.jpg\"><img aria-describedby=\"caption-attachment-570\" loading=\"lazy\" class=\"size-full wp-image-570\" title=\"Imagen a\u00e9rea del Cuartel junto a la Plaza de Toros.\" src=\"\/dicestudemili\/wp-content\/uploads\/sites\/57\/2013\/01\/PB270520.jpg\" alt=\"Imagen a\u00e9rea del Cuartel junto a la Plaza de Toros.\" width=\"510\" height=\"569\" srcset=\"https:\/\/static-blogs.hoy.es\/wp-content\/uploads\/sites\/57\/2013\/01\/PB270520.jpg 510w, https:\/\/static-blogs.hoy.es\/wp-content\/uploads\/sites\/57\/2013\/01\/PB270520-269x300.jpg 269w\" sizes=\"(max-width: 510px) 100vw, 510px\" \/><\/a><p id=\"caption-attachment-570\" class=\"wp-caption-text\">Imagen a\u00e9rea del Cuartel junto a la Plaza de Toros.<\/p><\/div>\n<p>&nbsp;<\/p>\n<p>El servicio militar se pod\u00eda hacer en C\u00e1ceres en el <strong>Campamento Santa Ana<\/strong>, a unos kil\u00f3metros de la ciudad, o en el <strong>Cuartel Infanta Isabel<\/strong> junto a la Plaza de Toros. Era en este \u00faltimo en donde los cacere\u00f1os sol\u00edan hacer la mili. El trasiego de militares del Cuartel hacia la Plaza Mayor y de la Plaza al Cuartel, hizo que la <strong>calle General Margallo<\/strong>\u00a0 y la calle <strong>Barrio Nuevo<\/strong>, que comunican ambos lugares fueran durante mucho tiempo unas de las m\u00e1s concurridas de la ciudad, con numerosos bares que se dedicaban a vender bocadillos a los reclutas.<\/p>\n<p>El Cuartel Infanta Isabel se comenz\u00f3 a construir en 1920. Seg\u00fan cuenta <strong>Francisco Hurtado S\u00e1nchez<\/strong> en el n\u00famero de \u00a0la <strong>revista Santa Ana<\/strong> de julio-septiembre de 2012, en octubre de <strong>1924<\/strong> las obras del nuevo cuartel ya estaban terminadas y se traslada all\u00ed el <strong>Regimiento Segovia 75<\/strong>, que estaba alojado en la calle Parras, en el edificio del <strong>antiguo seminario de Galarza<\/strong>, El edificio del viejo cuartel fue destinado para juzgado municipal y escuelas p\u00fablicas, siendo derribado en 1969. Su fachada fue traslada a la Ciudad Monumental, al <strong>palacio Episcopal<\/strong>, en la plaza de Santa Mar\u00eda.<\/p>\n<p>Francisco Hurtado destaca que el cuartel Infanta Isabel no fue inaugurado, ya que la mitad del regimiento estaba combatiendo en la guerra de \u00c1frica. El <strong>17 de noviembre<\/strong> <strong>de 1928<\/strong> fue visitado por el <strong>rey Alfonso XIII<\/strong>, acompa\u00f1ado por el <strong>General Primo de Rivera<\/strong>. Prueba de ello es esta fotograf\u00eda cedida por el Cefot.<\/p>\n<p>&nbsp;<\/p>\n<div id=\"attachment_571\" style=\"width: 640px\" class=\"wp-caption aligncenter\"><a href=\"\/dicestudemili\/wp-content\/uploads\/sites\/57\/2013\/01\/22.-CACERES.-EL-REY-ALFONSO-XIII-VISITANDO-EL-CUARTEL-INFANT.jpg\"><img aria-describedby=\"caption-attachment-571\" loading=\"lazy\" class=\" wp-image-571 \" title=\"Visita de Alfonso XIII, en 1928, al entonces nuevo cuartel de C\u00e1ceres.\" src=\"\/dicestudemili\/wp-content\/uploads\/sites\/57\/2013\/01\/22.-CACERES.-EL-REY-ALFONSO-XIII-VISITANDO-EL-CUARTEL-INFANT.jpg\" alt=\"Visita de Alfonso XIII, en 1928, al entonces nuevo cuartel de C\u00e1ceres.\" width=\"630\" height=\"430\" srcset=\"https:\/\/static-blogs.hoy.es\/wp-content\/uploads\/sites\/57\/2013\/01\/22.-CACERES.-EL-REY-ALFONSO-XIII-VISITANDO-EL-CUARTEL-INFANT.jpg 700w, https:\/\/static-blogs.hoy.es\/wp-content\/uploads\/sites\/57\/2013\/01\/22.-CACERES.-EL-REY-ALFONSO-XIII-VISITANDO-EL-CUARTEL-INFANT-300x205.jpg 300w\" sizes=\"(max-width: 630px) 100vw, 630px\" \/><\/a><p id=\"caption-attachment-571\" class=\"wp-caption-text\">Visita de Alfonso XIII, en 1928, al entonces nuevo cuartel de C\u00e1ceres.<\/p><\/div>\n<p>&nbsp;<\/p>\n<p>La siguiente imagen es el fot\u00f3grafo <strong>M\u00fa\u00f1ez<\/strong> de su libro &#8216;C\u00e1ceres, Plaza Mayor&#8217;. \u00a0Est\u00e1 tomada en una misa que se celebr\u00f3 en la Plaza de Armas del Infanta Isabel con motivo de la patrona del arma de Infanter\u00eda. El acto lo presid\u00eda el gobernador militar, <strong>Enrique Molina<\/strong>, y el coronel jefe del CIR <strong>Eloy Rodr\u00edguez de Miguel<\/strong>. La fotograf\u00eda no tiene fecha, pero tuvo que ser tomada entre 1973 a 1977 ya que en esos a\u00f1os es cuando Rodr\u00edguez de Miguel mand\u00f3 el CIR de C\u00e1ceres.<\/p>\n<p>&nbsp;<\/p>\n<div id=\"attachment_575\" style=\"width: 676px\" class=\"wp-caption aligncenter\"><a href=\"\/dicestudemili\/wp-content\/uploads\/sites\/57\/2013\/01\/1975.jpg\"><img aria-describedby=\"caption-attachment-575\" loading=\"lazy\" class=\" wp-image-575 \" title=\"Acto militar en el interior del Cuartel a mediados de los a\u00f1os setenta.\" src=\"\/dicestudemili\/wp-content\/uploads\/sites\/57\/2013\/01\/1975.jpg\" alt=\"Acto militar en el interior del Cuartel a mediados de los a\u00f1os setenta.\" width=\"666\" height=\"412\" srcset=\"https:\/\/static-blogs.hoy.es\/wp-content\/uploads\/sites\/57\/2013\/01\/1975.jpg 832w, https:\/\/static-blogs.hoy.es\/wp-content\/uploads\/sites\/57\/2013\/01\/1975-300x186.jpg 300w, https:\/\/static-blogs.hoy.es\/wp-content\/uploads\/sites\/57\/2013\/01\/1975-768x475.jpg 768w\" sizes=\"(max-width: 666px) 100vw, 666px\" \/><\/a><p id=\"caption-attachment-575\" class=\"wp-caption-text\">Acto militar en el interior del Cuartel a mediados de los a\u00f1os setenta.<\/p><\/div>\n<p>&nbsp;<\/p>\n<p>En la actualidad, del cuartel s\u00f3lo queda en pie el edificio de la fachada y los jardines de la entrada, el resto de los pabellones fueron tirados para construir una urbanizaci\u00f3n de viviendas.<\/p>\n<p>&nbsp;<\/p>\n<p>&nbsp;<\/p>\n<!-- AddThis Advanced Settings generic via filter on the_content --><!-- AddThis Share Buttons generic via filter on the_content -->","protected":false},"excerpt":{"rendered":"<p>&nbsp; El servicio militar se pod\u00eda hacer en C\u00e1ceres en el Campamento Santa Ana, a unos kil\u00f3metros de la ciudad, o en el Cuartel Infanta Isabel junto a la Plaza de Toros. Era en este \u00faltimo en donde los cacere\u00f1os sol\u00edan hacer la mili. El trasiego de militares del Cuartel hacia la Plaza Mayor y [&hellip;]<!-- AddThis Advanced Settings generic via filter on get_the_excerpt --><!-- AddThis Share Buttons generic via filter on get_the_excerpt --><\/p>\n","protected":false},"author":52,"featured_media":0,"comment_status":"open","ping_status":"closed","sticky":false,"template":"","format":"standard","meta":[],"categories":[2],"tags":[67,206,207,375,412,465,525,565,864,974],"_links":{"self":[{"href":"https:\/\/blogs.hoy.es\/dicestudemili\/wp-json\/wp\/v2\/posts\/569"}],"collection":[{"href":"https:\/\/blogs.hoy.es\/dicestudemili\/wp-json\/wp\/v2\/posts"}],"about":[{"href":"https:\/\/blogs.hoy.es\/dicestudemili\/wp-json\/wp\/v2\/types\/post"}],"author":[{"embeddable":true,"href":"https:\/\/blogs.hoy.es\/dicestudemili\/wp-json\/wp\/v2\/users\/52"}],"replies":[{"embeddable":true,"href":"https:\/\/blogs.hoy.es\/dicestudemili\/wp-json\/wp\/v2\/comments?post=569"}],"version-history":[{"count":0,"href":"https:\/\/blogs.hoy.es\/dicestudemili\/wp-json\/wp\/v2\/posts\/569\/revisions"}],"wp:attachment":[{"href":"https:\/\/blogs.hoy.es\/dicestudemili\/wp-json\/wp\/v2\/media?parent=569"}],"wp:term":[{"taxonomy":"category","embeddable":true,"href":"https:\/\/blogs.hoy.es\/dicestudemili\/wp-json\/wp\/v2\/categories?post=569"},{"taxonomy":"post_tag","embeddable":true,"href":"https:\/\/blogs.hoy.es\/dicestudemili\/wp-json\/wp\/v2\/tags?post=569"}],"curies":[{"name":"wp","href":"https:\/\/api.w.org\/{rel}","templated":true}]}}