{"id":586,"date":"2013-01-16T06:00:52","date_gmt":"2013-01-16T06:00:52","guid":{"rendered":"http:\/\/blogs.hoy.es\/dicestudemili\/?p=586"},"modified":"2013-01-16T06:00:52","modified_gmt":"2013-01-16T06:00:52","slug":"1980-1-se-duplican-las-juras-de-bandera-y-con-padres-de-reclutas","status":"publish","type":"post","link":"https:\/\/blogs.hoy.es\/dicestudemili\/2013\/01\/16\/1980-1-se-duplican-las-juras-de-bandera-y-con-padres-de-reclutas\/","title":{"rendered":"1980 (1): Se duplican las juras de bandera&#8230; y con padres de reclutas"},"content":{"rendered":"<div id=\"attachment_588\" style=\"width: 622px\" class=\"wp-caption aligncenter\"><a href=\"\/dicestudemili\/wp-content\/uploads\/sites\/57\/2013\/01\/1980julio-copia1.jpg\"><img aria-describedby=\"caption-attachment-588\" loading=\"lazy\" class=\" wp-image-588 \" title=\"Noticia de HOY del 8 de julio de 1980, ilustrada con el padre de un recluta participando en la Jura.\" src=\"\/dicestudemili\/wp-content\/uploads\/sites\/57\/2013\/01\/1980julio-copia1.jpg\" alt=\"Noticia de HOY del 8 de julio de 1980, ilustrada con el padre de un recluta participando en la Jura.\" width=\"612\" height=\"637\" srcset=\"https:\/\/static-blogs.hoy.es\/wp-content\/uploads\/sites\/57\/2013\/01\/1980julio-copia1.jpg 680w, https:\/\/static-blogs.hoy.es\/wp-content\/uploads\/sites\/57\/2013\/01\/1980julio-copia1-288x300.jpg 288w\" sizes=\"(max-width: 612px) 100vw, 612px\" \/><\/a><p id=\"caption-attachment-588\" class=\"wp-caption-text\">Noticia de HOY del 8 de julio de 1980, ilustrada con el padre de un recluta participando en la Jura.<\/p><\/div>\n<p>&nbsp;<\/p>\n<p>&#8220;<em>2.200 reclutas juraron bandera en el CIR n\u00famero 3, d\u00e1ndose el caso curioso, y cada vez m\u00e1s habitual, de que algunos padres de estos chicos quisieron sumarse al acto, jurando tambi\u00e9n bandera en uni\u00f3n de sus hijos, lo que produjo la emotividad l\u00f3gica en los que lo presenciaron<\/em>&#8220;. Estas frases forman parte del texto de la noticia publicada en <strong>HOY<\/strong> el<strong> 8 de julio de 1980<\/strong>, sobre la cuarta jura de bandera que tuvo lugar ese a\u00f1o en C\u00e1ceres, en la que al periodista le llam\u00f3 la atenci\u00f3n que participaran civiles.<\/p>\n<p>En 1980 se cumpl\u00eda lo que anunci\u00f3 en <strong>1978<\/strong> el entonces coronel jefe del CIR, <strong>Federico Acevedo Laborda<\/strong>, cuando ante el rumor del cierre del Centro cacere\u00f1o se\u00f1al\u00f3 a HOY, que se iba a reducir el tiempo de instrucci\u00f3n de los soldados, pero que eso iba a suponer que a esta ciudad vendr\u00edan m\u00e1s reclutas, ya que de cuatro llamamientos y juras de bandera al a\u00f1o, se pasar\u00eda a ocho.<\/p>\n<p>En la quinta jura de este a\u00f1o, la del 15 de agosto, participaron 1.485 reclutas y 17 &#8220;paisanos&#8221;, entre ellos el periodista cacere\u00f1o <strong>Enrique Baltar Ruiz<\/strong>. En este acto se impusieron dos cruces de la Orden del M\u00e9rito Militar con distintivo blanco, de primera clase, al <strong>comandante Victoriano Tamargo<\/strong> y al <strong>capit\u00e1n Barroso Tello<\/strong>.<\/p>\n<p>&nbsp;<\/p>\n<div id=\"attachment_590\" style=\"width: 622px\" class=\"wp-caption aligncenter\"><a href=\"\/dicestudemili\/wp-content\/uploads\/sites\/57\/2013\/01\/1980agosto-copia.jpg\"><img aria-describedby=\"caption-attachment-590\" loading=\"lazy\" class=\" wp-image-590 \" title=\"Recorte del diario HOY de la jura del 15 de agosto de 1980.\" src=\"\/dicestudemili\/wp-content\/uploads\/sites\/57\/2013\/01\/1980agosto-copia.jpg\" alt=\"Recorte del diario HOY de la jura del 15 de agosto de 1980.\" width=\"612\" height=\"447\" srcset=\"https:\/\/static-blogs.hoy.es\/wp-content\/uploads\/sites\/57\/2013\/01\/1980agosto-copia.jpg 680w, https:\/\/static-blogs.hoy.es\/wp-content\/uploads\/sites\/57\/2013\/01\/1980agosto-copia-300x219.jpg 300w\" sizes=\"(max-width: 612px) 100vw, 612px\" \/><\/a><p id=\"caption-attachment-590\" class=\"wp-caption-text\">Recorte del diario HOY de la jura del 15 de agosto de 1980.<\/p><\/div>\n<p>&nbsp;<\/p>\n<p>En la sexta jura de bandera, la del <strong>5 de octubre<\/strong>, participaron 2.113 reclutas&#8230; m\u00e1s 13 padres.<\/p>\n<p>La \u00faltima jura se celebr\u00f3 un d\u00eda peculiar, el 30 de diciembre. La noticia del diario HOY, se\u00f1alaba: &#8220;<em>Seg\u00fan hemos podido enterarnos, el celebrar este acto en un d\u00eda laborable se debe a que las autoridades militares han querido adelantar la fecha para que los reclutas puedan pasar el Fin de A\u00f1o con sus familiares, detalle que estos muchachos han agradecido profundamente a las autoridades castrenses. Deseamos a todos los nuevos soldados un feliz viaje a sus lugares de origen y un pr\u00f3spero 1981<\/em>&#8220;.<\/p>\n<p>&nbsp;<\/p>\n<div id=\"attachment_591\" style=\"width: 692px\" class=\"wp-caption aligncenter\"><a href=\"\/dicestudemili\/wp-content\/uploads\/sites\/57\/2013\/01\/1980-jura.jpg\"><img aria-describedby=\"caption-attachment-591\" loading=\"lazy\" class=\" wp-image-591  \" title=\"Toma del juramento a nuevos soldados en 1980.\" src=\"\/dicestudemili\/wp-content\/uploads\/sites\/57\/2013\/01\/1980-jura.jpg\" alt=\"Toma del juramento a nuevos soldados en 1980.\" width=\"682\" height=\"415\" srcset=\"https:\/\/static-blogs.hoy.es\/wp-content\/uploads\/sites\/57\/2013\/01\/1980-jura.jpg 842w, https:\/\/static-blogs.hoy.es\/wp-content\/uploads\/sites\/57\/2013\/01\/1980-jura-300x182.jpg 300w, https:\/\/static-blogs.hoy.es\/wp-content\/uploads\/sites\/57\/2013\/01\/1980-jura-768x467.jpg 768w\" sizes=\"(max-width: 682px) 100vw, 682px\" \/><\/a><p id=\"caption-attachment-591\" class=\"wp-caption-text\">Toma del juramento a nuevos soldados en 1980.<\/p><\/div>\n<p>&nbsp;<\/p>\n<p>&nbsp;<\/p>\n<!-- AddThis Advanced Settings generic via filter on the_content --><!-- AddThis Share Buttons generic via filter on the_content -->","protected":false},"excerpt":{"rendered":"<p>&nbsp; &#8220;2.200 reclutas juraron bandera en el CIR n\u00famero 3, d\u00e1ndose el caso curioso, y cada vez m\u00e1s habitual, de que algunos padres de estos chicos quisieron sumarse al acto, jurando tambi\u00e9n bandera en uni\u00f3n de sus hijos, lo que produjo la emotividad l\u00f3gica en los que lo presenciaron&#8220;. Estas frases forman parte del texto [&hellip;]<!-- AddThis Advanced Settings generic via filter on get_the_excerpt --><!-- AddThis Share Buttons generic via filter on get_the_excerpt --><\/p>\n","protected":false},"author":52,"featured_media":0,"comment_status":"open","ping_status":"closed","sticky":false,"template":"","format":"standard","meta":[],"categories":[3],"tags":[224,353,378,463],"_links":{"self":[{"href":"https:\/\/blogs.hoy.es\/dicestudemili\/wp-json\/wp\/v2\/posts\/586"}],"collection":[{"href":"https:\/\/blogs.hoy.es\/dicestudemili\/wp-json\/wp\/v2\/posts"}],"about":[{"href":"https:\/\/blogs.hoy.es\/dicestudemili\/wp-json\/wp\/v2\/types\/post"}],"author":[{"embeddable":true,"href":"https:\/\/blogs.hoy.es\/dicestudemili\/wp-json\/wp\/v2\/users\/52"}],"replies":[{"embeddable":true,"href":"https:\/\/blogs.hoy.es\/dicestudemili\/wp-json\/wp\/v2\/comments?post=586"}],"version-history":[{"count":0,"href":"https:\/\/blogs.hoy.es\/dicestudemili\/wp-json\/wp\/v2\/posts\/586\/revisions"}],"wp:attachment":[{"href":"https:\/\/blogs.hoy.es\/dicestudemili\/wp-json\/wp\/v2\/media?parent=586"}],"wp:term":[{"taxonomy":"category","embeddable":true,"href":"https:\/\/blogs.hoy.es\/dicestudemili\/wp-json\/wp\/v2\/categories?post=586"},{"taxonomy":"post_tag","embeddable":true,"href":"https:\/\/blogs.hoy.es\/dicestudemili\/wp-json\/wp\/v2\/tags?post=586"}],"curies":[{"name":"wp","href":"https:\/\/api.w.org\/{rel}","templated":true}]}}