{"id":61,"date":"2012-11-10T07:26:21","date_gmt":"2012-11-10T07:26:21","guid":{"rendered":"http:\/\/blogs.hoy.es\/dicestudemili\/?p=61"},"modified":"2012-11-10T07:26:21","modified_gmt":"2012-11-10T07:26:21","slug":"el-club-polideportivo-santa-ana","status":"publish","type":"post","link":"https:\/\/blogs.hoy.es\/dicestudemili\/2012\/11\/10\/el-club-polideportivo-santa-ana\/","title":{"rendered":"El Club Polideportivo Santa Ana"},"content":{"rendered":"<div id=\"attachment_62\" style=\"width: 655px\" class=\"wp-caption aligncenter\"><a href=\"\/dicestudemili\/wp-content\/uploads\/sites\/57\/2012\/11\/116.-CACERES.-EQUIPO-DE-SANTA-ANA-CON-SU-ENTRENADOR-SARGEN.jpg\"><img aria-describedby=\"caption-attachment-62\" loading=\"lazy\" class=\" wp-image-62  \" title=\"Equipo C. P. Santa Ana en 1980, con su entrenador el sargento Bejarano.\" src=\"\/dicestudemili\/wp-content\/uploads\/sites\/57\/2012\/11\/116.-CACERES.-EQUIPO-DE-SANTA-ANA-CON-SU-ENTRENADOR-SARGEN.jpg\" alt=\"Equipo C. P. Santa Ana en 1980, con su entrenador el sargento Bejarano.\" width=\"645\" height=\"402\" srcset=\"https:\/\/static-blogs.hoy.es\/wp-content\/uploads\/sites\/57\/2012\/11\/116.-CACERES.-EQUIPO-DE-SANTA-ANA-CON-SU-ENTRENADOR-SARGEN.jpg 1922w, https:\/\/static-blogs.hoy.es\/wp-content\/uploads\/sites\/57\/2012\/11\/116.-CACERES.-EQUIPO-DE-SANTA-ANA-CON-SU-ENTRENADOR-SARGEN-300x187.jpg 300w, https:\/\/static-blogs.hoy.es\/wp-content\/uploads\/sites\/57\/2012\/11\/116.-CACERES.-EQUIPO-DE-SANTA-ANA-CON-SU-ENTRENADOR-SARGEN-768x479.jpg 768w, https:\/\/static-blogs.hoy.es\/wp-content\/uploads\/sites\/57\/2012\/11\/116.-CACERES.-EQUIPO-DE-SANTA-ANA-CON-SU-ENTRENADOR-SARGEN-1024x639.jpg 1024w\" sizes=\"(max-width: 645px) 100vw, 645px\" \/><\/a><p id=\"caption-attachment-62\" class=\"wp-caption-text\">Equipo C. P. Santa Ana en 1980, con su entrenador el sargento Bejarano.<\/p><\/div>\n<p>El CIR tuvo un equipo de f\u00fatbo, el Club Polideportivo Santa Ana, que destac\u00f3 en diversas categor\u00edas de la Liga Extreme\u00f1a.<\/p>\n<p>En el blog historiadelfutbolenextremadura se indica que en la temporada 1976-77 su presidente era <strong>Fernando Etayo<\/strong>; el entrenador, <strong>Quico Rodr\u00edguez<\/strong>; secretario t\u00e9cnico, <strong>Basilio Conde<\/strong>; delegado, <strong>Fernando Bejarano<\/strong>.<\/p>\n<p>Particip\u00f3 en el Campeonato Regional Preferente, terminando en quinta posici\u00f3n con 53 puntos despu\u00e9s de ganar 23 partidos, empatar 7 y perder 8, marcando 71 goles y encajando 38. Qued\u00f3 s\u00f3lo a un puesto de optar a la promoci\u00f3n de ascenso a 3\u00aa Divisi\u00f3n.<\/p>\n<p>Los jugadores eran j\u00f3venes que hac\u00edan el servicio militar y la plantilla de aquella temporada estaba compuesta del siguiente modo. <span style=\"text-decoration: underline;\">Porteros<\/span>:<strong> Jos\u00e9 Ignacio<\/strong> y <strong>Espinosa<\/strong>. <span style=\"text-decoration: underline;\">Defensas<\/span>: <strong>Cruz, Lecuona, Julito, Alfredo Santos, Rey y Fede<\/strong>. <span style=\"text-decoration: underline;\">Medios<\/span>: <strong>M\u00e9ndez, Roberto y Corona<\/strong>. <span style=\"text-decoration: underline;\">Delanteros<\/span>: <strong>Vi\u00f1a, Mi\u00f1ambre, Vallejo, Ruiz, Vilches, Ib\u00e1\u00f1ez y Lucio<\/strong>.<\/p>\n<p>La indumentaria, camiseta roja y pantal\u00f3n azul.<\/p>\n<p>Jugaba sus partidos en la Ciudad Deportiva Sindical, con capacidad para 10.000 personas, todas sentadas.<\/p>\n<!-- AddThis Advanced Settings generic via filter on the_content --><!-- AddThis Share Buttons generic via filter on the_content -->","protected":false},"excerpt":{"rendered":"<p>El CIR tuvo un equipo de f\u00fatbo, el Club Polideportivo Santa Ana, que destac\u00f3 en diversas categor\u00edas de la Liga Extreme\u00f1a. En el blog historiadelfutbolenextremadura se indica que en la temporada 1976-77 su presidente era Fernando Etayo; el entrenador, Quico Rodr\u00edguez; secretario t\u00e9cnico, Basilio Conde; delegado, Fernando Bejarano. Particip\u00f3 en el Campeonato Regional Preferente, terminando [&hellip;]<!-- AddThis Advanced Settings generic via filter on get_the_excerpt --><!-- AddThis Share Buttons generic via filter on get_the_excerpt --><\/p>\n","protected":false},"author":52,"featured_media":0,"comment_status":"open","ping_status":"closed","sticky":false,"template":"","format":"standard","meta":[],"categories":[3],"tags":[132,329,506,545,942,1014],"_links":{"self":[{"href":"https:\/\/blogs.hoy.es\/dicestudemili\/wp-json\/wp\/v2\/posts\/61"}],"collection":[{"href":"https:\/\/blogs.hoy.es\/dicestudemili\/wp-json\/wp\/v2\/posts"}],"about":[{"href":"https:\/\/blogs.hoy.es\/dicestudemili\/wp-json\/wp\/v2\/types\/post"}],"author":[{"embeddable":true,"href":"https:\/\/blogs.hoy.es\/dicestudemili\/wp-json\/wp\/v2\/users\/52"}],"replies":[{"embeddable":true,"href":"https:\/\/blogs.hoy.es\/dicestudemili\/wp-json\/wp\/v2\/comments?post=61"}],"version-history":[{"count":0,"href":"https:\/\/blogs.hoy.es\/dicestudemili\/wp-json\/wp\/v2\/posts\/61\/revisions"}],"wp:attachment":[{"href":"https:\/\/blogs.hoy.es\/dicestudemili\/wp-json\/wp\/v2\/media?parent=61"}],"wp:term":[{"taxonomy":"category","embeddable":true,"href":"https:\/\/blogs.hoy.es\/dicestudemili\/wp-json\/wp\/v2\/categories?post=61"},{"taxonomy":"post_tag","embeddable":true,"href":"https:\/\/blogs.hoy.es\/dicestudemili\/wp-json\/wp\/v2\/tags?post=61"}],"curies":[{"name":"wp","href":"https:\/\/api.w.org\/{rel}","templated":true}]}}