{"id":620,"date":"2013-01-21T05:59:14","date_gmt":"2013-01-21T05:59:14","guid":{"rendered":"http:\/\/blogs.hoy.es\/dicestudemili\/?p=620"},"modified":"2013-01-21T05:59:14","modified_gmt":"2013-01-21T05:59:14","slug":"1981-1-acuartelados-por-culpa-de-tejero-y-la-jura-del-hijo-de-la-duquesa","status":"publish","type":"post","link":"https:\/\/blogs.hoy.es\/dicestudemili\/2013\/01\/21\/1981-1-acuartelados-por-culpa-de-tejero-y-la-jura-del-hijo-de-la-duquesa\/","title":{"rendered":"1981 (1): Acuartelados por culpa de Tejero y la jura del hijo de la duquesa de Alba"},"content":{"rendered":"<div id=\"attachment_621\" style=\"width: 636px\" class=\"wp-caption aligncenter\"><a href=\"\/dicestudemili\/wp-content\/uploads\/sites\/57\/2013\/01\/1981-febrero-copia.jpg\"><img aria-describedby=\"caption-attachment-621\" loading=\"lazy\" class=\" wp-image-621  \" title=\"Noticia sobre la jura de bandera un d\u00eda antes del golpe de Estado.\" src=\"\/dicestudemili\/wp-content\/uploads\/sites\/57\/2013\/01\/1981-febrero-copia.jpg\" alt=\"Noticia sobre la jura de bandera un d\u00eda antes del golpe de Estado.\" width=\"626\" height=\"436\" srcset=\"https:\/\/static-blogs.hoy.es\/wp-content\/uploads\/sites\/57\/2013\/01\/1981-febrero-copia.jpg 772w, https:\/\/static-blogs.hoy.es\/wp-content\/uploads\/sites\/57\/2013\/01\/1981-febrero-copia-300x209.jpg 300w, https:\/\/static-blogs.hoy.es\/wp-content\/uploads\/sites\/57\/2013\/01\/1981-febrero-copia-768x535.jpg 768w\" sizes=\"(max-width: 626px) 100vw, 626px\" \/><\/a><p id=\"caption-attachment-621\" class=\"wp-caption-text\">Noticia sobre la jura de bandera un d\u00eda antes del golpe de Estado.<\/p><\/div>\n<p>&nbsp;<\/p>\n<p>Muchos de los que hicieron la mili este a\u00f1o se acuerdan de la intranquilidad que padecieron mientras estaban acuartelados, sin salir a la calle, a la espera de si el golpe de Estado de <strong>Tejero<\/strong> les supon\u00eda consecuencias que les pudiera afectar de manera directa.<\/p>\n<p>Curiosamente en C\u00e1ceres, un d\u00eda antes del golpe (el domingo 20 de febrero), se celebr\u00f3 la primera de las ocho juras de bandera del a\u00f1o, y el periodista de HOY que cubri\u00f3 el acto (no sabemos qui\u00e9n era pues no firm\u00f3 la noticia) se fij\u00f3 en cierto comportamiento de una parte del p\u00fablico. &#8220;<em>El acto estuvo presidido por el coronel jefe del CIR, <strong>Manuel Rodr\u00edguez de la Pe\u00f1a<\/strong><\/em> &#8211; escribi\u00f3 -,<em> quien en la arenga se refiri\u00f3 en t\u00e9rminos muy elogiosos al <strong>general Francisco Franco<\/strong>, cita que motiv\u00f3 fuertes aplausos de un sector del p\u00fablico situado a la izquierda de la tribuna de las autoridades, el mismo que momentos despu\u00e9s guardaba silencio ante la menci\u00f3n que el coronel hizo del <strong>Rey don Juan Carlos<\/strong> como Jefe del Estado<\/em>&#8220;.<\/p>\n<p>Ese d\u00eda juraron bandera 1.846 reclutas, entre los que se encontraban 3 sacerdotes. Hab\u00eda entonces cierta pol\u00e9mica sobre si era necesaria o no la presencia de un sacerdote en este acto militar, titulando el periodista su informaci\u00f3n de esta manera: &#8216;Hubo sacerdote en la jura de bandera&#8217;. Por cierto, ese d\u00eda se estren\u00f3 un nuevo juramento de fidelidad a la Bandera, aprobado por las Cort\u00e9s Generales, que dec\u00eda as\u00ed:<\/p>\n<p>&#8220;<em>Soldados, \u00bfjur\u00e1is por Dios o por vuestro honor y promet\u00e9is a Espa\u00f1a, besando con unci\u00f3n su bandera, obedecer y respetar al Rey y vuestros jefes, no abandonarles nunca y derramar, si es preciso, en defensa de la soberan\u00eda e independencia de la Patria, de su unidad e integridad territorial y del ordenamiento constitucional, hasta la \u00faltima gota de vuestra sangre?<\/em>&#8221; .<\/p>\n<p>Los soldados contestaron a esta pregunta, formulada por el<strong> teniente coronel Juan Morillo-Velarde y Donos<\/strong>o con un , &#8220;<em>\u00a1S\u00ed, juramos<\/em>!&#8221;, a lo que el Mayor del CIR respondi\u00f3:<\/p>\n<p>&#8220;<em>Si as\u00ed lo hac\u00e9is, la Patria os lo agradecer\u00e1 y premiar\u00e1, y, si no, merecer\u00e9is su desprecio y su castigo como hijos indignos de ella<\/em>&#8220;, terminando con vivas al Ej\u00e9rcito, al Rey y a Espa\u00f1a que fueron coreados por los nuevos soldados.<\/p>\n<p>Pasada la incertidumbre del golpe de Tejero, en el Campamento Santa Ana se sucedieron las juras de bandera, como la del 15 de agosto que tuvo lugar con un fuerte calor que origin\u00f3 varios desmayos entre los que formaban filas. Ese d\u00eda juraron fidelidad a Espa\u00f1a 2.762 reclutas, adem\u00e1s de 37 civiles.<\/p>\n<p>&nbsp;<\/p>\n<div id=\"attachment_623\" style=\"width: 585px\" class=\"wp-caption aligncenter\"><a href=\"\/dicestudemili\/wp-content\/uploads\/sites\/57\/2013\/01\/1981agosto-copia.jpg\"><img aria-describedby=\"caption-attachment-623\" loading=\"lazy\" class=\" wp-image-623 \" title=\"Recorte de prensa, del diario HOY, de la jura del 15 de agosto.\" src=\"\/dicestudemili\/wp-content\/uploads\/sites\/57\/2013\/01\/1981agosto-copia.jpg\" alt=\"Recorte de prensa, del diario HOY, de la jura del 15 de agosto.\" width=\"575\" height=\"811\" srcset=\"https:\/\/static-blogs.hoy.es\/wp-content\/uploads\/sites\/57\/2013\/01\/1981agosto-copia.jpg 639w, https:\/\/static-blogs.hoy.es\/wp-content\/uploads\/sites\/57\/2013\/01\/1981agosto-copia-213x300.jpg 213w\" sizes=\"(max-width: 575px) 100vw, 575px\" \/><\/a><p id=\"caption-attachment-623\" class=\"wp-caption-text\">Recorte de prensa, del diario HOY, de la jura del 15 de agosto.<\/p><\/div>\n<p>&nbsp;<\/p>\n<p>En la jura de noviembre, pasaron a ser nuevos soldados, 2.454 j\u00f3venes. Se hizo este acto despu\u00e9s del sorteo de quintos de la provincia de C\u00e1ceres en el cuartel Infanta Isabel. Se sortearon 3.465 mozos divididos en ocho llamamientos. Los primeros de cada llamamiento fueron: <strong>Aureliano Mart\u00edn Rodr\u00edguez<\/strong>, de Plasencia (del primer llamamiento); <strong>Juan Alonso Fern\u00e1ndez<\/strong> de Monroy (segundo); <strong>Juan P\u00e9rez Carrasco<\/strong>, de Torremocha (tercero); <strong>Pedro Manzano Ojidos<\/strong>, de Talayuela (cuarto);<strong> Juan Ramos Bonito<\/strong>, de Valencia de Alc\u00e1ntara (quinto); <strong>Jaime Mart\u00edn S\u00e1nchez<\/strong>, de Plasencia (sexto); <strong>Jos\u00e9 Gonz\u00e1lez Mart\u00edn<\/strong>, de Coria (s\u00e9ptimo) y <strong>Crisp\u00edn Crespo Crespo<\/strong>, de Zarza de Granadilla (octavo). 240 j\u00f3venes fueron asignados como excedentes de cupo; es decir, que no hac\u00edan la mili.<\/p>\n<p>La \u00faltima jura del a\u00f1o, la del 30 de diciembre, fue recordada porque era tal la tromba de agua que ca\u00eda que se tuvo que celebrar en los comedores del CIR. La provincia sufri\u00f3 ese d\u00eda un fuerte temporal, con vientos de 110 kil\u00f3metros por hora y lluvias que dejaron 90 litros por metro cuadrado. Hubo inundaciones en varios pueblos y en C\u00e1ceres capital varias familias se quedaron sin el techo de sus casas; el entonces alcalde <strong>Manuel Dom\u00ednguez Lucero<\/strong> (que luego ser\u00eda decano del Colegio de Abogados) les encontr\u00f3 alojamiento en la <strong>Universidad Laboral<\/strong>.<\/p>\n<p>Entre los 1.901 reclutas que juraron, se encontraba un hijo de la Duquesa de Alba, como se recoge en la informaci\u00f3n publicada en HOY, pero no se dice cu\u00e1l de ellos es.<\/p>\n<p>&nbsp;<\/p>\n<div id=\"attachment_624\" style=\"width: 690px\" class=\"wp-caption aligncenter\"><a href=\"\/dicestudemili\/wp-content\/uploads\/sites\/57\/2013\/01\/1981Dic-copia.jpg\"><img aria-describedby=\"caption-attachment-624\" loading=\"lazy\" class=\" wp-image-624 \" title=\"Fotograf\u00eda del hijo de la Duquesa publicada en HOY.\" src=\"\/dicestudemili\/wp-content\/uploads\/sites\/57\/2013\/01\/1981Dic-copia.jpg\" alt=\"Fotograf\u00eda del hijo de la Duquesa publicada en HOY.\" width=\"680\" height=\"503\" srcset=\"https:\/\/static-blogs.hoy.es\/wp-content\/uploads\/sites\/57\/2013\/01\/1981Dic-copia.jpg 756w, https:\/\/static-blogs.hoy.es\/wp-content\/uploads\/sites\/57\/2013\/01\/1981Dic-copia-300x222.jpg 300w\" sizes=\"(max-width: 680px) 100vw, 680px\" \/><\/a><p id=\"caption-attachment-624\" class=\"wp-caption-text\">Fotograf\u00eda del hijo de la Duquesa publicada en HOY.<\/p><\/div>\n<p>&nbsp;<\/p>\n<p>La Duquesa tiene seis hijos: Carlos que en 1981 contaba con 33 a\u00f1os, Alfonso que entonces ten\u00eda 31, Jacobo que cumpli\u00f3 27 a\u00f1os en 1981, Fernando 22 y Cayetano 18. La \u00fanica hija es Eugen\u00eda que ten\u00eda 13 a\u00f1os.<\/p>\n<p>Publicamos aqu\u00ed dos fotograf\u00edas, una reciente y otra de unos cuatro a\u00f1os antes de la jura, para que el lector que quiera pueda hacer sus conjeturas sobre qui\u00e9n hizo la mili en C\u00e1ceres.<\/p>\n<p>&nbsp;<\/p>\n<div id=\"attachment_625\" style=\"width: 820px\" class=\"wp-caption aligncenter\"><a href=\"\/dicestudemili\/wp-content\/uploads\/sites\/57\/2013\/01\/hijos_duquesa_2011_edit.jpg\"><img aria-describedby=\"caption-attachment-625\" loading=\"lazy\" class=\" wp-image-625 \" title=\"De izquierda a derecha: Alfonso, Jacobo con su mujer, Eugenia, la Duquesa, Cayetano y Fernando.\" src=\"\/dicestudemili\/wp-content\/uploads\/sites\/57\/2013\/01\/hijos_duquesa_2011_edit.jpg\" alt=\"De izquierda a derecha: Alfonso, Jacobo con su mujer, Eugenia, la Duquesa, Cayetano y Fernando.\" width=\"810\" height=\"527\" srcset=\"https:\/\/static-blogs.hoy.es\/wp-content\/uploads\/sites\/57\/2013\/01\/hijos_duquesa_2011_edit.jpg 900w, https:\/\/static-blogs.hoy.es\/wp-content\/uploads\/sites\/57\/2013\/01\/hijos_duquesa_2011_edit-300x195.jpg 300w, https:\/\/static-blogs.hoy.es\/wp-content\/uploads\/sites\/57\/2013\/01\/hijos_duquesa_2011_edit-768x499.jpg 768w\" sizes=\"(max-width: 810px) 100vw, 810px\" \/><\/a><p id=\"caption-attachment-625\" class=\"wp-caption-text\">De izquierda a derecha: Alfonso, Jacobo con su mujer, Eugenia, la Duquesa, Cayetano y Fernando. Falta el mayor, Carlos.<\/p><\/div>\n<p>&nbsp;<\/p>\n<div id=\"attachment_626\" style=\"width: 730px\" class=\"wp-caption aligncenter\"><a href=\"\/dicestudemili\/wp-content\/uploads\/sites\/57\/2013\/01\/1312668001_850215_0000000001_sumario_normal.jpg\"><img aria-describedby=\"caption-attachment-626\" loading=\"lazy\" class=\" wp-image-626 \" title=\"Fernando, la Duquesa, Cayetano, Jacobo, Alfonso, Carlos y Eugenia de Primera Comuni\u00f3n.\" src=\"\/dicestudemili\/wp-content\/uploads\/sites\/57\/2013\/01\/1312668001_850215_0000000001_sumario_normal.jpg\" alt=\"Fernando, la Duquesa, Cayetano, Jacobo, Alfonso, Carlos y Eugenia de Primera Comuni\u00f3n.\" width=\"720\" height=\"482\" srcset=\"https:\/\/static-blogs.hoy.es\/wp-content\/uploads\/sites\/57\/2013\/01\/1312668001_850215_0000000001_sumario_normal.jpg 900w, https:\/\/static-blogs.hoy.es\/wp-content\/uploads\/sites\/57\/2013\/01\/1312668001_850215_0000000001_sumario_normal-300x201.jpg 300w, https:\/\/static-blogs.hoy.es\/wp-content\/uploads\/sites\/57\/2013\/01\/1312668001_850215_0000000001_sumario_normal-768x515.jpg 768w\" sizes=\"(max-width: 720px) 100vw, 720px\" \/><\/a><p id=\"caption-attachment-626\" class=\"wp-caption-text\">Fernando, la Duquesa, Cayetano, Jacobo, Alfonso, Carlos y Eugenia de Primera Comuni\u00f3n.<\/p><\/div>\n<p>&nbsp;<\/p>\n<p>&nbsp;<\/p>\n<p>&nbsp;<\/p>\n<p>&nbsp;<\/p>\n<p>&nbsp;<\/p>\n<!-- AddThis Advanced Settings generic via filter on the_content --><!-- AddThis Share Buttons generic via filter on the_content -->","protected":false},"excerpt":{"rendered":"<p>&nbsp; Muchos de los que hicieron la mili este a\u00f1o se acuerdan de la intranquilidad que padecieron mientras estaban acuartelados, sin salir a la calle, a la espera de si el golpe de Estado de Tejero les supon\u00eda consecuencias que les pudiera afectar de manera directa. Curiosamente en C\u00e1ceres, un d\u00eda antes del golpe (el [&hellip;]<!-- AddThis Advanced Settings generic via filter on get_the_excerpt --><!-- AddThis Share Buttons generic via filter on get_the_excerpt --><\/p>\n","protected":false},"author":52,"featured_media":0,"comment_status":"open","ping_status":"closed","sticky":false,"template":"","format":"standard","meta":[],"categories":[3],"tags":[61,277,302,395,447,481,507,524,575,632,788,980,1080,1098],"_links":{"self":[{"href":"https:\/\/blogs.hoy.es\/dicestudemili\/wp-json\/wp\/v2\/posts\/620"}],"collection":[{"href":"https:\/\/blogs.hoy.es\/dicestudemili\/wp-json\/wp\/v2\/posts"}],"about":[{"href":"https:\/\/blogs.hoy.es\/dicestudemili\/wp-json\/wp\/v2\/types\/post"}],"author":[{"embeddable":true,"href":"https:\/\/blogs.hoy.es\/dicestudemili\/wp-json\/wp\/v2\/users\/52"}],"replies":[{"embeddable":true,"href":"https:\/\/blogs.hoy.es\/dicestudemili\/wp-json\/wp\/v2\/comments?post=620"}],"version-history":[{"count":0,"href":"https:\/\/blogs.hoy.es\/dicestudemili\/wp-json\/wp\/v2\/posts\/620\/revisions"}],"wp:attachment":[{"href":"https:\/\/blogs.hoy.es\/dicestudemili\/wp-json\/wp\/v2\/media?parent=620"}],"wp:term":[{"taxonomy":"category","embeddable":true,"href":"https:\/\/blogs.hoy.es\/dicestudemili\/wp-json\/wp\/v2\/categories?post=620"},{"taxonomy":"post_tag","embeddable":true,"href":"https:\/\/blogs.hoy.es\/dicestudemili\/wp-json\/wp\/v2\/tags?post=620"}],"curies":[{"name":"wp","href":"https:\/\/api.w.org\/{rel}","templated":true}]}}