{"id":636,"date":"2013-01-23T07:18:00","date_gmt":"2013-01-23T07:18:00","guid":{"rendered":"http:\/\/blogs.hoy.es\/dicestudemili\/?p=636"},"modified":"2013-01-23T07:18:00","modified_gmt":"2013-01-23T07:18:00","slug":"la-comida-mas-numerosa-un-gran-cocido-extremeno-para-8-500-personas","status":"publish","type":"post","link":"https:\/\/blogs.hoy.es\/dicestudemili\/2013\/01\/23\/la-comida-mas-numerosa-un-gran-cocido-extremeno-para-8-500-personas\/","title":{"rendered":"La comida m\u00e1s numerosa: Un gran cocido extreme\u00f1o para 8.500 personas"},"content":{"rendered":"<div id=\"attachment_637\" style=\"width: 636px\" class=\"wp-caption aligncenter\"><a href=\"\/dicestudemili\/wp-content\/uploads\/sites\/57\/2013\/01\/Cocido1.jpg\"><img aria-describedby=\"caption-attachment-637\" loading=\"lazy\" class=\" wp-image-637 \" title=\"El cocido se sirvi\u00f3 en la Plaza Mayor de C\u00e1ceres el 28 de marzo de 1998.\" src=\"\/dicestudemili\/wp-content\/uploads\/sites\/57\/2013\/01\/Cocido1.jpg\" alt=\"El cocido se sirvi\u00f3 en la Plaza Mayor de C\u00e1ceres el 28 de marzo de 1998.\" width=\"626\" height=\"418\" srcset=\"https:\/\/static-blogs.hoy.es\/wp-content\/uploads\/sites\/57\/2013\/01\/Cocido1.jpg 783w, https:\/\/static-blogs.hoy.es\/wp-content\/uploads\/sites\/57\/2013\/01\/Cocido1-300x200.jpg 300w, https:\/\/static-blogs.hoy.es\/wp-content\/uploads\/sites\/57\/2013\/01\/Cocido1-768x512.jpg 768w\" sizes=\"(max-width: 626px) 100vw, 626px\" \/><\/a><p id=\"caption-attachment-637\" class=\"wp-caption-text\">El cocido se sirvi\u00f3 en la Plaza Mayor de C\u00e1ceres el 28 de marzo de 1998.<\/p><\/div>\n<p>&nbsp;<\/p>\n<p>La comida m\u00e1s multitudinaria organizada por el acuartelamiento de C\u00e1ceres, fue un gran cocido extreme\u00f1o que se sirvi\u00f3 en la Plaza Mayor de C\u00e1ceres el\u00a0<strong>28 de marzo de 1998<\/strong>, s\u00e1bado. Se prepar\u00f3 comida para 8.500 personas.<\/p>\n<p>Este evento gastron\u00f3mico se organiz\u00f3 para demostrar la buena sinton\u00eda entre el Ej\u00e9rcito y C\u00e1ceres. Fue una iniciativa de la\u00a0<strong>Federaci\u00f3n de Asociaciones de Vecinos de C\u00e1ceres<\/strong>, que presid\u00eda\u00a0<strong>Raimundo Medina<\/strong>. M\u00e1s de 100 personas, entre militares y civiles, colaboraron en organizar el gran cocido popular.<\/p>\n<p>El equipo de cocina del Cefot (entonces se llamaba Cimov) estaba bajo el mando del\u00a0<strong>subteniente Mendo<\/strong>. El cocido estaba compuesto de 800 kilos de garbanzos, 200 kilos de carne de ternera, 100 de chorizo, otros tantos de morcilla y 400 kilos de patatas, entre otros ingredientes.\u00a0<strong>Caja Duero<\/strong>\u00a0y<strong>\u00a0<\/strong><strong>Eroski<\/strong>\u00a0costearon la comida, \u00a0que fue acompa\u00f1ada con pan de\u00a0<strong>Casar de C\u00e1ceres<\/strong>, vino o refresco.<strong>\u00a0<\/strong><strong>Canal de Isabel II<\/strong>\u00a0puso el agua.<\/p>\n<p>El cocido se realiz\u00f3 en las cocinas del Cefot a 100 grados, y fue trasladado hasta la Plaza Mayor en unas marmitas que estaban dise\u00f1adas para no perder m\u00e1s de un grado por cada hora transcurrida.<\/p>\n<p>Entre los comensales estaba el alcalde<strong>\u00a0<\/strong><strong>Jos\u00e9 Mar\u00eda Saponi<\/strong>, adem\u00e1s de los concejales\u00a0<strong>Victoriano Roncero<\/strong>,\u00a0<strong>Teodoro Casado<\/strong>,\u00a0<strong>Joaqu\u00edn Rumbo<\/strong>,<strong>\u00a0<\/strong><strong>Ignacio Soler &#8216;Pope&#8217;<\/strong>,\u00a0<strong>Federico de Miguel<\/strong>\u00a0y\u00a0<strong>Marta Portal<\/strong>, junto al director regional de Caja Duero,\u00a0<strong>Domingo Nevado<\/strong>, el\u00a0<strong>teniente coronel Dom\u00ednguez<\/strong>\u00a0y el director gerente de Eroski,\u00a0<strong>Pedro Calder\u00f3n<\/strong>.<\/p>\n<!-- AddThis Advanced Settings generic via filter on the_content --><!-- AddThis Share Buttons generic via filter on the_content -->","protected":false},"excerpt":{"rendered":"<p>&nbsp; La comida m\u00e1s multitudinaria organizada por el acuartelamiento de C\u00e1ceres, fue un gran cocido extreme\u00f1o que se sirvi\u00f3 en la Plaza Mayor de C\u00e1ceres el\u00a028 de marzo de 1998, s\u00e1bado. Se prepar\u00f3 comida para 8.500 personas. Este evento gastron\u00f3mico se organiz\u00f3 para demostrar la buena sinton\u00eda entre el Ej\u00e9rcito y C\u00e1ceres. Fue una iniciativa [&hellip;]<!-- AddThis Advanced Settings generic via filter on get_the_excerpt --><!-- AddThis Share Buttons generic via filter on get_the_excerpt --><\/p>\n","protected":false},"author":52,"featured_media":0,"comment_status":"open","ping_status":"closed","sticky":false,"template":"","format":"standard","meta":[],"categories":[2],"tags":[441,488,490,609,659,702,816,901,953,1066,1093,1134,1180],"_links":{"self":[{"href":"https:\/\/blogs.hoy.es\/dicestudemili\/wp-json\/wp\/v2\/posts\/636"}],"collection":[{"href":"https:\/\/blogs.hoy.es\/dicestudemili\/wp-json\/wp\/v2\/posts"}],"about":[{"href":"https:\/\/blogs.hoy.es\/dicestudemili\/wp-json\/wp\/v2\/types\/post"}],"author":[{"embeddable":true,"href":"https:\/\/blogs.hoy.es\/dicestudemili\/wp-json\/wp\/v2\/users\/52"}],"replies":[{"embeddable":true,"href":"https:\/\/blogs.hoy.es\/dicestudemili\/wp-json\/wp\/v2\/comments?post=636"}],"version-history":[{"count":0,"href":"https:\/\/blogs.hoy.es\/dicestudemili\/wp-json\/wp\/v2\/posts\/636\/revisions"}],"wp:attachment":[{"href":"https:\/\/blogs.hoy.es\/dicestudemili\/wp-json\/wp\/v2\/media?parent=636"}],"wp:term":[{"taxonomy":"category","embeddable":true,"href":"https:\/\/blogs.hoy.es\/dicestudemili\/wp-json\/wp\/v2\/categories?post=636"},{"taxonomy":"post_tag","embeddable":true,"href":"https:\/\/blogs.hoy.es\/dicestudemili\/wp-json\/wp\/v2\/tags?post=636"}],"curies":[{"name":"wp","href":"https:\/\/api.w.org\/{rel}","templated":true}]}}