{"id":646,"date":"2013-01-25T06:36:55","date_gmt":"2013-01-25T06:36:55","guid":{"rendered":"http:\/\/blogs.hoy.es\/dicestudemili\/?p=646"},"modified":"2013-01-25T06:36:55","modified_gmt":"2013-01-25T06:36:55","slug":"1981-y-2-por-caceres-vestidos-de-militar-y-colitis-en-el-campamento","status":"publish","type":"post","link":"https:\/\/blogs.hoy.es\/dicestudemili\/2013\/01\/25\/1981-y-2-por-caceres-vestidos-de-militar-y-colitis-en-el-campamento\/","title":{"rendered":"1981 (y 2): Por C\u00e1ceres vestidos de militar y colitis en el Campamento"},"content":{"rendered":"<div id=\"attachment_647\" style=\"width: 634px\" class=\"wp-caption aligncenter\"><a href=\"\/dicestudemili\/wp-content\/uploads\/sites\/57\/2013\/01\/1981Jos\u00e9-Antonio-Salgado-1981.jpg\"><img aria-describedby=\"caption-attachment-647\" loading=\"lazy\" class=\"size-full wp-image-647\" title=\"Fotograf\u00eda publicada en www.amigosdelamili.com, de los reclutas Riosa, Salgado y Gonzalo.\" src=\"\/dicestudemili\/wp-content\/uploads\/sites\/57\/2013\/01\/1981Jos\u00e9-Antonio-Salgado-1981.jpg\" alt=\"Fotograf\u00eda publicada en www.amigosdelamili.com, de los reclutas Riosa, Salgado y Gonzalo.\" width=\"624\" height=\"442\" srcset=\"https:\/\/static-blogs.hoy.es\/wp-content\/uploads\/sites\/57\/2013\/01\/1981Jos\u00e9-Antonio-Salgado-1981.jpg 624w, https:\/\/static-blogs.hoy.es\/wp-content\/uploads\/sites\/57\/2013\/01\/1981Jos\u00e9-Antonio-Salgado-1981-300x213.jpg 300w\" sizes=\"(max-width: 624px) 100vw, 624px\" \/><\/a><p id=\"caption-attachment-647\" class=\"wp-caption-text\">Fotograf\u00eda publicada en www.amigosdelamili.com, de los reclutas Riosa, Salgado y Gonzalo.<\/p><\/div>\n<p>&nbsp;<\/p>\n<p>Seg\u00fan han indicado a este blog militares del Cefot, los reclutas ten\u00edan la obligaci\u00f3n de ir vestidos de uniforme por la ciudad hasta 1983, despu\u00e9s de esa fecha ya pudieron recorrer las calles y entrar en bares y cafeter\u00edas de paisano.<\/p>\n<p>En la pagina web <strong>www.amigosdelamili.com<\/strong> hay una estupenda fotograf\u00eda de tres reclutas vestidos de militar posando ante la estatua de la <strong>diosa Ceres<\/strong>, en la Plaza Mayor. La imagen, tomada en el a\u00f1o 1981, tiene hasta el error de paralaje que se aprecia en muchas fotograf\u00edas de la \u00e9poca; es decir, por el visor quien tom\u00f3 la foto ve\u00eda la cabeza de la diosa Ceres, pero al final no aparece la cabeza en la imagen porque la toma es desde el objetivo, que est\u00e1 unos cent\u00edmetros m\u00e1s abajo del visor. La foto la ha aportado <strong>Jos\u00e9 Antonio Salgado<\/strong>, de Alicante, que es el que est\u00e1 en el centro, con sus amigos <strong>Riosa<\/strong> (a su derecha) y <strong>Gonzalo<\/strong> (a su izquierda).<\/p>\n<p>En esa misma p\u00e1gina web,\u00a0<strong>Santiago Villanueva Alca\u00f1iz<\/strong> recuerda que \u00e9l ingres\u00f3 el Campamento Santa Ana de C\u00e1ceres, &#8220;<em>tres dias despu\u00e9s del golpe de Estado de <strong>Tejero<\/strong> y compa\u00f1\u00eda. Estaba en la 8\u00aa Compa\u00f1\u00eda, con el n\u00famero 49, y recuerdo estar una semana acuartelados sin saber nada del exterior. De los oficiales, recuerdo al<strong> teniente instructor Galindo<\/strong>, como tambi\u00e9n recuerdo que en mi primera salida a C\u00e1ceres me compr\u00e9 un peri\u00f3dico para ver en qu\u00e9 hab\u00eda quedado todo<\/em>&#8220;. El mismo Santiago Villanueva hace otra entrada en la web para dar una informaci\u00f3n m\u00e1s detallada: &#8220;<em>Acabo de encontrar la libreta donde apuntaba todo lo relacionado con la instrucci\u00f3n, y entre mis apuntes he hallado los nombres de todos los mandos del campamento en el a\u00f1o 1981 y de la 8\u00aa compa\u00f1\u00eda:<\/em><\/p>\n<p><em>Coronel jefe cir 3: <strong>Manuel Rodriguez de la Pe\u00f1a<\/strong>.<\/em><\/p>\n<p><em>Teniente coronel 2\u00ba jefe de instrucci\u00f3n:<strong> Jes\u00fas Sobrado Castellanos<\/strong>.<\/em><\/p>\n<p><em>Teniente coronel Mayor: <strong>Juan Morillo-Velarde Donoso<\/strong>.<\/em><\/p>\n<p><em>Comandante jefe II Batall\u00f3n: <strong>Claudio Mart\u00edn Garc\u00eda<\/strong>.<\/em><\/p>\n<p><em><span style=\"text-decoration: underline;\">8\u00aa compa\u00f1\u00eda<\/span>:<\/em><\/p>\n<p><em>Capit\u00e1n: <strong>Fernando Etayo Fern\u00e1ndez<\/strong>.<\/em><\/p>\n<p><em>Tenientes:<strong> Jos\u00e9 Guzm\u00e1n \u00dabeda<\/strong> y <strong>Antol\u00edn Galindo Hern\u00e1ndez<\/strong>.<\/em><\/p>\n<p><em>Alfereces: <strong>Jos\u00e9 Aparicio Asenjo<\/strong> y <strong>\u00c1ngel Salas Calvo<\/strong>.<\/em><\/p>\n<p><em>Sargento:<strong> Miguel Alcolea Moratilla<\/strong>.<\/em><\/p>\n<p><em>Cabos 1\u00ba: <strong>Jos\u00e9 Adorna Rodriguez<\/strong>, <strong>Gregorio G\u00f3mez Salgado<\/strong>, <strong>Luis Gal\u00e1n Perianes<\/strong> y el \u00faltimo en llegar del que s\u00f3lo tengo anotado <strong>Santillana<\/strong><\/em>&#8220;.<\/p>\n<p>Muchos de los que hicieron la mili en C\u00e1ceres este a\u00f1o se acuerdan del miedo que pasaron con el golpe de Estado, pero tambi\u00e9n de una fuerte intoxicaci\u00f3n alimenticia que tumb\u00f3 a cien reclutas, llegando a tener que ingresar cincuenta en el Hospital Provincial de C\u00e1ceres (hoy Hospital Nuestra Se\u00f1ora de la Monta\u00f1a). Los s\u00edntomas eran una fuerte colitis, deshidrataci\u00f3n y calambres, le echaron la culpa a una salsa de tomate en conserva que estaba caducada.<\/p>\n<p>La noticia lleg\u00f3 a salir publicada en la p\u00e1gina de sucesos de HOY.<\/p>\n<p>&nbsp;<\/p>\n<div id=\"attachment_649\" style=\"width: 656px\" class=\"wp-caption aligncenter\"><a href=\"\/dicestudemili\/wp-content\/uploads\/sites\/57\/2013\/01\/colitis.jpg\"><img aria-describedby=\"caption-attachment-649\" loading=\"lazy\" class=\"size-full wp-image-649\" title=\"Recorte de la noticia de la intoxicaci\u00f3n en el CIR.\" src=\"\/dicestudemili\/wp-content\/uploads\/sites\/57\/2013\/01\/colitis.jpg\" alt=\"Recorte de la noticia de la intoxicaci\u00f3n en el CIR.\" width=\"646\" height=\"416\" srcset=\"https:\/\/static-blogs.hoy.es\/wp-content\/uploads\/sites\/57\/2013\/01\/colitis.jpg 646w, https:\/\/static-blogs.hoy.es\/wp-content\/uploads\/sites\/57\/2013\/01\/colitis-300x193.jpg 300w\" sizes=\"(max-width: 646px) 100vw, 646px\" \/><\/a><p id=\"caption-attachment-649\" class=\"wp-caption-text\">Recorte de la noticia de la intoxicaci\u00f3n en el CIR.<\/p><\/div>\n<p>&nbsp;<\/p>\n<p>Hay que decir, para no faltar a la verdad y evitar maledicencias, que no hay relaci\u00f3n causa-efecto entre el golpe de Estado y la colitis. Uno fue en febrero y la colitis se padeci\u00f3 a finales del mes de abril.<\/p>\n<p>En el blog <strong>Historias de El Pardo<\/strong>, hay varias entradas de personas que recuerdan su paso por C\u00e1ceres vestidos de militar en este a\u00f1o de 1981.<\/p>\n<p>Manuel \u00c1ngel Alonso escribe: &#8220;<em>Llegu\u00e9 al CIR N\u00famero 3 (Santa Ana) en C\u00e1ceres el s\u00e1bado <strong>28 de febrero de 1981<\/strong>, la misma semana de la intentona del golpe de estado del teniente coronel Tejero, tras 24 horas de viaje en tren desde <strong>Barcelona<\/strong> (el convoy se deten\u00eda cada dos por tres para dar paso a trenes civiles). Pertenezco al reemplazo 80\/2. Estuve en la 6\u00aa compa\u00f1\u00eda (la sexta,&#8217; <strong>la peque\u00f1a legi\u00f3n<\/strong>&#8216;, la llamaban), con el <strong>teniente Miguel Fern\u00e1ndez D\u00edaz<\/strong> (al que apodaban el el CIR &#8216;el Titi&#8217;). Tras el periodo de instrucci\u00f3n fui destinado al Regimiento de Instrucci\u00f3n de la Academia de Ingenieros (RINSAI o RINAIG), 22 Compa\u00f1\u00eda (los de la hombrera azul), en <strong>Hoyo de Manzanares<\/strong> (Madrid). Me licenci\u00e9 el <strong>2 de abril de 1982<\/strong>, cuando apenas se iniciaba la <strong>Guerra de las Malvinas<\/strong>. Actualmente resido en Madrid capital. Un fuerte abrazo a todos y especial para mis compa\u00f1eros de CIR y de cuarte<\/em>l&#8221;.<\/p>\n<p>Un comentario sin firma indica, &#8220;yo estuve en junio del 81, en la 5\u00aa Compa\u00f1\u00eda de Santa Ana, <strong>Escorpi\u00f3n<\/strong>, era aquello que a golpe de bota grit\u00e1bamos. A\u00fan recuerdo al teniente, D. <strong>Diego Encinas Morgado<\/strong> y otros mandos. Fu\u00ed destinado a la <strong>Academia de Artiller\u00eda de Madrid<\/strong>&#8220;. Otro, del tercer reemplazo de 1980 dice: &#8220;<em>Estuve en la d\u00e9cima con el <strong>capit\u00e1n Valiente<\/strong>, me gustar\u00eda encontrar a unos amigos, compa\u00f1eros y hermanos, porque \u00e9ramos todos para uno. Me llamaban <strong>&#8216;El papi&#8217; de Bornos<\/strong>. A ver si tengo suerte. un saludo. lebreo45@hotmail.com<\/em>&#8220;. Bornos es un pueblo que se encuentra en la provincia de <strong>C\u00e1diz<\/strong>.<\/p>\n<p><strong>Francisco Romero<\/strong>, deja el siguiente comentario en Historias de El Pardo: <em>&#8220;Se llamaba Poller\u00eda, pero lo que m\u00e1s se com\u00eda era un platazo de patatas fritas con huevos fritos. S\u00f3lo estuve 34 d\u00edas, pero me lo pase bien. Estuve en la 12 Compa\u00f1\u00eda, al lado del comedor. \u00a0Luego me destinaron a Madrid, al <strong>Hospital Militar G\u00f3mez Ulla<\/strong>. Estuve de sanitario. Era del 8\/80 (&#8230;) Me llamaban <strong>tigre<\/strong> o <strong>tigret\u00f3n<\/strong>. Soy de <strong>Sabadell<\/strong>, Barcelona, Espa\u00f1a y era muy amigo de<strong> Manuel<\/strong> de <strong>Ceuta<\/strong>, <strong>Domingo<\/strong> que era de <strong>Castell\u00f3n<\/strong> y <strong>Manuel Delgado<\/strong> que era de <strong>Priego de C\u00f3rdoba<\/strong>. Todav\u00eda los recuerdo<\/em>&#8220;.<\/p>\n<p>Con la firma <strong>cabo 1\u00ba F. R.<\/strong> se encuentra este comentario: &#8220;<em>Estuve en la 2\u00aa Compa\u00f1\u00eda, I Batall\u00f3n. Luego el resto del tiempo estuve de cabo y cabo 1\u00ba en la 2\u00aa Compa\u00f1\u00eda del <strong>Cuartel Infanta Isabel<\/strong>. Tengo muy buenos recuerdos de todos los reclutas que por all\u00ed pasaron (que durante mis 20 meses de servicio fueron muchos). Recuerdo que \u00edbamos al CIR Santa Ana en convoy para hacer el tiro y los ensayos de la Jura de Bandera. Joder, que tiempos. Tambi\u00e9n recuerdo cuando ten\u00eda que ir a la estaci\u00f3n de ferrocarril a recibir a los nuevos reclutas, era la hostia. En fin, tiempos pasados&#8230; Un saludo muy cordial a todos los que pasasteis por la 2\u00aa Compa\u00f1\u00eda en los a\u00f1os 1981 y 1982, y a todos los que all\u00ed conoc\u00ed<\/em>&#8220;.<\/p>\n<p>Tambi\u00e9n est\u00e1 el testimonio de un recluta de 1981 que se llama <strong>Jos\u00e9 Luis<\/strong>, &#8220;<em>yo estuve en la 6\u00aa Compa\u00f1\u00eda en el a\u00f1o 81. Me acuerdo del <strong>teniente Fern\u00e1ndez D\u00edaz<\/strong>, apodado &#8216;El Titi&#8217;, y con el <strong>alf\u00e9rez Juan Piju\u00e1n. <\/strong>Me acuerdo que \u00a0cuando tocaban la hora de paseo nosotros segu\u00edamos desfilando, por eso nos llamaban &#8221;la peque\u00f1a Legi\u00f3n&#8217;. \u00bfALGUIEN SE ACUERDA DEL CARNERO CON EL QUE DESFIL\u00c1BAMOS? Un saludo<\/em>&#8220;.<\/p>\n<p>Por cortes\u00eda del Cefot, que nos ha dejado la fotograf\u00eda, aqu\u00ed est\u00e1 el famoso carnero, con la no menos famosa <strong>mona Susi<\/strong>. No sabemos si el carnero ten\u00eda nombre.<\/p>\n<p>&nbsp;<\/p>\n<div id=\"attachment_650\" style=\"width: 716px\" class=\"wp-caption aligncenter\"><a href=\"\/dicestudemili\/wp-content\/uploads\/sites\/57\/2013\/01\/88.-CACERES.-DESFILE-DE-LA-ESCUADRA-DE-GASTADORES-CON-LAS-MA.jpg\"><img aria-describedby=\"caption-attachment-650\" loading=\"lazy\" class=\" wp-image-650 \" title=\"El carnero que durante un tiempo fue mascota en el CIR.\" src=\"\/dicestudemili\/wp-content\/uploads\/sites\/57\/2013\/01\/88.-CACERES.-DESFILE-DE-LA-ESCUADRA-DE-GASTADORES-CON-LAS-MA.jpg\" alt=\"El carnero que durante un tiempo fue mascota en el CIR.\" width=\"706\" height=\"464\" srcset=\"https:\/\/static-blogs.hoy.es\/wp-content\/uploads\/sites\/57\/2013\/01\/88.-CACERES.-DESFILE-DE-LA-ESCUADRA-DE-GASTADORES-CON-LAS-MA.jpg 883w, https:\/\/static-blogs.hoy.es\/wp-content\/uploads\/sites\/57\/2013\/01\/88.-CACERES.-DESFILE-DE-LA-ESCUADRA-DE-GASTADORES-CON-LAS-MA-300x197.jpg 300w, https:\/\/static-blogs.hoy.es\/wp-content\/uploads\/sites\/57\/2013\/01\/88.-CACERES.-DESFILE-DE-LA-ESCUADRA-DE-GASTADORES-CON-LAS-MA-768x504.jpg 768w\" sizes=\"(max-width: 706px) 100vw, 706px\" \/><\/a><p id=\"caption-attachment-650\" class=\"wp-caption-text\">El carnero que durante un tiempo fue mascota en el CIR.<\/p><\/div>\n<p>Ya hemos averiguado el nombre del carnero. <strong>Jos\u00e9 Luis Molero<\/strong> cuenta la historia de la <strong>mona Susi<\/strong> y el <strong>carnero Falcon<\/strong> de una manera muy divertida en la secci\u00f3n &#8216;Tus testimonios&#8217; de este blog. Se recomienda su lectura para divertirse un rato. En la misma secci\u00f3n se encuentra el recuerdo de la mili en C\u00e1ceres del locutor <strong>Ram\u00f3n Garc\u00eda<\/strong>.<\/p>\n<p>&nbsp;<\/p>\n<!-- AddThis Advanced Settings generic via filter on the_content --><!-- AddThis Share Buttons generic via filter on the_content -->","protected":false},"excerpt":{"rendered":"<p>&nbsp; Seg\u00fan han indicado a este blog militares del Cefot, los reclutas ten\u00edan la obligaci\u00f3n de ir vestidos de uniforme por la ciudad hasta 1983, despu\u00e9s de esa fecha ya pudieron recorrer las calles y entrar en bares y cafeter\u00edas de paisano. En la pagina web www.amigosdelamili.com hay una estupenda fotograf\u00eda de tres reclutas vestidos [&hellip;]<!-- AddThis Advanced Settings generic via filter on get_the_excerpt --><!-- AddThis Share Buttons generic via filter on get_the_excerpt --><\/p>\n","protected":false},"author":52,"featured_media":0,"comment_status":"open","ping_status":"closed","sticky":false,"template":"","format":"standard","meta":[],"categories":[3],"tags":[43,48,50,164,165,166,233,341,395,535,673,787,1010,1026,1087,1096,1097,1108,1115,1118],"_links":{"self":[{"href":"https:\/\/blogs.hoy.es\/dicestudemili\/wp-json\/wp\/v2\/posts\/646"}],"collection":[{"href":"https:\/\/blogs.hoy.es\/dicestudemili\/wp-json\/wp\/v2\/posts"}],"about":[{"href":"https:\/\/blogs.hoy.es\/dicestudemili\/wp-json\/wp\/v2\/types\/post"}],"author":[{"embeddable":true,"href":"https:\/\/blogs.hoy.es\/dicestudemili\/wp-json\/wp\/v2\/users\/52"}],"replies":[{"embeddable":true,"href":"https:\/\/blogs.hoy.es\/dicestudemili\/wp-json\/wp\/v2\/comments?post=646"}],"version-history":[{"count":0,"href":"https:\/\/blogs.hoy.es\/dicestudemili\/wp-json\/wp\/v2\/posts\/646\/revisions"}],"wp:attachment":[{"href":"https:\/\/blogs.hoy.es\/dicestudemili\/wp-json\/wp\/v2\/media?parent=646"}],"wp:term":[{"taxonomy":"category","embeddable":true,"href":"https:\/\/blogs.hoy.es\/dicestudemili\/wp-json\/wp\/v2\/categories?post=646"},{"taxonomy":"post_tag","embeddable":true,"href":"https:\/\/blogs.hoy.es\/dicestudemili\/wp-json\/wp\/v2\/tags?post=646"}],"curies":[{"name":"wp","href":"https:\/\/api.w.org\/{rel}","templated":true}]}}