{"id":65,"date":"2012-11-13T09:17:29","date_gmt":"2012-11-13T09:17:29","guid":{"rendered":"http:\/\/blogs.hoy.es\/dicestudemili\/?p=65"},"modified":"2012-11-13T09:17:29","modified_gmt":"2012-11-13T09:17:29","slug":"david-moreno-el-primer-tiro-casi-me-deja-tuerto","status":"publish","type":"post","link":"https:\/\/blogs.hoy.es\/dicestudemili\/2012\/11\/13\/david-moreno-el-primer-tiro-casi-me-deja-tuerto\/","title":{"rendered":"David Moreno: &#8220;El primer tiro casi me deja tuerto&#8221;"},"content":{"rendered":"<p><em>Mi nombre es David Moreno Serrano. Pertenec\u00ed al 2\u00ba reemplazo del a\u00f1o 1996, all\u00e1 por el mes de mayo. <\/em><\/p>\n<p><em>Mi reemplazo y el anterior estaban formados por reclutas que la mayor\u00eda ten\u00edan la carrera universitaria acabada. Esta foto pertenece a las pr\u00e1cticas de tiro que se realizaron en el mes de junio de ese a\u00f1o. Yo soy el del centro, de pie. Hab\u00eda por all\u00ed un fot\u00f3grafo y nos hicimos una foto para recordar ese d\u00eda. Todos eramos de la 5\u00aa Compa\u00f1\u00eda\u00a0 cuyo lema era &#8220;A buen paso&#8221;.<\/em><\/p>\n<p><em> En las jornadas de tiro los instructores no nos quitaban ojo. All\u00ed se ve\u00eda qui\u00e9n hab\u00eda pegado alg\u00fan tiro en su vida y qui\u00e9n no, como fue mi caso. En el primer tiro casi me deja tuerto el CETME con el alza, con el retroceso. En el segundo, ya tuve m\u00e1s cuidado. Ibas a la carrera a parchear los blancos. Ya fueran, 25, 50 \u00f3 100 metros. Tirabas de pie, rodilla en tierra, cuerpo a tierra. Aunque no lo parezca, se disfrutaba.<\/em><\/p>\n<p><em> En fin, \u00e9sta es la foto que tengo de mi paso por el CIR Santa Ana, como se llamaba entonces. Espero que sirva para el recuerdo de todos los que hemos pasado por esa instituci\u00f3n tan de C\u00e1ceres.\u00a0 Un saludo.<\/em><\/p>\n<div id=\"attachment_66\" style=\"width: 590px\" class=\"wp-caption aligncenter\"><a href=\"\/dicestudemili\/wp-content\/uploads\/sites\/57\/2012\/11\/mili.jpg\"><img aria-describedby=\"caption-attachment-66\" loading=\"lazy\" class=\"size-full wp-image-66 \" title=\"En las pr\u00e1cticas de tiro en el campamento Santa Ana.\" src=\"\/dicestudemili\/wp-content\/uploads\/sites\/57\/2012\/11\/mili.jpg\" alt=\"En las pr\u00e1cticas de tiro en el campamento Santa Ana.\" width=\"580\" height=\"883\" srcset=\"https:\/\/static-blogs.hoy.es\/wp-content\/uploads\/sites\/57\/2012\/11\/mili.jpg 580w, https:\/\/static-blogs.hoy.es\/wp-content\/uploads\/sites\/57\/2012\/11\/mili-197x300.jpg 197w\" sizes=\"(max-width: 580px) 100vw, 580px\" \/><\/a><p id=\"caption-attachment-66\" class=\"wp-caption-text\">En las pr\u00e1cticas de tiro en el campamento Santa Ana<\/p><\/div>\n<!-- AddThis Advanced Settings generic via filter on the_content --><!-- AddThis Share Buttons generic via filter on the_content -->","protected":false},"excerpt":{"rendered":"<p>Mi nombre es David Moreno Serrano. Pertenec\u00ed al 2\u00ba reemplazo del a\u00f1o 1996, all\u00e1 por el mes de mayo. Mi reemplazo y el anterior estaban formados por reclutas que la mayor\u00eda ten\u00edan la carrera universitaria acabada. Esta foto pertenece a las pr\u00e1cticas de tiro que se realizaron en el mes de junio de ese a\u00f1o. [&hellip;]<!-- AddThis Advanced Settings generic via filter on get_the_excerpt --><!-- AddThis Share Buttons generic via filter on get_the_excerpt --><\/p>\n","protected":false},"author":52,"featured_media":0,"comment_status":"open","ping_status":"closed","sticky":false,"template":"","format":"standard","meta":[],"categories":[6],"tags":[83,323,422,935],"_links":{"self":[{"href":"https:\/\/blogs.hoy.es\/dicestudemili\/wp-json\/wp\/v2\/posts\/65"}],"collection":[{"href":"https:\/\/blogs.hoy.es\/dicestudemili\/wp-json\/wp\/v2\/posts"}],"about":[{"href":"https:\/\/blogs.hoy.es\/dicestudemili\/wp-json\/wp\/v2\/types\/post"}],"author":[{"embeddable":true,"href":"https:\/\/blogs.hoy.es\/dicestudemili\/wp-json\/wp\/v2\/users\/52"}],"replies":[{"embeddable":true,"href":"https:\/\/blogs.hoy.es\/dicestudemili\/wp-json\/wp\/v2\/comments?post=65"}],"version-history":[{"count":0,"href":"https:\/\/blogs.hoy.es\/dicestudemili\/wp-json\/wp\/v2\/posts\/65\/revisions"}],"wp:attachment":[{"href":"https:\/\/blogs.hoy.es\/dicestudemili\/wp-json\/wp\/v2\/media?parent=65"}],"wp:term":[{"taxonomy":"category","embeddable":true,"href":"https:\/\/blogs.hoy.es\/dicestudemili\/wp-json\/wp\/v2\/categories?post=65"},{"taxonomy":"post_tag","embeddable":true,"href":"https:\/\/blogs.hoy.es\/dicestudemili\/wp-json\/wp\/v2\/tags?post=65"}],"curies":[{"name":"wp","href":"https:\/\/api.w.org\/{rel}","templated":true}]}}