{"id":668,"date":"2013-01-30T06:33:02","date_gmt":"2013-01-30T06:33:02","guid":{"rendered":"http:\/\/blogs.hoy.es\/dicestudemili\/?p=668"},"modified":"2013-01-30T06:33:02","modified_gmt":"2013-01-30T06:33:02","slug":"1982-2-ibarra-se-estrena-en-el-cir-y-el-beso-del-coronel-a-la-bandera","status":"publish","type":"post","link":"https:\/\/blogs.hoy.es\/dicestudemili\/2013\/01\/30\/1982-2-ibarra-se-estrena-en-el-cir-y-el-beso-del-coronel-a-la-bandera\/","title":{"rendered":"1982 (2): Ibarra se estrena en el CIR y el beso del coronel a la bandera constitucional"},"content":{"rendered":"<div id=\"attachment_670\" style=\"width: 505px\" class=\"wp-caption aligncenter\"><a href=\"\/dicestudemili\/wp-content\/uploads\/sites\/57\/2013\/01\/psoe.jpg\"><img aria-describedby=\"caption-attachment-670\" loading=\"lazy\" class=\" wp-image-670  \" title=\"Imagen de Juan Carlos Rodr\u00edguez Ibarra en sus inicios como presidente de Extremadura.\" src=\"\/dicestudemili\/wp-content\/uploads\/sites\/57\/2013\/01\/psoe.jpg\" alt=\"Imagen de Juan Carlos Rodr\u00edguez Ibarra en sus inicios como presidente de Extremadura.\" width=\"495\" height=\"437\" srcset=\"https:\/\/static-blogs.hoy.es\/wp-content\/uploads\/sites\/57\/2013\/01\/psoe.jpg 688w, https:\/\/static-blogs.hoy.es\/wp-content\/uploads\/sites\/57\/2013\/01\/psoe-300x265.jpg 300w\" sizes=\"(max-width: 495px) 100vw, 495px\" \/><\/a><p id=\"caption-attachment-670\" class=\"wp-caption-text\">Imagen de Juan Carlos Rodr\u00edguez Ibarra en sus inicios como presidente de Extremadura.<\/p><\/div>\n<p>&nbsp;<\/p>\n<p>El <strong>20 de diciembre de 1982<\/strong>, con 34 a\u00f1os, <strong>Juan Carlos Rodr\u00edguez Ibarra<\/strong> es<span style=\"font-size: 13px;\">\u00a0elegido presidente de la Junta Regional de Extremadura. Uno de sus primeros actos en este cargo fue acudir a la jura de bandera del CIR de C\u00e1ceres del <strong>30 de diciembre<\/strong>\u00a0en donde, seg\u00fan public\u00f3 HOY, &#8220;<em>ocup\u00f3 un lugar destacado en el estrado de autoridades<\/em>&#8220;. Unos meses despu\u00e9s,\u00a0<\/span><span style=\"font-size: 13px;\">el <strong>5 de marzo de 1983<\/strong>, se constituir\u00eda la Asamblea provisional auton\u00f3mica de Extremadura, en M\u00e9rida, en la que Rodr\u00edguez Ibarra fue elegido Presidente de la Junta de Gobierno de la regi\u00f3n. Este cargo lo desempe\u00f1\u00f3 durante m\u00e1s de 24 a\u00f1os, hasta <strong>junio de 2007<\/strong>.<\/span><\/p>\n<p>En el a\u00f1o 1982 fue noticia el homenaje que la <strong>Diputaci\u00f3n<\/strong> ofreci\u00f3 al CIR en un acto en el que la instituci\u00f3n provincial regal\u00f3 al centro de instrucci\u00f3n de reclutas la nueva bandera constitucional, con el nuevo escudo de Espa\u00f1a que dejaba atr\u00e1s el de la \u00e9poca de <strong>Franco<\/strong>. El acto tuvo lugar el <strong>26 de mayo<\/strong> en el Campamento Santa Ana, ante la presencia de autoridades como el presidente de la Diputaci\u00f3n, <strong>Jaime Vel\u00e1zquez Garc\u00eda<\/strong>; el gobernador civil<strong> Garc\u00eda Tafalla<\/strong>; el presidente de la Audiencia Territorial (hoy Tribunal Superior de Justicia de Extremadura) <strong>Entrena Klett<\/strong>; el fiscal de la misma, <strong>Mart\u00edn Andr\u00e9s<\/strong>; y el alcalde de la ciudad <strong>Manuel Dom\u00ednguez Lucero<\/strong>. En una situaci\u00f3n pol\u00edtica a\u00fan convulsa, el coronel jefe del CIR,\u00a0<strong>Rodr\u00edguez de la Pe\u00f1a<\/strong>, dijo en su discurso que las Fuerzas Armadas deben ser apol\u00edticas, transcurriendo su ejercicio &#8220;<em>sin saber de los acontecimientos pol\u00edticos que suceden apasionantes<\/em>&#8220;. Termin\u00f3 su intervenci\u00f3n de la siguiente manera: &#8220;<em>Voy a dar paso a esa tentaci\u00f3n que produce el tener cerca una bandera de Espa\u00f1a, d\u00e1ndole un beso en nombre de este CIR, como s\u00edmbolo de que todos, tanto nosotros como vosotros, luchamos por lo que esta gloriosa ense\u00f1a representa: la uni\u00f3n de un pueblo, con una raza indomable que, desde luego, jam\u00e1s ser\u00e1 vencida<\/em>&#8220;. A continuaci\u00f3n bes\u00f3 la bandera entre el aplauso de los asistentes, haciendo lo mismo el presidente de la Diputaci\u00f3n.<\/p>\n<p>&nbsp;<\/p>\n<div id=\"attachment_671\" style=\"width: 582px\" class=\"wp-caption aligncenter\"><a href=\"\/dicestudemili\/wp-content\/uploads\/sites\/57\/2013\/01\/1982mayo-2.jpg\"><img aria-describedby=\"caption-attachment-671\" loading=\"lazy\" class=\" wp-image-671 \" title=\"El coronel Rodr\u00edguez de la Pe\u00f1a besando la bandera constitucional.\" src=\"\/dicestudemili\/wp-content\/uploads\/sites\/57\/2013\/01\/1982mayo-2.jpg\" alt=\"El coronel Rodr\u00edguez de la Pe\u00f1a besando la bandera constitucional.\" width=\"572\" height=\"466\" srcset=\"https:\/\/static-blogs.hoy.es\/wp-content\/uploads\/sites\/57\/2013\/01\/1982mayo-2.jpg 715w, https:\/\/static-blogs.hoy.es\/wp-content\/uploads\/sites\/57\/2013\/01\/1982mayo-2-300x245.jpg 300w\" sizes=\"(max-width: 572px) 100vw, 572px\" \/><\/a><p id=\"caption-attachment-671\" class=\"wp-caption-text\">Noticia publicada en HOY, con la imagen del coronel besando la bandera constitucional.<\/p><\/div>\n<p>&nbsp;<\/p>\n<div id=\"attachment_672\" style=\"width: 501px\" class=\"wp-caption aligncenter\"><a href=\"\/dicestudemili\/wp-content\/uploads\/sites\/57\/2013\/01\/1982mayo-copia.jpg\"><img aria-describedby=\"caption-attachment-672\" loading=\"lazy\" class=\" wp-image-672  \" title=\"Momento del discurso del presidente de Diputaci\u00f3n, Jaime Vel\u00e1zquez.\" src=\"\/dicestudemili\/wp-content\/uploads\/sites\/57\/2013\/01\/1982mayo-copia.jpg\" alt=\"Momento del discurso del presidente de Diputaci\u00f3n, Jaime Vel\u00e1zquez.\" width=\"491\" height=\"435\" srcset=\"https:\/\/static-blogs.hoy.es\/wp-content\/uploads\/sites\/57\/2013\/01\/1982mayo-copia.jpg 681w, https:\/\/static-blogs.hoy.es\/wp-content\/uploads\/sites\/57\/2013\/01\/1982mayo-copia-300x266.jpg 300w\" sizes=\"(max-width: 491px) 100vw, 491px\" \/><\/a><p id=\"caption-attachment-672\" class=\"wp-caption-text\">Momento del discurso del presidente de la Diputaci\u00f3n, Jaime Vel\u00e1zquez.<\/p><\/div>\n<p>&nbsp;<\/p>\n<p>Adem\u00e1s de las noticias de la Jura de Bandera, el CIR fue motivo de una triste noticia al fallecer un soldado en los ejercicios de tiro con fuego real. Ocurri\u00f3 en el mes de septiembre. Seg\u00fan publico HOY, &#8220;<em>se dispar\u00f3 el &#8216;Cetme&#8217; que portaba el recluta <strong>Jos\u00e9 Loureida Rodr\u00edguez<\/strong>, vecino de Sobrado de los Monjes (La Coru\u00f1a), quien result\u00f3 muerto<\/em>&#8220;.<\/p>\n<p>Un ejemplo del acercamiento del Ej\u00e9rcito con el resto de la sociedad eran las visitas que se hac\u00edan al Campamento Santa Ana por colectivos como el <strong>Club de Pensionista de Mont\u00e1nchez<\/strong>, cuyos miembros hicieron una visita en julio, ocupando los asistentes dos autobuses. Presid\u00eda entonces el Club de Pensionistas <strong>Jacinto S\u00e1nchez G\u00f3mez<\/strong>.<\/p>\n<p>&nbsp;<\/p>\n<!-- AddThis Advanced Settings generic via filter on the_content --><!-- AddThis Share Buttons generic via filter on the_content -->","protected":false},"excerpt":{"rendered":"<p>&nbsp; El 20 de diciembre de 1982, con 34 a\u00f1os, Juan Carlos Rodr\u00edguez Ibarra es\u00a0elegido presidente de la Junta Regional de Extremadura. Uno de sus primeros actos en este cargo fue acudir a la jura de bandera del CIR de C\u00e1ceres del 30 de diciembre\u00a0en donde, seg\u00fan public\u00f3 HOY, &#8220;ocup\u00f3 un lugar destacado en el [&hellip;]<!-- AddThis Advanced Settings generic via filter on get_the_excerpt --><!-- AddThis Share Buttons generic via filter on get_the_excerpt --><\/p>\n","protected":false},"author":52,"featured_media":0,"comment_status":"open","ping_status":"closed","sticky":false,"template":"","format":"standard","meta":[],"categories":[3,5],"tags":[403,468,538,550,631,635,685,723,788,819],"_links":{"self":[{"href":"https:\/\/blogs.hoy.es\/dicestudemili\/wp-json\/wp\/v2\/posts\/668"}],"collection":[{"href":"https:\/\/blogs.hoy.es\/dicestudemili\/wp-json\/wp\/v2\/posts"}],"about":[{"href":"https:\/\/blogs.hoy.es\/dicestudemili\/wp-json\/wp\/v2\/types\/post"}],"author":[{"embeddable":true,"href":"https:\/\/blogs.hoy.es\/dicestudemili\/wp-json\/wp\/v2\/users\/52"}],"replies":[{"embeddable":true,"href":"https:\/\/blogs.hoy.es\/dicestudemili\/wp-json\/wp\/v2\/comments?post=668"}],"version-history":[{"count":0,"href":"https:\/\/blogs.hoy.es\/dicestudemili\/wp-json\/wp\/v2\/posts\/668\/revisions"}],"wp:attachment":[{"href":"https:\/\/blogs.hoy.es\/dicestudemili\/wp-json\/wp\/v2\/media?parent=668"}],"wp:term":[{"taxonomy":"category","embeddable":true,"href":"https:\/\/blogs.hoy.es\/dicestudemili\/wp-json\/wp\/v2\/categories?post=668"},{"taxonomy":"post_tag","embeddable":true,"href":"https:\/\/blogs.hoy.es\/dicestudemili\/wp-json\/wp\/v2\/tags?post=668"}],"curies":[{"name":"wp","href":"https:\/\/api.w.org\/{rel}","templated":true}]}}