{"id":677,"date":"2013-02-01T06:11:25","date_gmt":"2013-02-01T06:11:25","guid":{"rendered":"http:\/\/blogs.hoy.es\/dicestudemili\/?p=677"},"modified":"2013-02-01T06:11:25","modified_gmt":"2013-02-01T06:11:25","slug":"1982-y-3-cantando-lili-marleen-en-la-instruccion","status":"publish","type":"post","link":"https:\/\/blogs.hoy.es\/dicestudemili\/2013\/02\/01\/1982-y-3-cantando-lili-marleen-en-la-instruccion\/","title":{"rendered":"1982 (y 3): Cantando &#039;Lili Marleen&#039; en la instrucci\u00f3n"},"content":{"rendered":"<div id=\"attachment_678\" style=\"width: 644px\" class=\"wp-caption aligncenter\"><a href=\"\/dicestudemili\/wp-content\/uploads\/sites\/57\/2013\/02\/1982.-CACERES.-GRUPO-DE-OFICIALES-EN-LA-FESTIVIDAD-DE-LA-INMA.jpg\"><img aria-describedby=\"caption-attachment-678\" loading=\"lazy\" class=\" wp-image-678  \" title=\"Grupo de oficiales en la festividad de la Inmaculada Concepci\u00f3n de 1982.\" src=\"\/dicestudemili\/wp-content\/uploads\/sites\/57\/2013\/02\/1982.-CACERES.-GRUPO-DE-OFICIALES-EN-LA-FESTIVIDAD-DE-LA-INMA.jpg\" alt=\"Grupo de oficiales en la festividad de la Inmaculada Concepci\u00f3n de 1982.\" width=\"634\" height=\"350\" srcset=\"https:\/\/static-blogs.hoy.es\/wp-content\/uploads\/sites\/57\/2013\/02\/1982.-CACERES.-GRUPO-DE-OFICIALES-EN-LA-FESTIVIDAD-DE-LA-INMA.jpg 880w, https:\/\/static-blogs.hoy.es\/wp-content\/uploads\/sites\/57\/2013\/02\/1982.-CACERES.-GRUPO-DE-OFICIALES-EN-LA-FESTIVIDAD-DE-LA-INMA-300x166.jpg 300w, https:\/\/static-blogs.hoy.es\/wp-content\/uploads\/sites\/57\/2013\/02\/1982.-CACERES.-GRUPO-DE-OFICIALES-EN-LA-FESTIVIDAD-DE-LA-INMA-768x424.jpg 768w\" sizes=\"(max-width: 634px) 100vw, 634px\" \/><\/a><p id=\"caption-attachment-678\" class=\"wp-caption-text\">Grupo de oficiales en la festividad de la Inmaculada Concepci\u00f3n de 1982.<\/p><\/div>\n<p>&nbsp;<\/p>\n<p>&#8220;<em>Me llamo <strong>Francisco Javier G\u00f3mez<\/strong>. Fui voluntario a la mili (<strong>Getafe<\/strong>) y uno de los mayores disgustos de mi vida fue cuando me comunicaron que el periodo de instrucci\u00f3n deber\u00eda hacerlo en C\u00e1ceres. Al incorporarme al CIR, mi pesadumbre cambi\u00f3 por completo ya que la ciudad era una hermosura y el campamento estaba bien, sobre todo cuando nos trasladaron a las afueras de C\u00e1ceres. Tengo unos grandes recuerdos de mis compa\u00f1eros y tambi\u00e9n de los jefes: <strong>Capit\u00e1n teniente Etayo<\/strong>, un alf\u00e9rez que no recuerdo su nombre y que nos ense\u00f1\u00f3 a cantar la canci\u00f3n de la Compa\u00f1\u00eda, que era &#8216;Lili Marleen&#8217; (el teniente daba la orden&#8230; a las 3&#8230; la Lili) la cant\u00e1bamos todos. Tambi\u00e9n recuerdo al <strong>cabo 1\u00ba Pedro Sol\u00eds Valdecantos<\/strong>; recuerdo a un soldado instructor <strong>Alejandro Gul\u00edn<\/strong> que llevaba 2 \u00f3 3 a\u00f1os de mili&#8230; creo que por un castigo. Y recuerdo que yo ten\u00eda 19 a\u00f1os y todo me parec\u00eda risas y m\u00e1s risas<\/em>&#8220;. Este es un comentario sobre la mili en C\u00e1ceres del <strong>blog Historias de El Pardo<\/strong>.<\/p>\n<p>En 1982 hubo en C\u00e1ceres ocho juras de bandera. En la del <strong>4 de julio<\/strong> participaron 1.957 \u00a0soldados, en la del <strong>22 de agosto<\/strong> juraron 2.596 j\u00f3venes de los que 292 pertenec\u00edan al <strong>IMEC<\/strong> (Milicias Universitarias), y en la del <strong>3 de octubre<\/strong> se calcul\u00f3 que 10.000 personas fueron testigos del compromiso de 2.166 reclutas, en este acto llam\u00f3 la atenci\u00f3n que en el grupo de civiles que juraron bandera estaban 24 j\u00f3venes sordomudos, que por su discapacidad estaban exentos de hacer el servicio militar. La \u00faltima jura fue la del <strong>30 de diciembre<\/strong> en la que participaron 2.094 reclutas, la noticia de HOY sobre este acto destacaba que asistieron muchos familiares de los reclutas, &#8220;<em>de esta numerosa presencia de familiares da idea el hecho de que muchas de estas personas se vieron obligadas a pasar la noche en sus veh\u00edculos, ante la falta de alojamiento en los distintos establecimientos hoteleros de la capital<\/em>&#8220;. Durmiendo en los coches y en el mes de diciembre.<\/p>\n<p>&nbsp;<\/p>\n<div id=\"attachment_680\" style=\"width: 447px\" class=\"wp-caption aligncenter\"><a href=\"\/dicestudemili\/wp-content\/uploads\/sites\/57\/2013\/02\/1982-diciembre-copia.jpg\"><img aria-describedby=\"caption-attachment-680\" loading=\"lazy\" class=\" wp-image-680  \" title=\"Recorte de la noticia en HOY de la jura de diciembre.\" src=\"\/dicestudemili\/wp-content\/uploads\/sites\/57\/2013\/02\/1982-diciembre-copia.jpg\" alt=\"Recorte de la noticia en HOY de la jura de diciembre.\" width=\"437\" height=\"539\" srcset=\"https:\/\/static-blogs.hoy.es\/wp-content\/uploads\/sites\/57\/2013\/02\/1982-diciembre-copia.jpg 607w, https:\/\/static-blogs.hoy.es\/wp-content\/uploads\/sites\/57\/2013\/02\/1982-diciembre-copia-243x300.jpg 243w\" sizes=\"(max-width: 437px) 100vw, 437px\" \/><\/a><p id=\"caption-attachment-680\" class=\"wp-caption-text\">Recorte de la noticia en HOY de la jura de diciembre.<\/p><\/div>\n<p>&nbsp;<\/p>\n<p>El <strong>11 de julio<\/strong> hubo que lamentar un accidente de tr\u00e1fico grave en el que resultaron heridos dos soldados del CIR. A las cinco de la madrugada, en el kil\u00f3metro 183 de la Nacional 630, t\u00e9rmino municipal de <strong>Garrovillas de Alcon\u00e9tar<\/strong>, se sali\u00f3 de la calzada chocando contra un poste un coche en el que viajaban dos j\u00f3venes de 20 a\u00f1os: <strong>Jorge Jos\u00e9 Iglesias Castro<\/strong>, que result\u00f3 con lesiones en la columna vertebral, y<strong> Manuel Fern\u00e1ndez Pereira<\/strong> que fue trasladado a un hospital madrile\u00f1o.<\/p>\n<p>En el blog Historias de El Pardo hay m\u00e1s comentarios de gente que hizo la mili en C\u00e1ceres en 1982. \u00a0Hay uno que escribe de aviones a reacci\u00f3n. Dice as\u00ed: &#8220;<em>Estuve en la\u00a0<\/em><span style=\"font-size: 13px;\"><em>5\u00aa Compa\u00f1ia, ESCORPI\u00d3N. JODER QUE CALOR PAS\u00c9. Recuerdo las panzadas de correr campo a trav\u00e9s con una tierra llena de bellotas, las formaciones despu\u00e9s de la marcha en la explanada, los reactores que pasaban a vuelo rasante y nos acojonaban del estruendo, la entrega de ropa y vacunas a la intemperie, la poller\u00eda, la cantina, conservo un cenicero met\u00e1lico de recuerdo. C\u00e1ceres me termin\u00f3 gustando. En fin, ya pas\u00f3. Luego acab\u00e9 en sanidad, Madrid, G\u00f3mez Ulla. Fui conductor de ambulancias y all\u00ed se agotaba ya la MOVIDA. Iba a comer al Antonio, EL GUARRO, esa fue nuestra verdadera morada, su hija la <strong>To\u00f1i<\/strong>, el hijo d\u00edscolo, las mahoulas, los sol y sombra con hielo. Salud para todos. Ah, me llamaban <strong>el GANDI<\/strong><\/em>&#8220;.<\/span><\/p>\n<p>Un tal <strong>Jaime<\/strong> escribe: &#8220;<em>Pas\u00e9 en el CIR n\u00famero 3 Santa Ana los meses de abril y mayo de 1982, en la 1\u00aa Compa\u00f1\u00eda. Tengo alg\u00fan recuerdo amargo y muchos buenos, que son los que al final perduran. Luego el resto de la mili la pas\u00e9 en Madrid, en el <strong>cuartel del Goloso<\/strong>, Grupo Artiller\u00eda de Campa\u00f1a ATP XII<\/em>&#8220;.<\/p>\n<p>Otro comentario indica, &#8220;<em>mi nombre es <strong>David Montero<\/strong>, 3\u00aa Compa\u00f1\u00eda, primer Batall\u00f3n. 1982 (octubre-21 de noviembre jura de bandera). Busco compa\u00f1eros para organizar encuentro, pues perd\u00ed todas las pistas de la gente. Por favor, pod\u00e9is contactar conmigo en la direcci\u00f3n de correo dmb1962@terra.es. Espero tener suerte. Un saludo a todos y gracias por esta oportunidad<\/em>&#8220;.<\/p>\n<p>&nbsp;<\/p>\n<p><strong>&#8216;Lili Marleen&#8217;<\/strong>\u00a0es una famosa canci\u00f3n alemana basada en un poema escrito en 1915, durante la I Guerra Mundial, por el soldado <strong>Hans Leip<\/strong> que recordaba los encuentros con su novia debajo de una farola frente al cuartel. El compositor <strong>Norbert Schultze<\/strong> le puso m\u00fasica en 1937. Fue muy popular a partir de la II Guerra Mundial, adopt\u00e1ndola despu\u00e9s un gran n\u00famero de ej\u00e9rcitos de todo el mundo, en versi\u00f3n cantada o adaptada como marcha. En\u00a0muchas versiones se cambi\u00f3 la letra original que puede parecer algo insulsa. Esta es la versi\u00f3n que cantaba el grupo <strong>Ole Ole<\/strong> con <strong>Marta S\u00e1nchez<\/strong>.<\/p>\n<p><a href=\"https:\/\/www.youtube.com\/watch?v=yc3bZWVUZAk\">https:\/\/www.youtube.com\/watch?v=yc3bZWVUZAk<\/a><\/p>\n<p>&nbsp;<\/p>\n<!-- AddThis Advanced Settings generic via filter on the_content --><!-- AddThis Share Buttons generic via filter on the_content -->","protected":false},"excerpt":{"rendered":"<p>&nbsp; &#8220;Me llamo Francisco Javier G\u00f3mez. Fui voluntario a la mili (Getafe) y uno de los mayores disgustos de mi vida fue cuando me comunicaron que el periodo de instrucci\u00f3n deber\u00eda hacerlo en C\u00e1ceres. Al incorporarme al CIR, mi pesadumbre cambi\u00f3 por completo ya que la ciudad era una hermosura y el campamento estaba bien, [&hellip;]<!-- AddThis Advanced Settings generic via filter on get_the_excerpt --><!-- AddThis Share Buttons generic via filter on get_the_excerpt --><\/p>\n","protected":false},"author":52,"featured_media":0,"comment_status":"open","ping_status":"closed","sticky":false,"template":"","format":"standard","meta":[],"categories":[3],"tags":[39,186,267,421,529,612,667,766,790],"_links":{"self":[{"href":"https:\/\/blogs.hoy.es\/dicestudemili\/wp-json\/wp\/v2\/posts\/677"}],"collection":[{"href":"https:\/\/blogs.hoy.es\/dicestudemili\/wp-json\/wp\/v2\/posts"}],"about":[{"href":"https:\/\/blogs.hoy.es\/dicestudemili\/wp-json\/wp\/v2\/types\/post"}],"author":[{"embeddable":true,"href":"https:\/\/blogs.hoy.es\/dicestudemili\/wp-json\/wp\/v2\/users\/52"}],"replies":[{"embeddable":true,"href":"https:\/\/blogs.hoy.es\/dicestudemili\/wp-json\/wp\/v2\/comments?post=677"}],"version-history":[{"count":0,"href":"https:\/\/blogs.hoy.es\/dicestudemili\/wp-json\/wp\/v2\/posts\/677\/revisions"}],"wp:attachment":[{"href":"https:\/\/blogs.hoy.es\/dicestudemili\/wp-json\/wp\/v2\/media?parent=677"}],"wp:term":[{"taxonomy":"category","embeddable":true,"href":"https:\/\/blogs.hoy.es\/dicestudemili\/wp-json\/wp\/v2\/categories?post=677"},{"taxonomy":"post_tag","embeddable":true,"href":"https:\/\/blogs.hoy.es\/dicestudemili\/wp-json\/wp\/v2\/tags?post=677"}],"curies":[{"name":"wp","href":"https:\/\/api.w.org\/{rel}","templated":true}]}}