{"id":686,"date":"2013-02-04T07:26:27","date_gmt":"2013-02-04T07:26:27","guid":{"rendered":"http:\/\/blogs.hoy.es\/dicestudemili\/?p=686"},"modified":"2013-02-04T07:26:27","modified_gmt":"2013-02-04T07:26:27","slug":"desmayos-en-las-juras-de-bandera","status":"publish","type":"post","link":"https:\/\/blogs.hoy.es\/dicestudemili\/2013\/02\/04\/desmayos-en-las-juras-de-bandera\/","title":{"rendered":"No est\u00e1n bailando, uno se ha desmayado"},"content":{"rendered":"<div id=\"attachment_687\" style=\"width: 663px\" class=\"wp-caption aligncenter\"><a href=\"\/dicestudemili\/wp-content\/uploads\/sites\/57\/2013\/02\/2001marzodesmayo.jpg\"><img aria-describedby=\"caption-attachment-687\" loading=\"lazy\" class=\" wp-image-687   \" title=\"Curiosa imagen de un desmayo tomada por Lorenzo Cordero en la jura de bandera de marzo de 2001.\" src=\"\/dicestudemili\/wp-content\/uploads\/sites\/57\/2013\/02\/2001marzodesmayo.jpg\" alt=\"Curiosa imagen de un desmayo tomada por Lorenzo Cordero en la jura de bandera de marzo de 2001.\" width=\"653\" height=\"495\" srcset=\"https:\/\/static-blogs.hoy.es\/wp-content\/uploads\/sites\/57\/2013\/02\/2001marzodesmayo.jpg 928w, https:\/\/static-blogs.hoy.es\/wp-content\/uploads\/sites\/57\/2013\/02\/2001marzodesmayo-300x227.jpg 300w, https:\/\/static-blogs.hoy.es\/wp-content\/uploads\/sites\/57\/2013\/02\/2001marzodesmayo-768x581.jpg 768w\" sizes=\"(max-width: 653px) 100vw, 653px\" \/><\/a><p id=\"caption-attachment-687\" class=\"wp-caption-text\">Curiosa imagen de un desmayo tomada por Lorenzo Cordero en la jura de bandera de marzo del 2001.<\/p><\/div>\n<p>&nbsp;<\/p>\n<p>En la jura de bandera que tuvo lugar en el <strong>Campamento Santa Ana<\/strong> en <strong>marzo del 2001<\/strong>, el fot\u00f3grafo del Diario HOY <strong>Lorenzo Cordero<\/strong> tom\u00f3 esta instant\u00e1nea de dos soldados que a alguien le podr\u00eda parecer, a simple vista, que est\u00e1n bailando; pero uno de ellos est\u00e1 sujetando al otro para que no se caiga porque ha perdido el conocimiento. Al fijarse detenidamente en la imagen llama la atenci\u00f3n como el que sujeta al que se desmaya sigue portando el arma, mientras que el otro brazo sujeta con fuerza al compa\u00f1ero que ya tiene las piernas descolocadas al comenzar a desplomarse. Es curioso ver como los dem\u00e1s siguen formados y s\u00f3lo hay dos que miran de reojo la escena.<\/p>\n<p>En las juras de bandera eran muy normal que alguno de los reclutas se desmayara, estando preparado para atenderlos personal sanitario en una ambulancia. En las juras de verano era cuando ten\u00edan m\u00e1s trabajo, atendiendo tambi\u00e9n a alg\u00fan familiar no acostumbrado a los calores de C\u00e1ceres.<\/p>\n<!-- AddThis Advanced Settings generic via filter on the_content --><!-- AddThis Share Buttons generic via filter on the_content -->","protected":false},"excerpt":{"rendered":"<p>&nbsp; En la jura de bandera que tuvo lugar en el Campamento Santa Ana en marzo del 2001, el fot\u00f3grafo del Diario HOY Lorenzo Cordero tom\u00f3 esta instant\u00e1nea de dos soldados que a alguien le podr\u00eda parecer, a simple vista, que est\u00e1n bailando; pero uno de ellos est\u00e1 sujetando al otro para que no se [&hellip;]<!-- AddThis Advanced Settings generic via filter on get_the_excerpt --><!-- AddThis Share Buttons generic via filter on get_the_excerpt --><\/p>\n","protected":false},"author":52,"featured_media":0,"comment_status":"open","ping_status":"closed","sticky":false,"template":"","format":"standard","meta":[],"categories":[2],"tags":[211,425],"_links":{"self":[{"href":"https:\/\/blogs.hoy.es\/dicestudemili\/wp-json\/wp\/v2\/posts\/686"}],"collection":[{"href":"https:\/\/blogs.hoy.es\/dicestudemili\/wp-json\/wp\/v2\/posts"}],"about":[{"href":"https:\/\/blogs.hoy.es\/dicestudemili\/wp-json\/wp\/v2\/types\/post"}],"author":[{"embeddable":true,"href":"https:\/\/blogs.hoy.es\/dicestudemili\/wp-json\/wp\/v2\/users\/52"}],"replies":[{"embeddable":true,"href":"https:\/\/blogs.hoy.es\/dicestudemili\/wp-json\/wp\/v2\/comments?post=686"}],"version-history":[{"count":0,"href":"https:\/\/blogs.hoy.es\/dicestudemili\/wp-json\/wp\/v2\/posts\/686\/revisions"}],"wp:attachment":[{"href":"https:\/\/blogs.hoy.es\/dicestudemili\/wp-json\/wp\/v2\/media?parent=686"}],"wp:term":[{"taxonomy":"category","embeddable":true,"href":"https:\/\/blogs.hoy.es\/dicestudemili\/wp-json\/wp\/v2\/categories?post=686"},{"taxonomy":"post_tag","embeddable":true,"href":"https:\/\/blogs.hoy.es\/dicestudemili\/wp-json\/wp\/v2\/tags?post=686"}],"curies":[{"name":"wp","href":"https:\/\/api.w.org\/{rel}","templated":true}]}}