{"id":69,"date":"2012-11-14T06:57:00","date_gmt":"2012-11-14T06:57:00","guid":{"rendered":"http:\/\/blogs.hoy.es\/dicestudemili\/?p=69"},"modified":"2012-11-14T06:57:00","modified_gmt":"2012-11-14T06:57:00","slug":"cartel","status":"publish","type":"post","link":"https:\/\/blogs.hoy.es\/dicestudemili\/2012\/11\/14\/cartel\/","title":{"rendered":"&#039;Medios de Comunicaci\u00f3n y Ej\u00e9rcito&#039;"},"content":{"rendered":"<p>El <strong>Centro de Formaci\u00f3n de Tropa (Cefot) n\u00ba 1<\/strong> de C\u00e1ceres organiz\u00f3 la <strong>XX edici\u00f3n del Aula Militar de Cultura<\/strong>, bajo el t\u00edtulo \u2018Medios de Comunicaci\u00f3n y Ej\u00e9rcito\u2019. Por ese motivo, desde el 30 de noviembre al 16 de diciembre, ofreci\u00f3 una exposici\u00f3n en el <strong>Palacio de las Cig\u00fce\u00f1as<\/strong> que mostraba noticias publicadas en el <strong>Diario HOY<\/strong> y <strong>el Peri\u00f3dico<\/strong> con las que se resume la historia del centro de instrucci\u00f3n desde el momento en que se cre\u00f3 en diciembre de 1964.<\/p>\n<p>La muestra reun\u00eda 37 paneles explicativos de toda la actividad realizada por los militares del Ej\u00e9rcito de Tierra en C\u00e1ceres. Tambi\u00e9n se expon\u00eda el bombo que utilizaba el Ayuntamiento de C\u00e1ceres para el sorteo de los quintos o el aparato para conocer la talla de cada recluta. Hab\u00eda una figura a tama\u00f1o natural de un militar dibujado por <strong>Mingote<\/strong>, en el que el visitante pod\u00eda colocar su cara para llevarse una fotograf\u00eda de recuerdo.<\/p>\n<p>La exposici\u00f3n inclu\u00eda igualmente un v\u00eddeo con la opini\u00f3n que tienen los cacere\u00f1os sobre el Cefot y otra pieza audiovisual con el contenido de este blog del Diario HOY &#8216;Dices t\u00fa de mili&#8217;.<\/p>\n<p>&nbsp;<\/p>\n<div id=\"attachment_70\" style=\"width: 579px\" class=\"wp-caption aligncenter\"><a href=\"\/dicestudemili\/wp-content\/uploads\/sites\/57\/2012\/11\/cartel.jpg\"><img aria-describedby=\"caption-attachment-70\" loading=\"lazy\" class=\" wp-image-70  \" title=\"Cartel de la exposici\u00f3n.\" src=\"\/dicestudemili\/wp-content\/uploads\/sites\/57\/2012\/11\/cartel.jpg\" alt=\"Cartel de la exposici\u00f3n.\" width=\"569\" height=\"805\" srcset=\"https:\/\/static-blogs.hoy.es\/wp-content\/uploads\/sites\/57\/2012\/11\/cartel.jpg 702w, https:\/\/static-blogs.hoy.es\/wp-content\/uploads\/sites\/57\/2012\/11\/cartel-212x300.jpg 212w\" sizes=\"(max-width: 569px) 100vw, 569px\" \/><\/a><p id=\"caption-attachment-70\" class=\"wp-caption-text\">Cartel de la exposici\u00f3n.<\/p><\/div>\n<p>&nbsp;<\/p>\n<div id=\"attachment_330\" style=\"width: 568px\" class=\"wp-caption aligncenter\"><a href=\"\/dicestudemili\/wp-content\/uploads\/sites\/57\/2012\/11\/P1010639.jpg\"><img aria-describedby=\"caption-attachment-330\" loading=\"lazy\" class=\" wp-image-330  \" title=\"Palacio de las Cig\u00fce\u00f1as.\" src=\"\/dicestudemili\/wp-content\/uploads\/sites\/57\/2012\/11\/P1010639.jpg\" alt=\"Palacio de las Cig\u00fce\u00f1as.\" width=\"558\" height=\"682\" srcset=\"https:\/\/static-blogs.hoy.es\/wp-content\/uploads\/sites\/57\/2012\/11\/P1010639.jpg 774w, https:\/\/static-blogs.hoy.es\/wp-content\/uploads\/sites\/57\/2012\/11\/P1010639-245x300.jpg 245w\" sizes=\"(max-width: 558px) 100vw, 558px\" \/><\/a><p id=\"caption-attachment-330\" class=\"wp-caption-text\">Palacio de las Cig\u00fce\u00f1as.<\/p><\/div>\n<div id=\"attachment_331\" style=\"width: 678px\" class=\"wp-caption aligncenter\"><a href=\"\/dicestudemili\/wp-content\/uploads\/sites\/57\/2012\/11\/P1010638.jpg\"><img aria-describedby=\"caption-attachment-331\" loading=\"lazy\" class=\" wp-image-331  \" title=\"Entrada del Palacio con el cartel de la exposici\u00f3n.\" src=\"\/dicestudemili\/wp-content\/uploads\/sites\/57\/2012\/11\/P1010638.jpg\" alt=\"Entrada del Palacio con el cartel de la exposici\u00f3n.\" width=\"668\" height=\"501\" srcset=\"https:\/\/static-blogs.hoy.es\/wp-content\/uploads\/sites\/57\/2012\/11\/P1010638.jpg 824w, https:\/\/static-blogs.hoy.es\/wp-content\/uploads\/sites\/57\/2012\/11\/P1010638-300x225.jpg 300w, https:\/\/static-blogs.hoy.es\/wp-content\/uploads\/sites\/57\/2012\/11\/P1010638-768x577.jpg 768w\" sizes=\"(max-width: 668px) 100vw, 668px\" \/><\/a><p id=\"caption-attachment-331\" class=\"wp-caption-text\">Entrada del Palacio con el cartel principal de la exposici\u00f3n.<\/p><\/div>\n<p>&nbsp;<\/p>\n<p>&nbsp;<\/p>\n<!-- AddThis Advanced Settings generic via filter on the_content --><!-- AddThis Share Buttons generic via filter on the_content -->","protected":false},"excerpt":{"rendered":"<p>El Centro de Formaci\u00f3n de Tropa (Cefot) n\u00ba 1 de C\u00e1ceres organiz\u00f3 la XX edici\u00f3n del Aula Militar de Cultura, bajo el t\u00edtulo \u2018Medios de Comunicaci\u00f3n y Ej\u00e9rcito\u2019. Por ese motivo, desde el 30 de noviembre al 16 de diciembre, ofreci\u00f3 una exposici\u00f3n en el Palacio de las Cig\u00fce\u00f1as que mostraba noticias publicadas en el [&hellip;]<!-- AddThis Advanced Settings generic via filter on get_the_excerpt --><!-- AddThis Share Buttons generic via filter on get_the_excerpt --><\/p>\n","protected":false},"author":52,"featured_media":265,"comment_status":"open","ping_status":"closed","sticky":false,"template":"","format":"standard","meta":[],"categories":[4],"tags":[295,574,826],"_links":{"self":[{"href":"https:\/\/blogs.hoy.es\/dicestudemili\/wp-json\/wp\/v2\/posts\/69"}],"collection":[{"href":"https:\/\/blogs.hoy.es\/dicestudemili\/wp-json\/wp\/v2\/posts"}],"about":[{"href":"https:\/\/blogs.hoy.es\/dicestudemili\/wp-json\/wp\/v2\/types\/post"}],"author":[{"embeddable":true,"href":"https:\/\/blogs.hoy.es\/dicestudemili\/wp-json\/wp\/v2\/users\/52"}],"replies":[{"embeddable":true,"href":"https:\/\/blogs.hoy.es\/dicestudemili\/wp-json\/wp\/v2\/comments?post=69"}],"version-history":[{"count":0,"href":"https:\/\/blogs.hoy.es\/dicestudemili\/wp-json\/wp\/v2\/posts\/69\/revisions"}],"wp:featuredmedia":[{"embeddable":true,"href":"https:\/\/blogs.hoy.es\/dicestudemili\/wp-json\/wp\/v2\/media\/265"}],"wp:attachment":[{"href":"https:\/\/blogs.hoy.es\/dicestudemili\/wp-json\/wp\/v2\/media?parent=69"}],"wp:term":[{"taxonomy":"category","embeddable":true,"href":"https:\/\/blogs.hoy.es\/dicestudemili\/wp-json\/wp\/v2\/categories?post=69"},{"taxonomy":"post_tag","embeddable":true,"href":"https:\/\/blogs.hoy.es\/dicestudemili\/wp-json\/wp\/v2\/tags?post=69"}],"curies":[{"name":"wp","href":"https:\/\/api.w.org\/{rel}","templated":true}]}}