{"id":697,"date":"2013-02-06T07:41:48","date_gmt":"2013-02-06T07:41:48","guid":{"rendered":"http:\/\/blogs.hoy.es\/dicestudemili\/?p=697"},"modified":"2013-02-06T07:41:48","modified_gmt":"2013-02-06T07:41:48","slug":"1983-1-jura-con-tacanonas-y-la-despedida-del-alcalde-dominguez-lucero","status":"publish","type":"post","link":"https:\/\/blogs.hoy.es\/dicestudemili\/2013\/02\/06\/1983-1-jura-con-tacanonas-y-la-despedida-del-alcalde-dominguez-lucero\/","title":{"rendered":"1983 (1) : Jura con &#039;taca\u00f1onas&#039; y la despedida del alcalde Manuel Dom\u00ednguez Lucero"},"content":{"rendered":"<div id=\"attachment_698\" style=\"width: 464px\" class=\"wp-caption aligncenter\"><a href=\"\/dicestudemili\/wp-content\/uploads\/sites\/57\/2013\/02\/1983diciembre-copia.jpg\"><img aria-describedby=\"caption-attachment-698\" loading=\"lazy\" class=\" wp-image-698 \" title=\"Recorte del Diario HOY con Carlos Tejado entrevistando a Paloma Hurtado y a su madre Mari Carrillo.\" src=\"\/dicestudemili\/wp-content\/uploads\/sites\/57\/2013\/02\/1983diciembre-copia.jpg\" alt=\"Recorte del Diario HOY con Carlos Tejado entrevistando a Paloma Hurtado y a su madre Mari Carrillo.\" width=\"454\" height=\"581\" srcset=\"https:\/\/static-blogs.hoy.es\/wp-content\/uploads\/sites\/57\/2013\/02\/1983diciembre-copia.jpg 454w, https:\/\/static-blogs.hoy.es\/wp-content\/uploads\/sites\/57\/2013\/02\/1983diciembre-copia-234x300.jpg 234w\" sizes=\"(max-width: 454px) 100vw, 454px\" \/><\/a><p id=\"caption-attachment-698\" class=\"wp-caption-text\">Recorte de HOY con Tejado entrevistando a Paloma Hurtado y a su madre Mari Carrillo.<\/p><\/div>\n<p>&nbsp;<\/p>\n<p>En las multitudinarias juras de bandera de C\u00e1ceres en las que se llegaban a concentrar hasta 10.000 personas en el <strong>Campamento Santa Ana<\/strong>, hab\u00eda veces que entre los asistentes se encontraba gente famosa, como ocurri\u00f3 el <strong>23 de diciembre de 1983<\/strong> al estar entre los invitados las tres hermanas Hurtado junto a su madre, la actriz <strong>Mari Carrillo<\/strong>.<\/p>\n<p>Mari Carrillo (Toledo 1919-Madrid 2009) fue una gran dama del teatro que tuvo cuatro hijas. La mayor no se dedic\u00f3 al mundo de la escena pero s\u00ed las otras tres: <strong>Paloma Hurtado<\/strong> (nacida en 1946) y las hermanas gemelas <strong>Teresa<\/strong> y <strong>Fernanda Hurtado<\/strong> (1947). Las tres hermanas alcanzaron fama a partir de 1982, cuando <strong>Chicho Ib\u00e1\u00f1ez Serrador<\/strong> las contrat\u00f3 para el m\u00e1s famoso programa concurso que ha existido en televisi\u00f3n en Espa\u00f1a, el <strong>&#8216;Un, dos, tres&#8230;&#8217;<\/strong> que se emiti\u00f3 desde 1972 a 1994, volviendo en el a\u00f1o 2004 sin recuperar el \u00e9xito de otros tiempos.<\/p>\n<p>Cuando las tres Hurtado llegaron a C\u00e1ceres con su madre, eran muy conocidas. Seg\u00fan cont\u00f3 el Diario HOY recibieron aplausos de los asistentes y no dejaron de firmar aut\u00f3grafos. Trabajaron en &#8216;Un, dos, tres&#8230;&#8217; desde 1982 hasta 1988, volviendo desde 1991 a 1994. Hac\u00edan el papel de las <strong>&#8216;hermanas Taca\u00f1onas&#8217;<\/strong>. Paloma, vestida de luto, representaba al personaje de la &#8216;Viuda de Poco&#8217;, su hermana Teresa a &#8216;La Se\u00f1o&#8217;, y Fernanda a &#8216;Mari Puri&#8217;.<\/p>\n<p>&nbsp;<\/p>\n<div id=\"attachment_700\" style=\"width: 500px\" class=\"wp-caption aligncenter\"><a href=\"\/dicestudemili\/wp-content\/uploads\/sites\/57\/2013\/02\/tacanonas.jpg\"><img aria-describedby=\"caption-attachment-700\" loading=\"lazy\" class=\" wp-image-700 \" title=\"Las hermanas Taca\u00f1onas.\" src=\"\/dicestudemili\/wp-content\/uploads\/sites\/57\/2013\/02\/tacanonas.jpg\" alt=\"Las hermanas Taca\u00f1onas.\" width=\"490\" height=\"552\" srcset=\"https:\/\/static-blogs.hoy.es\/wp-content\/uploads\/sites\/57\/2013\/02\/tacanonas.jpg 612w, https:\/\/static-blogs.hoy.es\/wp-content\/uploads\/sites\/57\/2013\/02\/tacanonas-266x300.jpg 266w\" sizes=\"(max-width: 490px) 100vw, 490px\" \/><\/a><p id=\"caption-attachment-700\" class=\"wp-caption-text\">Las hermanas Taca\u00f1onas.<\/p><\/div>\n<p>&nbsp;<\/p>\n<p>Vinieron a C\u00e1ceres porque juraba bandera uno de los hijos de Paloma Hurtado. Retirada de la escena, Paloma vive ahora en Orlando con un norteamericano con el que se cas\u00f3 en el a\u00f1o 2001 tras conocerle chateando por internet. Su hermana Teresa sufri\u00f3 un ictus cerebral en diciembre del 2012.<\/p>\n<p>En el acto militar que presenciaron en C\u00e1ceres juraron bandera 2.189 reclutas.<\/p>\n<p>Otra jura de este a\u00f1o destacada fue la del <strong>22 de mayo de 1983<\/strong>, en la que participaron 1.849 reclutas. Entre las autoridades estaba <strong>Manuel Dom\u00ednguez Lucero<\/strong>, siendo el de ese d\u00eda su \u00faltimo acto oficial como alcalde. Al d\u00eda siguiente ced\u00eda la alcald\u00eda al socialista <strong>Juan Iglesias Marcelo<\/strong>, como recoge la fotograf\u00eda publicada por <strong>M\u00fa\u00f1ez<\/strong> en su libro &#8216;C\u00e1ceres, Plaza Mayor&#8217;; en ella se ve, entre el alcalde que viene y el que se va, al sindicalista de UGT <strong>Miguel \u00c1ngel Rubio<\/strong>.<\/p>\n<p>&nbsp;<\/p>\n<div id=\"attachment_701\" style=\"width: 615px\" class=\"wp-caption aligncenter\"><a href=\"\/dicestudemili\/wp-content\/uploads\/sites\/57\/2013\/02\/P2060768.jpg\"><img aria-describedby=\"caption-attachment-701\" loading=\"lazy\" class=\" wp-image-701 \" title=\"Dom\u00ednguez Lucero (derecha) cede la alcald\u00eda a Juan Iglesias Marcelo (izquierda). En el centro, Miguel \u00c1ngel Rubio.\" src=\"\/dicestudemili\/wp-content\/uploads\/sites\/57\/2013\/02\/P2060768.jpg\" alt=\"Dom\u00ednguez Lucero (derecha) cede la alcald\u00eda a Juan Iglesias Marcelo (izquierda). En el centro, Miguel \u00c1ngel Rubio.\" width=\"605\" height=\"539\" srcset=\"https:\/\/static-blogs.hoy.es\/wp-content\/uploads\/sites\/57\/2013\/02\/P2060768.jpg 756w, https:\/\/static-blogs.hoy.es\/wp-content\/uploads\/sites\/57\/2013\/02\/P2060768-300x267.jpg 300w\" sizes=\"(max-width: 605px) 100vw, 605px\" \/><\/a><p id=\"caption-attachment-701\" class=\"wp-caption-text\">Dom\u00ednguez Lucero (derecha) cede la alcald\u00eda a Juan Iglesias Marcelo (izquierda). En el centro, Miguel \u00c1ngel Rubio.<\/p><\/div>\n<p>Manuel Dom\u00ednguez Lucero fue alcalde de C\u00e1ceres por UCD con 34 a\u00f1os, desde 1980 a 1983. Luego fue elegido decano del <strong>Ilustre<\/strong>\u00a0<strong>Colegio de Abogados de C\u00e1ceres<\/strong> desde 1988 al 2001, tambi\u00e9n fue miembro del <strong>Consejo General de la Abogac\u00eda<\/strong>.<\/p>\n<p>&nbsp;<\/p>\n<!-- AddThis Advanced Settings generic via filter on the_content --><!-- AddThis Share Buttons generic via filter on the_content -->","protected":false},"excerpt":{"rendered":"<p>&nbsp; En las multitudinarias juras de bandera de C\u00e1ceres en las que se llegaban a concentrar hasta 10.000 personas en el Campamento Santa Ana, hab\u00eda veces que entre los asistentes se encontraba gente famosa, como ocurri\u00f3 el 23 de diciembre de 1983 al estar entre los invitados las tres hermanas Hurtado junto a su madre, [&hellip;]<!-- AddThis Advanced Settings generic via filter on get_the_excerpt --><!-- AddThis Share Buttons generic via filter on get_the_excerpt --><\/p>\n","protected":false},"author":52,"featured_media":0,"comment_status":"open","ping_status":"closed","sticky":false,"template":"","format":"standard","meta":[],"categories":[3],"tags":[10,315,335,444,503,589,728,788,805,835,864,891,1138,1154],"_links":{"self":[{"href":"https:\/\/blogs.hoy.es\/dicestudemili\/wp-json\/wp\/v2\/posts\/697"}],"collection":[{"href":"https:\/\/blogs.hoy.es\/dicestudemili\/wp-json\/wp\/v2\/posts"}],"about":[{"href":"https:\/\/blogs.hoy.es\/dicestudemili\/wp-json\/wp\/v2\/types\/post"}],"author":[{"embeddable":true,"href":"https:\/\/blogs.hoy.es\/dicestudemili\/wp-json\/wp\/v2\/users\/52"}],"replies":[{"embeddable":true,"href":"https:\/\/blogs.hoy.es\/dicestudemili\/wp-json\/wp\/v2\/comments?post=697"}],"version-history":[{"count":0,"href":"https:\/\/blogs.hoy.es\/dicestudemili\/wp-json\/wp\/v2\/posts\/697\/revisions"}],"wp:attachment":[{"href":"https:\/\/blogs.hoy.es\/dicestudemili\/wp-json\/wp\/v2\/media?parent=697"}],"wp:term":[{"taxonomy":"category","embeddable":true,"href":"https:\/\/blogs.hoy.es\/dicestudemili\/wp-json\/wp\/v2\/categories?post=697"},{"taxonomy":"post_tag","embeddable":true,"href":"https:\/\/blogs.hoy.es\/dicestudemili\/wp-json\/wp\/v2\/tags?post=697"}],"curies":[{"name":"wp","href":"https:\/\/api.w.org\/{rel}","templated":true}]}}