{"id":706,"date":"2013-02-08T07:15:56","date_gmt":"2013-02-08T07:15:56","guid":{"rendered":"http:\/\/blogs.hoy.es\/dicestudemili\/?p=706"},"modified":"2013-02-08T07:15:56","modified_gmt":"2013-02-08T07:15:56","slug":"1983-2-la-plantilla-de-tenientes-del-cir","status":"publish","type":"post","link":"https:\/\/blogs.hoy.es\/dicestudemili\/2013\/02\/08\/1983-2-la-plantilla-de-tenientes-del-cir\/","title":{"rendered":"1983 (2) : La plantilla de tenientes y otro rumor de desaparici\u00f3n"},"content":{"rendered":"<div id=\"attachment_707\" style=\"width: 664px\" class=\"wp-caption aligncenter\"><a href=\"\/dicestudemili\/wp-content\/uploads\/sites\/57\/2013\/02\/1983.-CACERES.-PLANTILLA-DE-TENIENTES-DESTINADOS-EN-EL-CIR-3.jpg\"><img aria-describedby=\"caption-attachment-707\" loading=\"lazy\" class=\"size-full wp-image-707\" title=\"Tenientes en el interior del Campamento Santa Ana en 1983.\" src=\"\/dicestudemili\/wp-content\/uploads\/sites\/57\/2013\/02\/1983.-CACERES.-PLANTILLA-DE-TENIENTES-DESTINADOS-EN-EL-CIR-3.jpg\" alt=\"Tenientes en el interior del Campamento Santa Ana en 1983.\" width=\"654\" height=\"494\" srcset=\"https:\/\/static-blogs.hoy.es\/wp-content\/uploads\/sites\/57\/2013\/02\/1983.-CACERES.-PLANTILLA-DE-TENIENTES-DESTINADOS-EN-EL-CIR-3.jpg 654w, https:\/\/static-blogs.hoy.es\/wp-content\/uploads\/sites\/57\/2013\/02\/1983.-CACERES.-PLANTILLA-DE-TENIENTES-DESTINADOS-EN-EL-CIR-3-300x227.jpg 300w\" sizes=\"(max-width: 654px) 100vw, 654px\" \/><\/a><p id=\"caption-attachment-707\" class=\"wp-caption-text\">Tenientes en el interior del Campamento Santa Ana en 1983.<\/p><\/div>\n<p>&nbsp;<\/p>\n<p>La imagen superior, cedida por el <strong>Cefot<\/strong>, muestra a la plantilla de los tenientes destinados en el Centro de Instrucci\u00f3n de C\u00e1ceres en 1983. La publicamos aqu\u00ed esperando que alg\u00fan lector que lo sepa, nos pueda facilitar los nombres de los militares que posan en el interior del Campamento Santa Ana.<\/p>\n<p>Si en el a\u00f1o <strong>1978<\/strong> se produjo el primer rumor sobre el cierre del CIR cacere\u00f1o, cinco a\u00f1os despu\u00e9s surge el segundo. En 1983, el <strong>3 de octubre<\/strong>, HOY publicaba este titular: &#8220;Esperanzas de que el CIR no desaparezca&#8221;. Se indicaba en la noticia que hab\u00eda el rumor de que el Centro de Instrucci\u00f3n se desmantelaba, &#8220;<em>para ceder sus instalaciones a determinadas unidades de la <strong>Brigada Brunete n\u00famero 1<\/strong>, actualmente acuartelada en los alrededores de Madrid<\/em>&#8220;. El <strong><em>capit\u00e1n general de la Primera Regi\u00f3n Militar, Jos\u00e9 Mar\u00eda S\u00e1enz de Tejada y Fern\u00e1ndez de Bobadilla<\/em><\/strong>, acudi\u00f3 a C\u00e1ceres el 2 de octubre, para presidir la jura de bandera de 2.151 reclutas, desmintiendo en parte los rumores, &#8220;<em>Creo que la ciudad de C\u00e1ceres puede estar tranquila, porque la infraestructura que se ha conseguido en este CIR es esencial para mantener un Centro de Instrucci\u00f3n de Reclutas<\/em>&#8220;, dijo a HOY.<\/p>\n<p>&nbsp;<\/p>\n<div id=\"attachment_709\" style=\"width: 465px\" class=\"wp-caption aligncenter\"><a href=\"\/dicestudemili\/wp-content\/uploads\/sites\/57\/2013\/02\/1983octubre-copia.jpg\"><img aria-describedby=\"caption-attachment-709\" loading=\"lazy\" class=\" wp-image-709 \" title=\"Noticia publicada en HOY el 3 de octubre de 1983.\" src=\"\/dicestudemili\/wp-content\/uploads\/sites\/57\/2013\/02\/1983octubre-copia.jpg\" alt=\"Noticia publicada en HOY el 3 de octubre de 1983.\" width=\"455\" height=\"573\" srcset=\"https:\/\/static-blogs.hoy.es\/wp-content\/uploads\/sites\/57\/2013\/02\/1983octubre-copia.jpg 455w, https:\/\/static-blogs.hoy.es\/wp-content\/uploads\/sites\/57\/2013\/02\/1983octubre-copia-238x300.jpg 238w\" sizes=\"(max-width: 455px) 100vw, 455px\" \/><\/a><p id=\"caption-attachment-709\" class=\"wp-caption-text\">Noticia publicada en HOY el 3 de octubre de 1983.<\/p><\/div>\n<p>&nbsp;<\/p>\n<p>Unos d\u00edas despu\u00e9s, el 5 de octubre, se publicaba que en la Jura de Bandera del d\u00eda 2, el nuevo alcalde de C\u00e1ceres, <strong>Juan Iglesias Marcelo,<\/strong> hab\u00eda hablado con el capit\u00e1n general de la Primera Regi\u00f3n Militar, indic\u00e1ndole \u00e9ste su compromiso personal de mantener el CIR en C\u00e1ceres. El periodista de HOY conclu\u00eda as\u00ed su informaci\u00f3n: &#8220;<em>Estimando que el CIR en C\u00e1ceres es una verdadera &#8216;industria&#8217; que da de comer a mucha gente, y que adem\u00e1s da prestigio a nuestra ciudad, cuyo nombre &#8211; C\u00e1ceres &#8211; significa campamento, hemos de esperar no se materialicen esos rumores<\/em>&#8220;.<\/p>\n<p>Mientras tanto, en <strong>Badajoz<\/strong> se aseguraba que habr\u00eda un CIR y en <strong>Plasencia<\/strong> se anunciaba la marcha de militares destinados en la ciudad. El senador de AP <strong>Juan Francisco Serrano Pino<\/strong>, advert\u00eda que hab\u00eda preguntado en el Senado sobre los acuartelamientos de C\u00e1ceres y Plasencia. En la contestaci\u00f3n se indicaba que el <strong>Regimiento de \u00d3rdenes Militares n\u00famero 37<\/strong>, de guarnici\u00f3n en Plasencia, \u00a0iba a desaparecer. Sobre el CIR de C\u00e1ceres el Gobierno afirmaba que era una instalaci\u00f3n, &#8220;<em>cuyo destino no est\u00e1 decidido, por ahora<\/em>&#8220;.<\/p>\n<p>En el mes de agosto el nombre del CIR de C\u00e1ceres se vinculaba con una noticia triste, ya que hab\u00eda fallecido en accidente de tr\u00e1fico, el <strong>5 de agosto<\/strong>, el <strong>cabo de primera Alfonso Casco Barco<\/strong>, de 20 a\u00f1os, destinado en C\u00e1ceres. El militar conduc\u00eda una motocicleta Bultaco, con matr\u00edcula de C\u00e1ceres, que colision\u00f3 frontalmente con un Seat Panda con matr\u00edcula de Sevilla, en el kil\u00f3metro 217 de la carretera nacional 630. Ocurri\u00f3 a las seis de la tarde, el motorista fue trasladado al <strong>Hospital Provincial<\/strong> de C\u00e1ceres donde falleci\u00f3.<\/p>\n<p><span style=\"font-size: 13px;\">\u00a0<\/span><\/p>\n<p>&nbsp;<\/p>\n<p>&nbsp;<\/p>\n<!-- AddThis Advanced Settings generic via filter on the_content --><!-- AddThis Share Buttons generic via filter on the_content -->","protected":false},"excerpt":{"rendered":"<p>&nbsp; La imagen superior, cedida por el Cefot, muestra a la plantilla de los tenientes destinados en el Centro de Instrucci\u00f3n de C\u00e1ceres en 1983. La publicamos aqu\u00ed esperando que alg\u00fan lector que lo sepa, nos pueda facilitar los nombres de los militares que posan en el interior del Campamento Santa Ana. Si en el [&hellip;]<!-- AddThis Advanced Settings generic via filter on get_the_excerpt --><!-- AddThis Share Buttons generic via filter on get_the_excerpt --><\/p>\n","protected":false},"author":52,"featured_media":0,"comment_status":"open","ping_status":"closed","sticky":false,"template":"","format":"standard","meta":[],"categories":[3],"tags":[147,170,240,726,728,973,1084,1085,1087,1088,1089,1122,1127,1129],"_links":{"self":[{"href":"https:\/\/blogs.hoy.es\/dicestudemili\/wp-json\/wp\/v2\/posts\/706"}],"collection":[{"href":"https:\/\/blogs.hoy.es\/dicestudemili\/wp-json\/wp\/v2\/posts"}],"about":[{"href":"https:\/\/blogs.hoy.es\/dicestudemili\/wp-json\/wp\/v2\/types\/post"}],"author":[{"embeddable":true,"href":"https:\/\/blogs.hoy.es\/dicestudemili\/wp-json\/wp\/v2\/users\/52"}],"replies":[{"embeddable":true,"href":"https:\/\/blogs.hoy.es\/dicestudemili\/wp-json\/wp\/v2\/comments?post=706"}],"version-history":[{"count":0,"href":"https:\/\/blogs.hoy.es\/dicestudemili\/wp-json\/wp\/v2\/posts\/706\/revisions"}],"wp:attachment":[{"href":"https:\/\/blogs.hoy.es\/dicestudemili\/wp-json\/wp\/v2\/media?parent=706"}],"wp:term":[{"taxonomy":"category","embeddable":true,"href":"https:\/\/blogs.hoy.es\/dicestudemili\/wp-json\/wp\/v2\/categories?post=706"},{"taxonomy":"post_tag","embeddable":true,"href":"https:\/\/blogs.hoy.es\/dicestudemili\/wp-json\/wp\/v2\/tags?post=706"}],"curies":[{"name":"wp","href":"https:\/\/api.w.org\/{rel}","templated":true}]}}